{"id":2755,"date":"2024-12-06T11:46:11","date_gmt":"2024-12-06T11:46:11","guid":{"rendered":"https:\/\/altisk-mlak.edu.hu\/?p=2755"},"modified":"2024-12-06T12:31:32","modified_gmt":"2024-12-06T12:31:32","slug":"iskolamise-adventi-varakozasban","status":"publish","type":"post","link":"https:\/\/altisk-mlak.edu.hu\/index.php\/iskolamise-adventi-varakozasban\/","title":{"rendered":"Iskolamise adventi v\u00e1rakoz\u00e1sban"},"content":{"rendered":"<p align=\"justify\"><span lang=\"hu-HU\">2024-ben \u00e9ppen december 1-re esett advent els\u0151 vas\u00e1rnapja, \u00edgy a k\u00f6vetkez\u0151 h\u00e9tf\u0151 reggel gy\u00fajtottuk meg iskol\u00e1nkban az adventi koszor\u00fa els\u0151 gyerty\u00e1j\u00e1t. A kis liturgi\u00e1t a gyertyagy\u00fajt\u00e1s gregori\u00e1n \u00e9nek\u00e9nek els\u0151 versszak\u00e1val kezdt\u00fck. Gyula atya bevezet\u0151 szavaiban arr\u00f3l besz\u00e9lt, hogy az <\/span><span lang=\"hu-HU\"><i>advent<\/i><\/span><span lang=\"hu-HU\"> sz\u00f3 <\/span><span lang=\"hu-HU\"><i>elj\u00f6vetelt<\/i><\/span><span lang=\"hu-HU\"> jelent &#8211; a Megv\u00e1lt\u00f3 elj\u00f6vetel\u00e9t. A reggeli hom\u00e1lyban meggy\u00fajtott gyertya gy\u00f6nge f\u00e9nye a kar\u00e1csony ragyog\u00e1s\u00e1nak kis kezdem\u00e9nye, amit az \u00dar J\u00e9zus sz\u00fclet\u00e9se hoz el nek\u00fcnk. V\u00e9gezet\u00fcl a Vid\u00e1m Angyalok k\u00f3rusa \u00e9nek\u00e9vel az angyali \u00fcdv\u00f6zlet jelenet\u00e9t eleven\u00edtette fel nek\u00fcnk. <\/span><\/p>\n<table style=\"border-collapse: collapse; width: 100%;\">\n<tbody>\n<tr>\n<td style=\"width: 50%;\"><img fetchpriority=\"high\" decoding=\"async\" class=\"aligncenter wp-image-2759 size-large\" src=\"https:\/\/altisk-mlak.edu.hu\/wp-content\/uploads\/2024\/12\/IMG_5916-scaled-e1733485464190-1024x927.jpg\" alt=\"\" width=\"604\" height=\"547\" srcset=\"https:\/\/altisk-mlak.edu.hu\/wp-content\/uploads\/2024\/12\/IMG_5916-scaled-e1733485464190-1024x927.jpg 1024w, https:\/\/altisk-mlak.edu.hu\/wp-content\/uploads\/2024\/12\/IMG_5916-scaled-e1733485464190-300x272.jpg 300w, https:\/\/altisk-mlak.edu.hu\/wp-content\/uploads\/2024\/12\/IMG_5916-scaled-e1733485464190-768x695.jpg 768w, https:\/\/altisk-mlak.edu.hu\/wp-content\/uploads\/2024\/12\/IMG_5916-scaled-e1733485464190-1536x1391.jpg 1536w, https:\/\/altisk-mlak.edu.hu\/wp-content\/uploads\/2024\/12\/IMG_5916-scaled-e1733485464190-600x543.jpg 600w, https:\/\/altisk-mlak.edu.hu\/wp-content\/uploads\/2024\/12\/IMG_5916-scaled-e1733485464190.jpg 1640w\" sizes=\"(max-width: 604px) 100vw, 604px\" \/><\/td>\n<td style=\"width: 50%;\"><img decoding=\"async\" class=\"aligncenter size-large wp-image-2760\" src=\"https:\/\/altisk-mlak.edu.hu\/wp-content\/uploads\/2024\/12\/IMG_5917-1024x913.jpg\" alt=\"\" width=\"604\" height=\"539\" srcset=\"https:\/\/altisk-mlak.edu.hu\/wp-content\/uploads\/2024\/12\/IMG_5917-1024x913.jpg 1024w, https:\/\/altisk-mlak.edu.hu\/wp-content\/uploads\/2024\/12\/IMG_5917-300x268.jpg 300w, https:\/\/altisk-mlak.edu.hu\/wp-content\/uploads\/2024\/12\/IMG_5917-768x685.jpg 768w, https:\/\/altisk-mlak.edu.hu\/wp-content\/uploads\/2024\/12\/IMG_5917-1536x1370.jpg 1536w, https:\/\/altisk-mlak.edu.hu\/wp-content\/uploads\/2024\/12\/IMG_5917-2048x1826.jpg 2048w, https:\/\/altisk-mlak.edu.hu\/wp-content\/uploads\/2024\/12\/IMG_5917-600x535.jpg 600w\" sizes=\"(max-width: 604px) 100vw, 604px\" \/><\/td>\n<\/tr>\n<\/tbody>\n<\/table>\n<p align=\"justify\"><span lang=\"hu-HU\">Ugyanennek a napnak d\u00e9lut\u00e1nj\u00e1n gy\u0171lt\u00fcnk \u00f6ssze a decemberi iskolamis\u00e9nkre. Az olt\u00e1ron f\u00e9nylett a reggel meggy\u00fajtott adventi koszor\u00fa els\u0151 gyerty\u00e1ja is. A szentmis\u00e9t az \u00d3 j\u00f6jj, \u00f3 j\u00f6jj \u00dcdv\u00f6z\u00edt\u0151\u2026 kezdet\u0171 adventi \u00e9nekkel kezdt\u00fck. Az olvasm\u00e1nyt, a v\u00e1laszos zsolt\u00e1rt \u00e9s az alleluj\u00e1t Mesits Patr\u00edcia 7. oszt\u00e1lyos tanul\u00f3 olvasta fel. Gyula atya pr\u00e9dik\u00e1ci\u00f3j\u00e1ban arr\u00f3l besz\u00e9lt, hogy v\u00e1rakozni j\u00f3. Amikor valamit m\u00e1r nagyon v\u00e1runk, \u00fagy enyh\u00edthetj\u00fck t\u00fcrelmetlens\u00e9g\u00fcnket, azzal el\u0151legezhetj\u00fck meg a v\u00e1rt dolgot, hogy k\u00e9sz\u00fcl\u0151d\u00fcnk r\u00e1. A k\u00e9sz\u00fcl\u0151d\u00e9sben m\u00e1r benne vagyunk a v\u00e1rva v\u00e1rt dologban, m\u00e1r \u00e1thidaljuk a v\u00e1rakoz\u00e1s neh\u00e9z idej\u00e9t. A szent\u00e1ldoz\u00e1s alatt a J\u00e9zus, neved oly csod\u00e1latos\u2026c. \u00e9neket \u00e9nekelt\u00fck. A gyerekek odaad\u00f3 figyelemmel \u00e9s \u00f6nfeledt fegyelemmel vettek r\u00e9szt a szentmis\u00e9n \u00e1tadva magukat a kar\u00e1csonyt megel\u0151legez\u0151 adventi v\u00e1rakoz\u00e1s \u00f6r\u00f6m\u00e9nek. <\/span><\/p>\n<table style=\"border-collapse: collapse; width: 100%;\">\n<tbody>\n<tr>\n<td style=\"width: 50%;\"><img decoding=\"async\" class=\"aligncenter wp-image-2761 size-large\" src=\"https:\/\/altisk-mlak.edu.hu\/wp-content\/uploads\/2024\/12\/IMG_5912-scaled-e1733485534853-797x1024.jpg\" alt=\"\" width=\"604\" height=\"776\" srcset=\"https:\/\/altisk-mlak.edu.hu\/wp-content\/uploads\/2024\/12\/IMG_5912-scaled-e1733485534853-797x1024.jpg 797w, https:\/\/altisk-mlak.edu.hu\/wp-content\/uploads\/2024\/12\/IMG_5912-scaled-e1733485534853-233x300.jpg 233w, https:\/\/altisk-mlak.edu.hu\/wp-content\/uploads\/2024\/12\/IMG_5912-scaled-e1733485534853-768x987.jpg 768w, https:\/\/altisk-mlak.edu.hu\/wp-content\/uploads\/2024\/12\/IMG_5912-scaled-e1733485534853-1195x1536.jpg 1195w, https:\/\/altisk-mlak.edu.hu\/wp-content\/uploads\/2024\/12\/IMG_5912-scaled-e1733485534853-1593x2048.jpg 1593w, https:\/\/altisk-mlak.edu.hu\/wp-content\/uploads\/2024\/12\/IMG_5912-scaled-e1733485534853-467x600.jpg 467w, https:\/\/altisk-mlak.edu.hu\/wp-content\/uploads\/2024\/12\/IMG_5912-scaled-e1733485534853.jpg 1693w\" sizes=\"(max-width: 604px) 100vw, 604px\" \/><\/td>\n<td style=\"width: 50%;\"><img loading=\"lazy\" decoding=\"async\" class=\"aligncenter wp-image-2758 size-large\" src=\"https:\/\/altisk-mlak.edu.hu\/wp-content\/uploads\/2024\/12\/IMG_5914-scaled-e1733485564404-817x1024.jpg\" alt=\"\" width=\"604\" height=\"757\" srcset=\"https:\/\/altisk-mlak.edu.hu\/wp-content\/uploads\/2024\/12\/IMG_5914-scaled-e1733485564404-817x1024.jpg 817w, https:\/\/altisk-mlak.edu.hu\/wp-content\/uploads\/2024\/12\/IMG_5914-scaled-e1733485564404-239x300.jpg 239w, https:\/\/altisk-mlak.edu.hu\/wp-content\/uploads\/2024\/12\/IMG_5914-scaled-e1733485564404-768x962.jpg 768w, https:\/\/altisk-mlak.edu.hu\/wp-content\/uploads\/2024\/12\/IMG_5914-scaled-e1733485564404-1226x1536.jpg 1226w, https:\/\/altisk-mlak.edu.hu\/wp-content\/uploads\/2024\/12\/IMG_5914-scaled-e1733485564404-1634x2048.jpg 1634w, https:\/\/altisk-mlak.edu.hu\/wp-content\/uploads\/2024\/12\/IMG_5914-scaled-e1733485564404-479x600.jpg 479w, https:\/\/altisk-mlak.edu.hu\/wp-content\/uploads\/2024\/12\/IMG_5914-scaled-e1733485564404.jpg 1920w\" sizes=\"(max-width: 604px) 100vw, 604px\" \/><\/td>\n<\/tr>\n<\/tbody>\n<\/table>\n<p align=\"justify\">\n","protected":false},"excerpt":{"rendered":"<p>2024-ben \u00e9ppen december 1-re esett advent els\u0151 vas\u00e1rnapja, \u00edgy a k\u00f6vetkez\u0151 h\u00e9tf\u0151 reggel gy\u00fajtottuk meg iskol\u00e1nkban az adventi koszor\u00fa els\u0151 gyerty\u00e1j\u00e1t. A kis liturgi\u00e1t a gyertyagy\u00fajt\u00e1s gregori\u00e1n \u00e9nek\u00e9nek els\u0151 versszak\u00e1val kezdt\u00fck. Gyula<a class=\"moretag\" href=\"https:\/\/altisk-mlak.edu.hu\/index.php\/iskolamise-adventi-varakozasban\/\">Read More&#8230;<\/a><\/p>\n","protected":false},"author":3,"featured_media":0,"comment_status":"closed","ping_status":"closed","sticky":false,"template":"","format":"standard","meta":{"two_page_speed":[],"footnotes":""},"categories":[1],"tags":[],"class_list":["post-2755","post","type-post","status-publish","format-standard","hentry","category-egyeb"],"_links":{"self":[{"href":"https:\/\/altisk-mlak.edu.hu\/index.php\/wp-json\/wp\/v2\/posts\/2755","targetHints":{"allow":["GET"]}}],"collection":[{"href":"https:\/\/altisk-mlak.edu.hu\/index.php\/wp-json\/wp\/v2\/posts"}],"about":[{"href":"https:\/\/altisk-mlak.edu.hu\/index.php\/wp-json\/wp\/v2\/types\/post"}],"author":[{"embeddable":true,"href":"https:\/\/altisk-mlak.edu.hu\/index.php\/wp-json\/wp\/v2\/users\/3"}],"replies":[{"embeddable":true,"href":"https:\/\/altisk-mlak.edu.hu\/index.php\/wp-json\/wp\/v2\/comments?post=2755"}],"version-history":[{"count":2,"href":"https:\/\/altisk-mlak.edu.hu\/index.php\/wp-json\/wp\/v2\/posts\/2755\/revisions"}],"predecessor-version":[{"id":2763,"href":"https:\/\/altisk-mlak.edu.hu\/index.php\/wp-json\/wp\/v2\/posts\/2755\/revisions\/2763"}],"wp:attachment":[{"href":"https:\/\/altisk-mlak.edu.hu\/index.php\/wp-json\/wp\/v2\/media?parent=2755"}],"wp:term":[{"taxonomy":"category","embeddable":true,"href":"https:\/\/altisk-mlak.edu.hu\/index.php\/wp-json\/wp\/v2\/categories?post=2755"},{"taxonomy":"post_tag","embeddable":true,"href":"https:\/\/altisk-mlak.edu.hu\/index.php\/wp-json\/wp\/v2\/tags?post=2755"}],"curies":[{"name":"wp","href":"https:\/\/api.w.org\/{rel}","templated":true}]}}