{"id":2787,"date":"2024-12-09T07:27:50","date_gmt":"2024-12-09T07:27:50","guid":{"rendered":"https:\/\/altisk-mlak.edu.hu\/?p=2787"},"modified":"2024-12-09T07:27:50","modified_gmt":"2024-12-09T07:27:50","slug":"advent-kormenden","status":"publish","type":"post","link":"https:\/\/altisk-mlak.edu.hu\/index.php\/advent-kormenden\/","title":{"rendered":"Advent K\u00f6rmenden"},"content":{"rendered":"<p align=\"justify\"><span style=\"font-size: large;\"><img fetchpriority=\"high\" decoding=\"async\" class=\"alignright size-medium wp-image-2790\" src=\"https:\/\/altisk-mlak.edu.hu\/wp-content\/uploads\/2024\/12\/FB_IMG_1733516781718-255x300.jpg\" alt=\"\" width=\"255\" height=\"300\" srcset=\"https:\/\/altisk-mlak.edu.hu\/wp-content\/uploads\/2024\/12\/FB_IMG_1733516781718-255x300.jpg 255w, https:\/\/altisk-mlak.edu.hu\/wp-content\/uploads\/2024\/12\/FB_IMG_1733516781718-869x1024.jpg 869w, https:\/\/altisk-mlak.edu.hu\/wp-content\/uploads\/2024\/12\/FB_IMG_1733516781718-768x905.jpg 768w, https:\/\/altisk-mlak.edu.hu\/wp-content\/uploads\/2024\/12\/FB_IMG_1733516781718-509x600.jpg 509w, https:\/\/altisk-mlak.edu.hu\/wp-content\/uploads\/2024\/12\/FB_IMG_1733516781718.jpg 1080w\" sizes=\"(max-width: 255px) 100vw, 255px\" \/>Iskol\u00e1nkban m\u00e1r hagyom\u00e1nny\u00e1 v\u00e1lt, hogy decemberben az iskola k\u00f6z\u00f6ss\u00e9ge ell\u00e1togat egy-egy nagyobb v\u00e1ros adventi forgatag\u00e1ba. J\u00e1rtunk m\u00e1r Szombathelyen, Gy\u0151rben, az id\u00e9n a gazdag programokat k\u00edn\u00e1l\u00f3 K\u00f6rmendre esett v\u00e1laszt\u00e1sunk. Minden iskol\u00e1s izgatottan v\u00e1rta a kir\u00e1ndul\u00e1s napj\u00e1t, j\u00f3val a kit\u0171z\u00f6tt indul\u00e1si id\u0151 el\u0151tt, meleg ruh\u00e1kba \u00f6lt\u00f6zve, fegyelmezetten sorakoztak, hogy \u00fatra kelj\u00fcnk. Amikor meg\u00e9rkezett aut\u00f3buszunk az \u00fatic\u00e9lhoz, m\u00e1r l\u00e1ttuk, hogy nem egy \u00e1tlagos d\u00e9lut\u00e1nr\u00f3l van sz\u00f3: nagyon sokan tartottak a belv\u00e1ros ir\u00e1ny\u00e1ba. Az \u00e1rusokn\u00e1l hossz\u00fa sorokban, m\u00e9gis mosolyg\u00f3san v\u00e1rakoztak az emberek, a f\u0171szeres t\u00e9li italok illata messzire sz\u00e1llt a F\u0151 t\u00e9ren. El\u0151sz\u00f6r a t\u00e9r d\u00edszeit vett\u00fck szem\u00fcgyre, k\u00f6zben meg\u00e9rkezett a lappf\u00f6ldi Mikul\u00e1s is. A hosszasan k\u00edgy\u00f3z\u00f3 sorba nem siker\u00fclt be\u00e1llni, de nagyon k\u00f6zelr\u0151l meg tudtuk csod\u00e1lni a kedves nagyszak\u00e1ll\u00fat.<img decoding=\"async\" class=\"alignleft size-medium wp-image-2788\" src=\"https:\/\/altisk-mlak.edu.hu\/wp-content\/uploads\/2024\/12\/FB_IMG_1733516809063-262x300.jpg\" alt=\"\" width=\"262\" height=\"300\" srcset=\"https:\/\/altisk-mlak.edu.hu\/wp-content\/uploads\/2024\/12\/FB_IMG_1733516809063-262x300.jpg 262w, https:\/\/altisk-mlak.edu.hu\/wp-content\/uploads\/2024\/12\/FB_IMG_1733516809063-893x1024.jpg 893w, https:\/\/altisk-mlak.edu.hu\/wp-content\/uploads\/2024\/12\/FB_IMG_1733516809063-768x880.jpg 768w, https:\/\/altisk-mlak.edu.hu\/wp-content\/uploads\/2024\/12\/FB_IMG_1733516809063-523x600.jpg 523w, https:\/\/altisk-mlak.edu.hu\/wp-content\/uploads\/2024\/12\/FB_IMG_1733516809063.jpg 1080w\" sizes=\"(max-width: 262px) 100vw, 262px\" \/> A f\u00e9nyf\u00fcz\u00e9rekkel \u00e9s l\u00e1tv\u00e1nyelemekkel \u00fcnnepi d\u00edszbe \u00f6lt\u00f6z\u00f6tt kast\u00e9lyudvaron \u00e9s ki\u00e1ll\u00edt\u00f3teremben megtekintett\u00fck a k\u00e1pr\u00e1zatos Meseh\u00e1z ki\u00e1ll\u00edt\u00e1st. A mesevil\u00e1g l\u00e1tv\u00e1nyoss\u00e1gain\u00e1l, a v\u00e1ros kar\u00e1csonyf\u00e1j\u00e1n\u00e1l, a k\u00f6zt\u00e9ri Betlehemn\u00e9l, a r\u00e9nszarvas-sz\u00e1nn\u00e1l, a csodasz\u00e9p adventi koszor\u00fan\u00e1l fot\u00f3kat \u00e9s szelfiket k\u00e9sz\u00edtett\u00fcnk. A legb\u00e1trabbak fel\u00fcltek a sz\u00ednes f\u00e9nyekben pomp\u00e1z\u00f3 \u00f3ri\u00e1sker\u00e9kre, ahol mad\u00e1rt\u00e1vlatb\u00f3l megcsod\u00e1lhatt\u00e1k a v\u00e1ros nevezetess\u00e9geit. Igazi adventi hangulatban telt a d\u00e9lut\u00e1n \u00e9s az este.<\/span><\/p>\n<table style=\"border-collapse: collapse; width: 100%;\">\n<tbody>\n<tr>\n<td style=\"width: 33.3333%;\"><img decoding=\"async\" class=\"aligncenter size-medium wp-image-2792\" src=\"https:\/\/altisk-mlak.edu.hu\/wp-content\/uploads\/2024\/12\/FB_IMG_1733516803730-300x225.jpg\" alt=\"\" width=\"300\" height=\"225\" srcset=\"https:\/\/altisk-mlak.edu.hu\/wp-content\/uploads\/2024\/12\/FB_IMG_1733516803730-300x225.jpg 300w, https:\/\/altisk-mlak.edu.hu\/wp-content\/uploads\/2024\/12\/FB_IMG_1733516803730-1024x768.jpg 1024w, https:\/\/altisk-mlak.edu.hu\/wp-content\/uploads\/2024\/12\/FB_IMG_1733516803730-768x576.jpg 768w, https:\/\/altisk-mlak.edu.hu\/wp-content\/uploads\/2024\/12\/FB_IMG_1733516803730-600x450.jpg 600w, https:\/\/altisk-mlak.edu.hu\/wp-content\/uploads\/2024\/12\/FB_IMG_1733516803730.jpg 1080w\" sizes=\"(max-width: 300px) 100vw, 300px\" \/><\/td>\n<td style=\"width: 33.3333%;\"><img loading=\"lazy\" decoding=\"async\" class=\"aligncenter wp-image-2791 size-medium\" src=\"https:\/\/altisk-mlak.edu.hu\/wp-content\/uploads\/2024\/12\/FB_IMG_1733516680312-e1733729217660-300x208.jpg\" alt=\"\" width=\"300\" height=\"208\" srcset=\"https:\/\/altisk-mlak.edu.hu\/wp-content\/uploads\/2024\/12\/FB_IMG_1733516680312-e1733729217660-300x208.jpg 300w, https:\/\/altisk-mlak.edu.hu\/wp-content\/uploads\/2024\/12\/FB_IMG_1733516680312-e1733729217660-1024x711.jpg 1024w, https:\/\/altisk-mlak.edu.hu\/wp-content\/uploads\/2024\/12\/FB_IMG_1733516680312-e1733729217660-768x533.jpg 768w, https:\/\/altisk-mlak.edu.hu\/wp-content\/uploads\/2024\/12\/FB_IMG_1733516680312-e1733729217660-600x417.jpg 600w, https:\/\/altisk-mlak.edu.hu\/wp-content\/uploads\/2024\/12\/FB_IMG_1733516680312-e1733729217660.jpg 1080w\" sizes=\"(max-width: 300px) 100vw, 300px\" \/><\/td>\n<td style=\"width: 33.3333%;\"><img loading=\"lazy\" decoding=\"async\" class=\"aligncenter wp-image-2789 size-medium\" src=\"https:\/\/altisk-mlak.edu.hu\/wp-content\/uploads\/2024\/12\/FB_IMG_1733516832243-e1733729258721-300x219.jpg\" alt=\"\" width=\"300\" height=\"219\" srcset=\"https:\/\/altisk-mlak.edu.hu\/wp-content\/uploads\/2024\/12\/FB_IMG_1733516832243-e1733729258721-300x219.jpg 300w, https:\/\/altisk-mlak.edu.hu\/wp-content\/uploads\/2024\/12\/FB_IMG_1733516832243-e1733729258721-1024x746.jpg 1024w, https:\/\/altisk-mlak.edu.hu\/wp-content\/uploads\/2024\/12\/FB_IMG_1733516832243-e1733729258721-768x560.jpg 768w, https:\/\/altisk-mlak.edu.hu\/wp-content\/uploads\/2024\/12\/FB_IMG_1733516832243-e1733729258721-600x437.jpg 600w, https:\/\/altisk-mlak.edu.hu\/wp-content\/uploads\/2024\/12\/FB_IMG_1733516832243-e1733729258721.jpg 1080w\" sizes=\"(max-width: 300px) 100vw, 300px\" \/><\/td>\n<\/tr>\n<\/tbody>\n<\/table>\n<p align=\"justify\"><span style=\"font-size: large;\">Kicsit hossz\u00fara sikeredett a napunk, de ezt cseppet sem b\u00e1ntunk, mert \u00e9lm\u00e9nyekkel gazdagon t\u00e9rt\u00fcnk haza. H\u00e1l\u00e1san k\u00f6sz\u00f6nj\u00fck az Egy\u00fctt a Gyermekek\u00e9rt K\u00f6zalap\u00edtv\u00e1ny \u00e9s a SZJA 1%-ot felaj\u00e1nl\u00f3k t\u00e1mogat\u00e1s\u00e1t! <\/span><\/p>\n<p style=\"text-align: right;\"><em><span style=\"font-size: large;\">Mezein\u00e9 Kiss Katalin<\/span><\/em><\/p>\n","protected":false},"excerpt":{"rendered":"<p>Iskol\u00e1nkban m\u00e1r hagyom\u00e1nny\u00e1 v\u00e1lt, hogy decemberben az iskola k\u00f6z\u00f6ss\u00e9ge ell\u00e1togat egy-egy nagyobb v\u00e1ros adventi forgatag\u00e1ba. J\u00e1rtunk m\u00e1r Szombathelyen, Gy\u0151rben, az id\u00e9n a gazdag programokat k\u00edn\u00e1l\u00f3 K\u00f6rmendre esett v\u00e1laszt\u00e1sunk. Minden iskol\u00e1s izgatottan v\u00e1rta<a class=\"moretag\" href=\"https:\/\/altisk-mlak.edu.hu\/index.php\/advent-kormenden\/\">Read More&#8230;<\/a><\/p>\n","protected":false},"author":3,"featured_media":0,"comment_status":"closed","ping_status":"closed","sticky":false,"template":"","format":"standard","meta":{"two_page_speed":[],"footnotes":""},"categories":[1],"tags":[],"class_list":["post-2787","post","type-post","status-publish","format-standard","hentry","category-egyeb"],"_links":{"self":[{"href":"https:\/\/altisk-mlak.edu.hu\/index.php\/wp-json\/wp\/v2\/posts\/2787","targetHints":{"allow":["GET"]}}],"collection":[{"href":"https:\/\/altisk-mlak.edu.hu\/index.php\/wp-json\/wp\/v2\/posts"}],"about":[{"href":"https:\/\/altisk-mlak.edu.hu\/index.php\/wp-json\/wp\/v2\/types\/post"}],"author":[{"embeddable":true,"href":"https:\/\/altisk-mlak.edu.hu\/index.php\/wp-json\/wp\/v2\/users\/3"}],"replies":[{"embeddable":true,"href":"https:\/\/altisk-mlak.edu.hu\/index.php\/wp-json\/wp\/v2\/comments?post=2787"}],"version-history":[{"count":1,"href":"https:\/\/altisk-mlak.edu.hu\/index.php\/wp-json\/wp\/v2\/posts\/2787\/revisions"}],"predecessor-version":[{"id":2793,"href":"https:\/\/altisk-mlak.edu.hu\/index.php\/wp-json\/wp\/v2\/posts\/2787\/revisions\/2793"}],"wp:attachment":[{"href":"https:\/\/altisk-mlak.edu.hu\/index.php\/wp-json\/wp\/v2\/media?parent=2787"}],"wp:term":[{"taxonomy":"category","embeddable":true,"href":"https:\/\/altisk-mlak.edu.hu\/index.php\/wp-json\/wp\/v2\/categories?post=2787"},{"taxonomy":"post_tag","embeddable":true,"href":"https:\/\/altisk-mlak.edu.hu\/index.php\/wp-json\/wp\/v2\/tags?post=2787"}],"curies":[{"name":"wp","href":"https:\/\/api.w.org\/{rel}","templated":true}]}}