{"id":2806,"date":"2024-12-16T08:15:23","date_gmt":"2024-12-16T08:15:23","guid":{"rendered":"https:\/\/altisk-mlak.edu.hu\/?p=2806"},"modified":"2024-12-16T08:15:23","modified_gmt":"2024-12-16T08:15:23","slug":"dr-takacs-gyula-atya-kanonoki-kinevezese","status":"publish","type":"post","link":"https:\/\/altisk-mlak.edu.hu\/index.php\/dr-takacs-gyula-atya-kanonoki-kinevezese\/","title":{"rendered":"Dr. Tak\u00e1cs Gyula atya kanonoki kinevez\u00e9se"},"content":{"rendered":"<p align=\"justify\">Dr. Sz\u00e9kely J\u00e1nos szombathelyi megy\u00e9sp\u00fcsp\u00f6k 2024. december 14-\u00e9n Szombathelyen, a Sarl\u00f3s Boldogasszony Sz\u00e9kesegyh\u00e1zban, a Boldog Brenner J\u00e1nosra eml\u00e9kez\u0151 \u00fcnnepi szentmise keret\u00e9ben Dr. Tak\u00e1cs Gyula pl\u00e9b\u00e1nost, iskolalelk\u00e9szt, p\u00fcsp\u00f6ki referenst a Vasv\u00e1r-Szombathelyi Sz\u00e9kesk\u00e1ptalan kanonok\u00e1v\u00e1 nevezte ki \u00e9s a kanonokok sor\u00e1ba iktatta.<\/p>\n<table style=\"border-collapse: collapse; width: 100%;\">\n<tbody>\n<tr>\n<td style=\"width: 33.3333%;\"><img fetchpriority=\"high\" decoding=\"async\" class=\"aligncenter size-medium wp-image-2807\" src=\"https:\/\/altisk-mlak.edu.hu\/wp-content\/uploads\/2024\/12\/kanonok-1-300x200.jpg\" alt=\"\" width=\"300\" height=\"200\" srcset=\"https:\/\/altisk-mlak.edu.hu\/wp-content\/uploads\/2024\/12\/kanonok-1-300x200.jpg 300w, https:\/\/altisk-mlak.edu.hu\/wp-content\/uploads\/2024\/12\/kanonok-1-768x511.jpg 768w, https:\/\/altisk-mlak.edu.hu\/wp-content\/uploads\/2024\/12\/kanonok-1-600x399.jpg 600w, https:\/\/altisk-mlak.edu.hu\/wp-content\/uploads\/2024\/12\/kanonok-1-272x182.jpg 272w, https:\/\/altisk-mlak.edu.hu\/wp-content\/uploads\/2024\/12\/kanonok-1.jpg 1024w\" sizes=\"(max-width: 300px) 100vw, 300px\" \/><\/td>\n<td style=\"width: 33.3333%;\"><img decoding=\"async\" class=\"aligncenter size-medium wp-image-2808\" src=\"https:\/\/altisk-mlak.edu.hu\/wp-content\/uploads\/2024\/12\/kanonok-2-300x200.jpg\" alt=\"\" width=\"300\" height=\"200\" srcset=\"https:\/\/altisk-mlak.edu.hu\/wp-content\/uploads\/2024\/12\/kanonok-2-300x200.jpg 300w, https:\/\/altisk-mlak.edu.hu\/wp-content\/uploads\/2024\/12\/kanonok-2-768x511.jpg 768w, https:\/\/altisk-mlak.edu.hu\/wp-content\/uploads\/2024\/12\/kanonok-2-600x399.jpg 600w, https:\/\/altisk-mlak.edu.hu\/wp-content\/uploads\/2024\/12\/kanonok-2-272x182.jpg 272w, https:\/\/altisk-mlak.edu.hu\/wp-content\/uploads\/2024\/12\/kanonok-2.jpg 1024w\" sizes=\"(max-width: 300px) 100vw, 300px\" \/><\/td>\n<td style=\"width: 33.3333%;\"><img decoding=\"async\" class=\"aligncenter size-medium wp-image-2809\" src=\"https:\/\/altisk-mlak.edu.hu\/wp-content\/uploads\/2024\/12\/kanonok-3-300x200.jpg\" alt=\"\" width=\"300\" height=\"200\" srcset=\"https:\/\/altisk-mlak.edu.hu\/wp-content\/uploads\/2024\/12\/kanonok-3-300x200.jpg 300w, https:\/\/altisk-mlak.edu.hu\/wp-content\/uploads\/2024\/12\/kanonok-3-768x511.jpg 768w, https:\/\/altisk-mlak.edu.hu\/wp-content\/uploads\/2024\/12\/kanonok-3-600x399.jpg 600w, https:\/\/altisk-mlak.edu.hu\/wp-content\/uploads\/2024\/12\/kanonok-3-272x182.jpg 272w, https:\/\/altisk-mlak.edu.hu\/wp-content\/uploads\/2024\/12\/kanonok-3.jpg 1024w\" sizes=\"(max-width: 300px) 100vw, 300px\" \/><\/td>\n<\/tr>\n<\/tbody>\n<\/table>\n<p align=\"justify\">\n<p align=\"justify\">Gyula atya kimagasl\u00f3 teol\u00f3giai munk\u00e1ss\u00e1g\u00e1\u00e9rt, nagy al\u00e1zattal \u00e9s buzg\u00f3s\u00e1ggal v\u00e9gzett pl\u00e9b\u00e1nosi szolg\u00e1lat\u00e1\u00e9rt, a cs\u00f6r\u00f6tneki templom fel\u00e9p\u00edt\u00e9s\u00e9\u00e9rt, valamint Magyarlak-Cs\u00f6r\u00f6tnek \u00c1ltal\u00e1nos Iskol\u00e1ja k\u00f6z\u00f6ss\u00e9g\u00e9nek lelki gondoz\u00e1s\u00e1\u00e9rt m\u00e9lt\u00e1n \u00e9rdemelte ki a rangos tiszts\u00e9get. Isten \u00e1ld\u00e1s\u00e1t k\u00e9rj\u00fck \u00e9let\u00e9re \u00e9s tov\u00e1bbi tev\u00e9kenys\u00e9g\u00e9re!<\/p>\n<p align=\"justify\"><img loading=\"lazy\" decoding=\"async\" class=\"aligncenter size-medium wp-image-2810\" src=\"https:\/\/altisk-mlak.edu.hu\/wp-content\/uploads\/2024\/12\/kanonok-4-300x200.jpg\" alt=\"\" width=\"300\" height=\"200\" srcset=\"https:\/\/altisk-mlak.edu.hu\/wp-content\/uploads\/2024\/12\/kanonok-4-300x200.jpg 300w, https:\/\/altisk-mlak.edu.hu\/wp-content\/uploads\/2024\/12\/kanonok-4-768x511.jpg 768w, https:\/\/altisk-mlak.edu.hu\/wp-content\/uploads\/2024\/12\/kanonok-4-600x399.jpg 600w, https:\/\/altisk-mlak.edu.hu\/wp-content\/uploads\/2024\/12\/kanonok-4-272x182.jpg 272w, https:\/\/altisk-mlak.edu.hu\/wp-content\/uploads\/2024\/12\/kanonok-4.jpg 1024w\" sizes=\"(max-width: 300px) 100vw, 300px\" \/><\/p>\n","protected":false},"excerpt":{"rendered":"<p>Dr. Sz\u00e9kely J\u00e1nos szombathelyi megy\u00e9sp\u00fcsp\u00f6k 2024. december 14-\u00e9n Szombathelyen, a Sarl\u00f3s Boldogasszony Sz\u00e9kesegyh\u00e1zban, a Boldog Brenner J\u00e1nosra eml\u00e9kez\u0151 \u00fcnnepi szentmise keret\u00e9ben Dr. Tak\u00e1cs Gyula pl\u00e9b\u00e1nost, iskolalelk\u00e9szt, p\u00fcsp\u00f6ki referenst a Vasv\u00e1r-Szombathelyi Sz\u00e9kesk\u00e1ptalan kanonok\u00e1v\u00e1<a class=\"moretag\" href=\"https:\/\/altisk-mlak.edu.hu\/index.php\/dr-takacs-gyula-atya-kanonoki-kinevezese\/\">Read More&#8230;<\/a><\/p>\n","protected":false},"author":3,"featured_media":0,"comment_status":"closed","ping_status":"closed","sticky":false,"template":"","format":"standard","meta":{"two_page_speed":[],"footnotes":""},"categories":[1],"tags":[],"class_list":["post-2806","post","type-post","status-publish","format-standard","hentry","category-egyeb"],"_links":{"self":[{"href":"https:\/\/altisk-mlak.edu.hu\/index.php\/wp-json\/wp\/v2\/posts\/2806","targetHints":{"allow":["GET"]}}],"collection":[{"href":"https:\/\/altisk-mlak.edu.hu\/index.php\/wp-json\/wp\/v2\/posts"}],"about":[{"href":"https:\/\/altisk-mlak.edu.hu\/index.php\/wp-json\/wp\/v2\/types\/post"}],"author":[{"embeddable":true,"href":"https:\/\/altisk-mlak.edu.hu\/index.php\/wp-json\/wp\/v2\/users\/3"}],"replies":[{"embeddable":true,"href":"https:\/\/altisk-mlak.edu.hu\/index.php\/wp-json\/wp\/v2\/comments?post=2806"}],"version-history":[{"count":1,"href":"https:\/\/altisk-mlak.edu.hu\/index.php\/wp-json\/wp\/v2\/posts\/2806\/revisions"}],"predecessor-version":[{"id":2811,"href":"https:\/\/altisk-mlak.edu.hu\/index.php\/wp-json\/wp\/v2\/posts\/2806\/revisions\/2811"}],"wp:attachment":[{"href":"https:\/\/altisk-mlak.edu.hu\/index.php\/wp-json\/wp\/v2\/media?parent=2806"}],"wp:term":[{"taxonomy":"category","embeddable":true,"href":"https:\/\/altisk-mlak.edu.hu\/index.php\/wp-json\/wp\/v2\/categories?post=2806"},{"taxonomy":"post_tag","embeddable":true,"href":"https:\/\/altisk-mlak.edu.hu\/index.php\/wp-json\/wp\/v2\/tags?post=2806"}],"curies":[{"name":"wp","href":"https:\/\/api.w.org\/{rel}","templated":true}]}}