{"id":2812,"date":"2024-12-18T08:01:40","date_gmt":"2024-12-18T08:01:40","guid":{"rendered":"https:\/\/altisk-mlak.edu.hu\/?p=2812"},"modified":"2024-12-18T08:01:40","modified_gmt":"2024-12-18T08:01:40","slug":"az-orom-gyertyaja","status":"publish","type":"post","link":"https:\/\/altisk-mlak.edu.hu\/index.php\/az-orom-gyertyaja\/","title":{"rendered":"Az \u00f6r\u00f6m gyerty\u00e1ja"},"content":{"rendered":"<p align=\"justify\"><img fetchpriority=\"high\" decoding=\"async\" class=\"aligncenter size-medium wp-image-2816\" src=\"https:\/\/altisk-mlak.edu.hu\/wp-content\/uploads\/2024\/12\/orom-0-225x300.jpg\" alt=\"\" width=\"225\" height=\"300\" srcset=\"https:\/\/altisk-mlak.edu.hu\/wp-content\/uploads\/2024\/12\/orom-0-225x300.jpg 225w, https:\/\/altisk-mlak.edu.hu\/wp-content\/uploads\/2024\/12\/orom-0-768x1024.jpg 768w, https:\/\/altisk-mlak.edu.hu\/wp-content\/uploads\/2024\/12\/orom-0-1152x1536.jpg 1152w, https:\/\/altisk-mlak.edu.hu\/wp-content\/uploads\/2024\/12\/orom-0-1536x2048.jpg 1536w, https:\/\/altisk-mlak.edu.hu\/wp-content\/uploads\/2024\/12\/orom-0-450x600.jpg 450w, https:\/\/altisk-mlak.edu.hu\/wp-content\/uploads\/2024\/12\/orom-0-scaled.jpg 1920w\" sizes=\"(max-width: 225px) 100vw, 225px\" \/><\/p>\n<p align=\"justify\">Dr. Tak\u00e1cs Gyula iskolalelk\u00e9sz h\u00e9tf\u0151n reggel meggy\u00fajtotta az adventi koszor\u00fa harmadik gyerty\u00e1j\u00e1t, az \u00f6r\u00f6m gyerty\u00e1j\u00e1t. A harmadik gyertya k\u00fcl\u00f6nleges, hiszen a hagyom\u00e1nyok szerint a gyerty\u00e1k k\u00f6z\u00f6tt egyed\u00fcl ez r\u00f3zsasz\u00edn. Gyula atya P\u00e1l apostol a Filippiekhez \u00edrt level\u00e9nek 4. r\u00e9sz\u00e9b\u0151l id\u00e9zett: \u201e\u00d6r\u00fcljetek az \u00darban mindenkor; ism\u00e9t mondom, \u00f6r\u00fcljetek!\u201d, majd arra k\u00e9rte a k\u00f6z\u00f6ss\u00e9get, hogy minden kis dolognak \u00f6r\u00fclj\u00f6n. A sok-sok apr\u00f3 \u00f6r\u00f6m ugyanis \u00f6sszead\u00f3dik, \u00e9s \u00edgy tud megsz\u00fcletni a csoda, kar\u00e1csony csod\u00e1ja a sz\u00edv\u00fcnkben.<\/p>\n<table style=\"border-collapse: collapse; width: 100%;\">\n<tbody>\n<tr>\n<td style=\"width: 50%;\"><img decoding=\"async\" class=\"aligncenter size-medium wp-image-2814\" src=\"https:\/\/altisk-mlak.edu.hu\/wp-content\/uploads\/2024\/12\/orom2-225x300.jpg\" alt=\"\" width=\"225\" height=\"300\" srcset=\"https:\/\/altisk-mlak.edu.hu\/wp-content\/uploads\/2024\/12\/orom2-225x300.jpg 225w, https:\/\/altisk-mlak.edu.hu\/wp-content\/uploads\/2024\/12\/orom2-768x1024.jpg 768w, https:\/\/altisk-mlak.edu.hu\/wp-content\/uploads\/2024\/12\/orom2-1152x1536.jpg 1152w, https:\/\/altisk-mlak.edu.hu\/wp-content\/uploads\/2024\/12\/orom2-1536x2048.jpg 1536w, https:\/\/altisk-mlak.edu.hu\/wp-content\/uploads\/2024\/12\/orom2-450x600.jpg 450w, https:\/\/altisk-mlak.edu.hu\/wp-content\/uploads\/2024\/12\/orom2-scaled.jpg 1920w\" sizes=\"(max-width: 225px) 100vw, 225px\" \/><\/td>\n<td style=\"width: 50%;\"><img decoding=\"async\" class=\"aligncenter size-medium wp-image-2815\" src=\"https:\/\/altisk-mlak.edu.hu\/wp-content\/uploads\/2024\/12\/orom-1-225x300.jpg\" alt=\"\" width=\"225\" height=\"300\" srcset=\"https:\/\/altisk-mlak.edu.hu\/wp-content\/uploads\/2024\/12\/orom-1-225x300.jpg 225w, https:\/\/altisk-mlak.edu.hu\/wp-content\/uploads\/2024\/12\/orom-1-768x1024.jpg 768w, https:\/\/altisk-mlak.edu.hu\/wp-content\/uploads\/2024\/12\/orom-1-1152x1536.jpg 1152w, https:\/\/altisk-mlak.edu.hu\/wp-content\/uploads\/2024\/12\/orom-1-1536x2048.jpg 1536w, https:\/\/altisk-mlak.edu.hu\/wp-content\/uploads\/2024\/12\/orom-1-450x600.jpg 450w, https:\/\/altisk-mlak.edu.hu\/wp-content\/uploads\/2024\/12\/orom-1-scaled.jpg 1920w\" sizes=\"(max-width: 225px) 100vw, 225px\" \/><\/td>\n<\/tr>\n<\/tbody>\n<\/table>\n<p align=\"justify\">A gyertyagy\u00fajt\u00e1s szertart\u00e1sa ut\u00e1n Mezein\u00e9 Kiss Katalin tagint\u00e9zm\u00e9ny-igazgat\u00f3 felk\u00f6sz\u00f6nt\u00f6tte Gyula aty\u00e1t abb\u00f3l az alkalomb\u00f3l, hogy Dr. Sz\u00e9kely J\u00e1nos megy\u00e9sp\u00fcsp\u00f6kt\u0151l kanonoki kinevez\u00e9st kapott.<\/p>\n","protected":false},"excerpt":{"rendered":"<p>Dr. Tak\u00e1cs Gyula iskolalelk\u00e9sz h\u00e9tf\u0151n reggel meggy\u00fajtotta az adventi koszor\u00fa harmadik gyerty\u00e1j\u00e1t, az \u00f6r\u00f6m gyerty\u00e1j\u00e1t. A harmadik gyertya k\u00fcl\u00f6nleges, hiszen a hagyom\u00e1nyok szerint a gyerty\u00e1k k\u00f6z\u00f6tt egyed\u00fcl ez r\u00f3zsasz\u00edn. Gyula atya P\u00e1l<a class=\"moretag\" href=\"https:\/\/altisk-mlak.edu.hu\/index.php\/az-orom-gyertyaja\/\">Read More&#8230;<\/a><\/p>\n","protected":false},"author":3,"featured_media":0,"comment_status":"closed","ping_status":"closed","sticky":false,"template":"","format":"standard","meta":{"two_page_speed":[],"footnotes":""},"categories":[1],"tags":[],"class_list":["post-2812","post","type-post","status-publish","format-standard","hentry","category-egyeb"],"_links":{"self":[{"href":"https:\/\/altisk-mlak.edu.hu\/index.php\/wp-json\/wp\/v2\/posts\/2812","targetHints":{"allow":["GET"]}}],"collection":[{"href":"https:\/\/altisk-mlak.edu.hu\/index.php\/wp-json\/wp\/v2\/posts"}],"about":[{"href":"https:\/\/altisk-mlak.edu.hu\/index.php\/wp-json\/wp\/v2\/types\/post"}],"author":[{"embeddable":true,"href":"https:\/\/altisk-mlak.edu.hu\/index.php\/wp-json\/wp\/v2\/users\/3"}],"replies":[{"embeddable":true,"href":"https:\/\/altisk-mlak.edu.hu\/index.php\/wp-json\/wp\/v2\/comments?post=2812"}],"version-history":[{"count":1,"href":"https:\/\/altisk-mlak.edu.hu\/index.php\/wp-json\/wp\/v2\/posts\/2812\/revisions"}],"predecessor-version":[{"id":2817,"href":"https:\/\/altisk-mlak.edu.hu\/index.php\/wp-json\/wp\/v2\/posts\/2812\/revisions\/2817"}],"wp:attachment":[{"href":"https:\/\/altisk-mlak.edu.hu\/index.php\/wp-json\/wp\/v2\/media?parent=2812"}],"wp:term":[{"taxonomy":"category","embeddable":true,"href":"https:\/\/altisk-mlak.edu.hu\/index.php\/wp-json\/wp\/v2\/categories?post=2812"},{"taxonomy":"post_tag","embeddable":true,"href":"https:\/\/altisk-mlak.edu.hu\/index.php\/wp-json\/wp\/v2\/tags?post=2812"}],"curies":[{"name":"wp","href":"https:\/\/api.w.org\/{rel}","templated":true}]}}