{"id":2835,"date":"2024-12-30T09:36:36","date_gmt":"2024-12-30T09:36:36","guid":{"rendered":"https:\/\/altisk-mlak.edu.hu\/?p=2835"},"modified":"2024-12-30T09:36:36","modified_gmt":"2024-12-30T09:36:36","slug":"karacsonyvaro-unnepsegunk","status":"publish","type":"post","link":"https:\/\/altisk-mlak.edu.hu\/index.php\/karacsonyvaro-unnepsegunk\/","title":{"rendered":"Kar\u00e1csonyv\u00e1r\u00f3 \u00fcnneps\u00e9g\u00fcnk"},"content":{"rendered":"<p align=\"justify\">Az utols\u00f3 tan\u00edt\u00e1si napon kar\u00e1csonyv\u00e1r\u00f3 \u00fcnneps\u00e9gre h\u00edvta iskol\u00e1nk k\u00f6z\u00f6ss\u00e9ge a sz\u00fcl\u0151ket, a nagysz\u00fcl\u0151ket, az iskola dolgoz\u00f3it \u00e9s az \u00e9rintett telep\u00fcl\u00e9sek vezet\u0151it h\u00e1l\u00e1b\u00f3l, \u00e9s az\u00e9rt is, hogy egy\u00fctt hangol\u00f3djunk a k\u00f6zelg\u0151 \u00fcnnepekre.<\/p>\n<p align=\"justify\"><img fetchpriority=\"high\" decoding=\"async\" class=\"alignright wp-image-2837 size-medium\" src=\"https:\/\/altisk-mlak.edu.hu\/wp-content\/uploads\/2024\/12\/28-300x256.jpg\" alt=\"\" width=\"300\" height=\"256\" srcset=\"https:\/\/altisk-mlak.edu.hu\/wp-content\/uploads\/2024\/12\/28-300x256.jpg 300w, https:\/\/altisk-mlak.edu.hu\/wp-content\/uploads\/2024\/12\/28-1024x872.jpg 1024w, https:\/\/altisk-mlak.edu.hu\/wp-content\/uploads\/2024\/12\/28-768x654.jpg 768w, https:\/\/altisk-mlak.edu.hu\/wp-content\/uploads\/2024\/12\/28-1536x1309.jpg 1536w, https:\/\/altisk-mlak.edu.hu\/wp-content\/uploads\/2024\/12\/28-2048x1745.jpg 2048w, https:\/\/altisk-mlak.edu.hu\/wp-content\/uploads\/2024\/12\/28-600x511.jpg 600w\" sizes=\"(max-width: 300px) 100vw, 300px\" \/>Az els\u0151s tanul\u00f3k kedves Mikul\u00e1s-jelenete sok mosolyt csalt a jelenl\u00e9v\u0151k arc\u00e1ra. A negyedik oszt\u00e1lyosok sz\u00e9pen szavaltak \u00e9s \u00fcgyesen adt\u00e1k el\u0151 k\u00f6rt\u00e1ncukat, alkalomhoz ill\u0151 fejd\u00edszt viselve. Magyar Levente 5. oszt\u00e1lyos tanul\u00f3 Ady Endre Kis kar\u00e1csonyi \u00e9nek c. vers\u00e9vel arra buzd\u00edtott benn\u00fcnket, hogy \u00e1lljunk ki mi is Isten-dics\u00e9retre, s tegy\u00fcnk meg mindent a kis J\u00e9zus\u00e9rt, \u00edgy igazoljuk szerelm\u00fcnket az \u00darnak. <img decoding=\"async\" class=\"alignleft wp-image-2838 size-medium\" src=\"https:\/\/altisk-mlak.edu.hu\/wp-content\/uploads\/2024\/12\/11-300x225.jpg\" alt=\"\" width=\"300\" height=\"225\" srcset=\"https:\/\/altisk-mlak.edu.hu\/wp-content\/uploads\/2024\/12\/11-300x225.jpg 300w, https:\/\/altisk-mlak.edu.hu\/wp-content\/uploads\/2024\/12\/11-1024x768.jpg 1024w, https:\/\/altisk-mlak.edu.hu\/wp-content\/uploads\/2024\/12\/11-768x576.jpg 768w, https:\/\/altisk-mlak.edu.hu\/wp-content\/uploads\/2024\/12\/11-1536x1152.jpg 1536w, https:\/\/altisk-mlak.edu.hu\/wp-content\/uploads\/2024\/12\/11-600x450.jpg 600w, https:\/\/altisk-mlak.edu.hu\/wp-content\/uploads\/2024\/12\/11.jpg 2000w\" sizes=\"(max-width: 300px) 100vw, 300px\" \/>A m\u00e1sodikos gyermekek egy meghat\u00f3 kar\u00e1csonyi t\u00f6rt\u00e9netet vittek sz\u00ednre, bemutatva a zord, sz\u00edvtelen, gazdag vil\u00e1got, \u00e9s a szeg\u00e9ny, \u00e1m szeretetteljes \u00e9letet. A fels\u0151s tanul\u00f3k M\u00f3ra Ferenc klasszikus verses mes\u00e9j\u00e9t, A diderg\u0151 kir\u00e1lyt adt\u00e1k el\u0151. Az \u00f6r\u00f6kk\u00e9 diderg\u0151 kir\u00e1lyt Balogh M\u00e1t\u00e9 6. oszt\u00e1lyos tanul\u00f3 alak\u00edtotta, h\u0171en, m\u00e9ly \u00e1t\u00e9rz\u00e9ssel. J\u00f3 volt megtapasztalni a j\u00f3s\u00e1g \u00e9s a szeretet erej\u00e9t, mely k\u00e9pes a testet \u00e9s a lelket is felmeleg\u00edteni. Racker Elizabet 7. oszt\u00e1lyos di\u00e1k az Adventi gyerty\u00e1k c. verset mondta el. \u00c1gnes n\u0151v\u00e9r Betlehemes j\u00e1t\u00e9kot tan\u00edtott be, a sokszerepl\u0151s p\u00e1sztorj\u00e1t\u00e9kba minden fontos \u00e9s hagyom\u00e1nyos betlehemi dramaturgiai elem beleker\u00fclt. A gyermekek j\u00e1t\u00e9ka \u00e9s sz\u00edvb\u0151l j\u00f6v\u0151 \u00e9nekl\u00e9se igaz\u00e1n bens\u0151s\u00e9ges, \u00fcnnepv\u00e1r\u00f3 hangulatot teremtett. A nyolcadikos l\u00e1nyok n\u00e9vre sz\u00f3l\u00f3, kar\u00e1csonyi \u00fcvegd\u00edsszel lept\u00e9k meg a legkisebbeket, akik a saj\u00e1t g\u00f6mbj\u00fcket fel is helyezt\u00e9k a kar\u00e1csonyf\u00e1ra.<\/p>\n<p align=\"justify\"><img decoding=\"async\" class=\"aligncenter size-large wp-image-2836\" src=\"https:\/\/altisk-mlak.edu.hu\/wp-content\/uploads\/2024\/12\/49-1024x861.jpg\" alt=\"\" width=\"604\" height=\"508\" srcset=\"https:\/\/altisk-mlak.edu.hu\/wp-content\/uploads\/2024\/12\/49-1024x861.jpg 1024w, https:\/\/altisk-mlak.edu.hu\/wp-content\/uploads\/2024\/12\/49-300x252.jpg 300w, https:\/\/altisk-mlak.edu.hu\/wp-content\/uploads\/2024\/12\/49-768x646.jpg 768w, https:\/\/altisk-mlak.edu.hu\/wp-content\/uploads\/2024\/12\/49-1536x1291.jpg 1536w, https:\/\/altisk-mlak.edu.hu\/wp-content\/uploads\/2024\/12\/49-2048x1722.jpg 2048w, https:\/\/altisk-mlak.edu.hu\/wp-content\/uploads\/2024\/12\/49-600x504.jpg 600w\" sizes=\"(max-width: 604px) 100vw, 604px\" \/><\/p>\n<p style=\"text-align: justify;\" align=\"justify\">Mezein\u00e9 Kiss Katalin tagint\u00e9zm\u00e9ny-igazgat\u00f3 k\u00f6sz\u00f6net\u00e9t fejezte ki mindazoknak, akik a gyermekek aj\u00e1nd\u00e9koz\u00e1s\u00e1hoz hozz\u00e1j\u00e1rultak: Szombathelyi Egyh\u00e1zmegye, Egy\u00fctt a Gyermekek\u00e9rt K\u00f6zalap\u00edtv\u00e1ny, Nagy-Braun Beatrix Sz\u00fcl\u0151i Munkak\u00f6z\u00f6ss\u00e9g eln\u00f6ke, Magyarlak \u00e9s Cs\u00f6r\u00f6tnek K\u00f6zs\u00e9g \u00d6nkorm\u00e1nyzata, majd M\u00e1rai S\u00e1ndor Aj\u00e1nd\u00e9k c. vers\u00e9vel \u00e1ldott, szeretetteljes kar\u00e1csonyt \u00e9s boldog \u00faj esztend\u0151t k\u00edv\u00e1nt a megjelenteknek.<\/p>\n<p style=\"text-align: right;\" align=\"justify\"><em>Mezein\u00e9 Kiss Katalin<\/em><\/p>\n","protected":false},"excerpt":{"rendered":"<p>Az utols\u00f3 tan\u00edt\u00e1si napon kar\u00e1csonyv\u00e1r\u00f3 \u00fcnneps\u00e9gre h\u00edvta iskol\u00e1nk k\u00f6z\u00f6ss\u00e9ge a sz\u00fcl\u0151ket, a nagysz\u00fcl\u0151ket, az iskola dolgoz\u00f3it \u00e9s az \u00e9rintett telep\u00fcl\u00e9sek vezet\u0151it h\u00e1l\u00e1b\u00f3l, \u00e9s az\u00e9rt is, hogy egy\u00fctt hangol\u00f3djunk a k\u00f6zelg\u0151 \u00fcnnepekre. Az<a class=\"moretag\" href=\"https:\/\/altisk-mlak.edu.hu\/index.php\/karacsonyvaro-unnepsegunk\/\">Read More&#8230;<\/a><\/p>\n","protected":false},"author":3,"featured_media":0,"comment_status":"closed","ping_status":"closed","sticky":false,"template":"","format":"standard","meta":{"two_page_speed":[],"footnotes":""},"categories":[1],"tags":[],"class_list":["post-2835","post","type-post","status-publish","format-standard","hentry","category-egyeb"],"_links":{"self":[{"href":"https:\/\/altisk-mlak.edu.hu\/index.php\/wp-json\/wp\/v2\/posts\/2835","targetHints":{"allow":["GET"]}}],"collection":[{"href":"https:\/\/altisk-mlak.edu.hu\/index.php\/wp-json\/wp\/v2\/posts"}],"about":[{"href":"https:\/\/altisk-mlak.edu.hu\/index.php\/wp-json\/wp\/v2\/types\/post"}],"author":[{"embeddable":true,"href":"https:\/\/altisk-mlak.edu.hu\/index.php\/wp-json\/wp\/v2\/users\/3"}],"replies":[{"embeddable":true,"href":"https:\/\/altisk-mlak.edu.hu\/index.php\/wp-json\/wp\/v2\/comments?post=2835"}],"version-history":[{"count":1,"href":"https:\/\/altisk-mlak.edu.hu\/index.php\/wp-json\/wp\/v2\/posts\/2835\/revisions"}],"predecessor-version":[{"id":2839,"href":"https:\/\/altisk-mlak.edu.hu\/index.php\/wp-json\/wp\/v2\/posts\/2835\/revisions\/2839"}],"wp:attachment":[{"href":"https:\/\/altisk-mlak.edu.hu\/index.php\/wp-json\/wp\/v2\/media?parent=2835"}],"wp:term":[{"taxonomy":"category","embeddable":true,"href":"https:\/\/altisk-mlak.edu.hu\/index.php\/wp-json\/wp\/v2\/categories?post=2835"},{"taxonomy":"post_tag","embeddable":true,"href":"https:\/\/altisk-mlak.edu.hu\/index.php\/wp-json\/wp\/v2\/tags?post=2835"}],"curies":[{"name":"wp","href":"https:\/\/api.w.org\/{rel}","templated":true}]}}