{"id":2851,"date":"2025-01-08T07:36:26","date_gmt":"2025-01-08T07:36:26","guid":{"rendered":"https:\/\/altisk-mlak.edu.hu\/?p=2851"},"modified":"2025-01-23T07:49:50","modified_gmt":"2025-01-23T07:49:50","slug":"januari-iskolamise-hazaldassal","status":"publish","type":"post","link":"https:\/\/altisk-mlak.edu.hu\/index.php\/januari-iskolamise-hazaldassal\/","title":{"rendered":"Janu\u00e1ri iskolamise h\u00e1z\u00e1ld\u00e1ssal"},"content":{"rendered":"<p align=\"justify\"><img fetchpriority=\"high\" decoding=\"async\" class=\"aligncenter size-large wp-image-2854\" src=\"https:\/\/altisk-mlak.edu.hu\/wp-content\/uploads\/2025\/01\/1000000387-1024x768.jpg\" alt=\"\" width=\"604\" height=\"453\" srcset=\"https:\/\/altisk-mlak.edu.hu\/wp-content\/uploads\/2025\/01\/1000000387-1024x768.jpg 1024w, https:\/\/altisk-mlak.edu.hu\/wp-content\/uploads\/2025\/01\/1000000387-300x225.jpg 300w, https:\/\/altisk-mlak.edu.hu\/wp-content\/uploads\/2025\/01\/1000000387-768x576.jpg 768w, https:\/\/altisk-mlak.edu.hu\/wp-content\/uploads\/2025\/01\/1000000387-1536x1152.jpg 1536w, https:\/\/altisk-mlak.edu.hu\/wp-content\/uploads\/2025\/01\/1000000387-600x450.jpg 600w, https:\/\/altisk-mlak.edu.hu\/wp-content\/uploads\/2025\/01\/1000000387.jpg 2000w\" sizes=\"(max-width: 604px) 100vw, 604px\" \/><\/p>\n<p align=\"justify\">A t\u00e9li sz\u00fcnet ut\u00e1ni els\u0151 tan\u00edt\u00e1si napon, V\u00edzkereszt \u00fcnnep\u00e9n iskolamis\u00e9re gy\u0171lt\u00fcnk \u00f6ssze az iskola f\u00f6ldszinti aul\u00e1j\u00e1ban. A 7. oszt\u00e1lyos fi\u00fak \u00fcgyesen berendezt\u00e9k a k\u00f6z\u00f6ss\u00e9gi teret, \u00c1gnes n\u0151v\u00e9r sz\u00e9p olt\u00e1rt k\u00e9sz\u00edtett.<img decoding=\"async\" class=\"alignright size-medium wp-image-2853\" src=\"https:\/\/altisk-mlak.edu.hu\/wp-content\/uploads\/2025\/01\/1000000429-280x300.jpg\" alt=\"\" width=\"280\" height=\"300\" srcset=\"https:\/\/altisk-mlak.edu.hu\/wp-content\/uploads\/2025\/01\/1000000429-280x300.jpg 280w, https:\/\/altisk-mlak.edu.hu\/wp-content\/uploads\/2025\/01\/1000000429-957x1024.jpg 957w, https:\/\/altisk-mlak.edu.hu\/wp-content\/uploads\/2025\/01\/1000000429-768x822.jpg 768w, https:\/\/altisk-mlak.edu.hu\/wp-content\/uploads\/2025\/01\/1000000429-561x600.jpg 561w, https:\/\/altisk-mlak.edu.hu\/wp-content\/uploads\/2025\/01\/1000000429.jpg 1334w\" sizes=\"(max-width: 280px) 100vw, 280px\" \/> \u00d6r\u00f6m\u00fcnkre szolg\u00e1lt, hogy a r\u00e1bagyarmati gyermekek \u00e9s pedag\u00f3gusok, valamint sz\u00fcl\u0151k is jelen voltak. Dr. Tak\u00e1cs Gyula celebr\u00e1lta a szentmis\u00e9t, Mesits Patr\u00edcia, Deli Aida Anna \u00e9s Magyar Levente tanul\u00f3k v\u00e9gezt\u00e9k a felolvas\u00e1s szolg\u00e1lat\u00e1t. Az iskolalelk\u00e9sz a napkeleti b\u00f6lcsek p\u00e9ld\u00e1j\u00e1t vet\u00edtette r\u00e1 \u00e9let\u00fcnkre. A h\u00e1romkir\u00e1lyok is J\u00e9zust kerest\u00e9k, a hely\u00e9t tudakolt\u00e1k. Mi is az Urat keress\u00fck, \u00e9s megtal\u00e1ljuk \u0150t minden\u00fctt: otthon, az iskol\u00e1ban, az utc\u00e1n, ahol csak vagyunk, mert \u0150 mindig jelen van, mellett\u00fcnk \u00e1ll. A b\u00f6lcsek term\u00e9szetes, hasznos \u00e9s \u00e9rt\u00e9kes aj\u00e1nd\u00e9kot vittek J\u00e9zusnak: aranyat, t\u00f6mj\u00e9nt, mirh\u00e1t. Mi is tudunk h\u00e1rom kis, de ann\u00e1l nagyszer\u0171bb aj\u00e1nd\u00e9kot adni: im\u00e1t, j\u00f3 tetteket \u00e9s tanul\u00e1st. Ha tudunk Istennek tetsz\u0151 \u00e9let\u00e9t \u00e9lni, szeretni \u00e9s seg\u00edteni embert\u00e1rsainkat, akkor \u0150 \u00e1t\u00f6lel benn\u00fcnket gondoskod\u00f3, megv\u00e1lt\u00f3 \u00e9s oltalmaz\u00f3 szeretet\u00e9vel.<\/p>\n<p align=\"justify\"><img decoding=\"async\" class=\"aligncenter size-large wp-image-2852\" src=\"https:\/\/altisk-mlak.edu.hu\/wp-content\/uploads\/2025\/01\/1000000422-1024x853.jpg\" alt=\"\" width=\"604\" height=\"503\" srcset=\"https:\/\/altisk-mlak.edu.hu\/wp-content\/uploads\/2025\/01\/1000000422-1024x853.jpg 1024w, https:\/\/altisk-mlak.edu.hu\/wp-content\/uploads\/2025\/01\/1000000422-300x250.jpg 300w, https:\/\/altisk-mlak.edu.hu\/wp-content\/uploads\/2025\/01\/1000000422-768x640.jpg 768w, https:\/\/altisk-mlak.edu.hu\/wp-content\/uploads\/2025\/01\/1000000422-1536x1280.jpg 1536w, https:\/\/altisk-mlak.edu.hu\/wp-content\/uploads\/2025\/01\/1000000422-2048x1707.jpg 2048w, https:\/\/altisk-mlak.edu.hu\/wp-content\/uploads\/2025\/01\/1000000422-600x500.jpg 600w\" sizes=\"(max-width: 604px) 100vw, 604px\" \/><\/p>\n<p align=\"justify\">A szentmise keret\u00e9ben Gyula atya h\u00e1z\u00e1ld\u00e1sban r\u00e9szes\u00edtette az iskola \u00e9p\u00fclet\u00e9t, valamint az egyes termek ajtaja f\u00f6l\u00e9 kihelyezend\u0151 20+C+M+B+25 felirat\u00fa, gyermekek \u00e1ltal sz\u00ednezend\u0151 t\u00e1bl\u00e1kat. A felirat egy latin mondat r\u00f6vid\u00edt\u00e9se, amely \u00edgy sz\u00f3l: Christus Mansionem Benedicat, jelent\u00e9se: Krisztus \u00e1ldja meg e hajl\u00e9kot! A h\u00e1rom bet\u0171t pedig a foly\u00f3 \u00e9vsz\u00e1m veszi k\u00f6r\u00fcl, id\u00e9n 2025.<\/p>\n<p>&nbsp;<\/p>\n<p style=\"text-align: right;\"><i>Mezein\u00e9 Kiss Katalin<\/i><\/p>\n","protected":false},"excerpt":{"rendered":"<p>A t\u00e9li sz\u00fcnet ut\u00e1ni els\u0151 tan\u00edt\u00e1si napon, V\u00edzkereszt \u00fcnnep\u00e9n iskolamis\u00e9re gy\u0171lt\u00fcnk \u00f6ssze az iskola f\u00f6ldszinti aul\u00e1j\u00e1ban. A 7. oszt\u00e1lyos fi\u00fak \u00fcgyesen berendezt\u00e9k a k\u00f6z\u00f6ss\u00e9gi teret, \u00c1gnes n\u0151v\u00e9r sz\u00e9p olt\u00e1rt k\u00e9sz\u00edtett. \u00d6r\u00f6m\u00fcnkre szolg\u00e1lt,<a class=\"moretag\" href=\"https:\/\/altisk-mlak.edu.hu\/index.php\/januari-iskolamise-hazaldassal\/\">Read More&#8230;<\/a><\/p>\n","protected":false},"author":3,"featured_media":0,"comment_status":"closed","ping_status":"closed","sticky":false,"template":"","format":"standard","meta":{"two_page_speed":[],"footnotes":""},"categories":[1],"tags":[],"class_list":["post-2851","post","type-post","status-publish","format-standard","hentry","category-egyeb"],"_links":{"self":[{"href":"https:\/\/altisk-mlak.edu.hu\/index.php\/wp-json\/wp\/v2\/posts\/2851","targetHints":{"allow":["GET"]}}],"collection":[{"href":"https:\/\/altisk-mlak.edu.hu\/index.php\/wp-json\/wp\/v2\/posts"}],"about":[{"href":"https:\/\/altisk-mlak.edu.hu\/index.php\/wp-json\/wp\/v2\/types\/post"}],"author":[{"embeddable":true,"href":"https:\/\/altisk-mlak.edu.hu\/index.php\/wp-json\/wp\/v2\/users\/3"}],"replies":[{"embeddable":true,"href":"https:\/\/altisk-mlak.edu.hu\/index.php\/wp-json\/wp\/v2\/comments?post=2851"}],"version-history":[{"count":1,"href":"https:\/\/altisk-mlak.edu.hu\/index.php\/wp-json\/wp\/v2\/posts\/2851\/revisions"}],"predecessor-version":[{"id":2855,"href":"https:\/\/altisk-mlak.edu.hu\/index.php\/wp-json\/wp\/v2\/posts\/2851\/revisions\/2855"}],"wp:attachment":[{"href":"https:\/\/altisk-mlak.edu.hu\/index.php\/wp-json\/wp\/v2\/media?parent=2851"}],"wp:term":[{"taxonomy":"category","embeddable":true,"href":"https:\/\/altisk-mlak.edu.hu\/index.php\/wp-json\/wp\/v2\/categories?post=2851"},{"taxonomy":"post_tag","embeddable":true,"href":"https:\/\/altisk-mlak.edu.hu\/index.php\/wp-json\/wp\/v2\/tags?post=2851"}],"curies":[{"name":"wp","href":"https:\/\/api.w.org\/{rel}","templated":true}]}}