{"id":2869,"date":"2025-01-24T10:49:49","date_gmt":"2025-01-24T10:49:49","guid":{"rendered":"https:\/\/altisk-mlak.edu.hu\/?p=2869"},"modified":"2025-01-30T08:33:02","modified_gmt":"2025-01-30T08:33:02","slug":"lelki-est-felnotteknek","status":"publish","type":"post","link":"https:\/\/altisk-mlak.edu.hu\/index.php\/lelki-est-felnotteknek\/","title":{"rendered":"Lelki est feln\u0151tteknek"},"content":{"rendered":"<p>&nbsp;<\/p>\n<table style=\"border-collapse: collapse; width: 685px; height: 970px; background-image: url('https:\/\/altisk-mlak.edu.hu\/wp-content\/uploads\/2025\/01\/Lelki_est_hatter.png'); background-size: 100% 100%; background-origin: content-box;\">\n<tbody>\n<tr style=\"height: 115px;\">\n<td style=\"width: 20%; height: 115px;\"><\/td>\n<td style=\"width: 60%; height: 115px;\"><\/td>\n<td style=\"width: 20%; height: 115px;\"><\/td>\n<\/tr>\n<tr style=\"height: 469px;\">\n<td style=\"height: 469px;\"><\/td>\n<td style=\"height: 469px;\">\n<p style=\"text-align: center;\"><span style=\"font-size: 14pt;\"><strong>Lelki est feln\u0151tteknek<\/strong><\/span><br \/>\n<strong>a Magyarlak-Cs\u00f6r\u00f6tnek \u00c1ltal\u00e1nos Iskol\u00e1ban<\/strong><br \/>\n<span style=\"font-size: 12pt;\"><strong>2025. febru\u00e1r 17-\u00e9n (h\u00e9tf\u0151n<\/strong><\/span><br \/>\nTervezett program:<br \/>\n<strong>17.00<\/strong> Lelki r\u00e1hangol\u00f3d\u00e1s<br \/>\nvezeti: Dr. Tak\u00e1cs Gyula pl\u00e9b\u00e1nos, iskolalelk\u00e9sz<br \/>\n<strong>17.10<\/strong> Magdolna c. \u00e9letrajzi film vet\u00edt\u00e9se (97\u2019\u2019)<br \/>\n<strong>18.50<\/strong> Besz\u00e9lget\u00e9s a filmr\u0151l, k\u00f6z\u00f6s im\u00e1ds\u00e1g<br \/>\n<strong>19.15<\/strong> Agap\u00e9<\/p>\n<p style=\"text-align: center;\"><strong><span style=\"font-size: 12pt;\">Szeretettel v\u00e1rjuk a Sz\u00fcl\u0151ket, Nagysz\u00fcl\u0151ket,<\/span><\/strong><br \/>\n<strong><span style=\"font-size: 12pt;\">az egyh\u00e1zk\u00f6zs\u00e9g H\u00edveit \u00e9s minden kedves \u00c9rdekl\u0151d\u0151t!<\/span><\/strong><\/p>\n<p style=\"text-align: center;\">A program a Szombathelyi Egyh\u00e1zmegye t\u00e1mogat\u00e1s\u00e1val val\u00f3sul meg.<\/p>\n<\/td>\n<td style=\"height: 469px;\"><\/td>\n<\/tr>\n<tr style=\"height: 386px;\">\n<td style=\"height: 386px;\"><\/td>\n<td style=\"height: 386px;\"><\/td>\n<td style=\"height: 386px;\"><\/td>\n<\/tr>\n<\/tbody>\n<\/table>\n","protected":false},"excerpt":{"rendered":"<p>&nbsp; Lelki est feln\u0151tteknek a Magyarlak-Cs\u00f6r\u00f6tnek \u00c1ltal\u00e1nos Iskol\u00e1ban 2025. febru\u00e1r 17-\u00e9n (h\u00e9tf\u0151n Tervezett program: 17.00 Lelki r\u00e1hangol\u00f3d\u00e1s vezeti: Dr. Tak\u00e1cs Gyula pl\u00e9b\u00e1nos, iskolalelk\u00e9sz 17.10 Magdolna c. \u00e9letrajzi film vet\u00edt\u00e9se (97\u2019\u2019) 18.50 Besz\u00e9lget\u00e9s<a class=\"moretag\" href=\"https:\/\/altisk-mlak.edu.hu\/index.php\/lelki-est-felnotteknek\/\">Read More&#8230;<\/a><\/p>\n","protected":false},"author":3,"featured_media":0,"comment_status":"closed","ping_status":"closed","sticky":false,"template":"","format":"standard","meta":{"two_page_speed":[],"footnotes":""},"categories":[1],"tags":[],"class_list":["post-2869","post","type-post","status-publish","format-standard","hentry","category-egyeb"],"_links":{"self":[{"href":"https:\/\/altisk-mlak.edu.hu\/index.php\/wp-json\/wp\/v2\/posts\/2869","targetHints":{"allow":["GET"]}}],"collection":[{"href":"https:\/\/altisk-mlak.edu.hu\/index.php\/wp-json\/wp\/v2\/posts"}],"about":[{"href":"https:\/\/altisk-mlak.edu.hu\/index.php\/wp-json\/wp\/v2\/types\/post"}],"author":[{"embeddable":true,"href":"https:\/\/altisk-mlak.edu.hu\/index.php\/wp-json\/wp\/v2\/users\/3"}],"replies":[{"embeddable":true,"href":"https:\/\/altisk-mlak.edu.hu\/index.php\/wp-json\/wp\/v2\/comments?post=2869"}],"version-history":[{"count":6,"href":"https:\/\/altisk-mlak.edu.hu\/index.php\/wp-json\/wp\/v2\/posts\/2869\/revisions"}],"predecessor-version":[{"id":2876,"href":"https:\/\/altisk-mlak.edu.hu\/index.php\/wp-json\/wp\/v2\/posts\/2869\/revisions\/2876"}],"wp:attachment":[{"href":"https:\/\/altisk-mlak.edu.hu\/index.php\/wp-json\/wp\/v2\/media?parent=2869"}],"wp:term":[{"taxonomy":"category","embeddable":true,"href":"https:\/\/altisk-mlak.edu.hu\/index.php\/wp-json\/wp\/v2\/categories?post=2869"},{"taxonomy":"post_tag","embeddable":true,"href":"https:\/\/altisk-mlak.edu.hu\/index.php\/wp-json\/wp\/v2\/tags?post=2869"}],"curies":[{"name":"wp","href":"https:\/\/api.w.org\/{rel}","templated":true}]}}