{"id":2883,"date":"2025-02-06T11:57:08","date_gmt":"2025-02-06T11:57:08","guid":{"rendered":"https:\/\/altisk-mlak.edu.hu\/?p=2883"},"modified":"2025-02-06T11:59:54","modified_gmt":"2025-02-06T11:59:54","slug":"tantermedbe-koltozik-az-orsegi-nemzeti-park","status":"publish","type":"post","link":"https:\/\/altisk-mlak.edu.hu\/index.php\/tantermedbe-koltozik-az-orsegi-nemzeti-park\/","title":{"rendered":"Tantermedbe k\u00f6lt\u00f6zik az \u0150rs\u00e9gi Nemzeti Park"},"content":{"rendered":"<p align=\"justify\">Febru\u00e1r 3-\u00e1n els\u0151seink a \u201eTantermedbe k\u00f6lt\u00f6zik az \u0150rs\u00e9gi Nemzeti Park\u201d c. k\u00f6rnyezeti nevel\u00e9si programon vettek r\u00e9szt. A gyerekek Berd\u00e1rn\u00e9 Lajos Anna term\u00e9szetiskola vezet\u0151 k\u00f6zrem\u0171k\u00f6d\u00e9s\u00e9vel megismerkedtek a nemzeti park f\u0151 jellegzetess\u00e9geivel, n\u00f6v\u00e9ny- \u00e9s \u00e1llatvil\u00e1g\u00e1val egy \u00f3ri\u00e1s t\u00e1rsasj\u00e1t\u00e9k seg\u00edts\u00e9g\u00e9vel.<\/p>\n<table style=\"border-collapse: collapse; width: 100%;\">\n<tbody>\n<tr>\n<td style=\"width: 50%;\"><img fetchpriority=\"high\" decoding=\"async\" class=\"aligncenter size-large wp-image-2887\" src=\"https:\/\/altisk-mlak.edu.hu\/wp-content\/uploads\/2025\/02\/20250203_090112-1024x768.jpg\" alt=\"\" width=\"604\" height=\"453\" srcset=\"https:\/\/altisk-mlak.edu.hu\/wp-content\/uploads\/2025\/02\/20250203_090112-1024x768.jpg 1024w, https:\/\/altisk-mlak.edu.hu\/wp-content\/uploads\/2025\/02\/20250203_090112-300x225.jpg 300w, https:\/\/altisk-mlak.edu.hu\/wp-content\/uploads\/2025\/02\/20250203_090112-768x576.jpg 768w, https:\/\/altisk-mlak.edu.hu\/wp-content\/uploads\/2025\/02\/20250203_090112-1536x1152.jpg 1536w, https:\/\/altisk-mlak.edu.hu\/wp-content\/uploads\/2025\/02\/20250203_090112-2048x1536.jpg 2048w, https:\/\/altisk-mlak.edu.hu\/wp-content\/uploads\/2025\/02\/20250203_090112-600x450.jpg 600w\" sizes=\"(max-width: 604px) 100vw, 604px\" \/><\/td>\n<td style=\"width: 50%;\"><img decoding=\"async\" class=\"aligncenter size-large wp-image-2884\" src=\"https:\/\/altisk-mlak.edu.hu\/wp-content\/uploads\/2025\/02\/20250203_090956-1024x768.jpg\" alt=\"\" width=\"604\" height=\"453\" srcset=\"https:\/\/altisk-mlak.edu.hu\/wp-content\/uploads\/2025\/02\/20250203_090956-1024x768.jpg 1024w, https:\/\/altisk-mlak.edu.hu\/wp-content\/uploads\/2025\/02\/20250203_090956-300x225.jpg 300w, https:\/\/altisk-mlak.edu.hu\/wp-content\/uploads\/2025\/02\/20250203_090956-768x576.jpg 768w, https:\/\/altisk-mlak.edu.hu\/wp-content\/uploads\/2025\/02\/20250203_090956-1536x1152.jpg 1536w, https:\/\/altisk-mlak.edu.hu\/wp-content\/uploads\/2025\/02\/20250203_090956-2048x1536.jpg 2048w, https:\/\/altisk-mlak.edu.hu\/wp-content\/uploads\/2025\/02\/20250203_090956-600x450.jpg 600w\" sizes=\"(max-width: 604px) 100vw, 604px\" \/><\/td>\n<\/tr>\n<tr>\n<td style=\"width: 50%;\"><img decoding=\"async\" class=\"aligncenter size-large wp-image-2885\" src=\"https:\/\/altisk-mlak.edu.hu\/wp-content\/uploads\/2025\/02\/20250203_091226-1024x768.jpg\" alt=\"\" width=\"604\" height=\"453\" srcset=\"https:\/\/altisk-mlak.edu.hu\/wp-content\/uploads\/2025\/02\/20250203_091226-1024x768.jpg 1024w, https:\/\/altisk-mlak.edu.hu\/wp-content\/uploads\/2025\/02\/20250203_091226-300x225.jpg 300w, https:\/\/altisk-mlak.edu.hu\/wp-content\/uploads\/2025\/02\/20250203_091226-768x576.jpg 768w, https:\/\/altisk-mlak.edu.hu\/wp-content\/uploads\/2025\/02\/20250203_091226-1536x1152.jpg 1536w, https:\/\/altisk-mlak.edu.hu\/wp-content\/uploads\/2025\/02\/20250203_091226-2048x1536.jpg 2048w, https:\/\/altisk-mlak.edu.hu\/wp-content\/uploads\/2025\/02\/20250203_091226-600x450.jpg 600w\" sizes=\"(max-width: 604px) 100vw, 604px\" \/><\/td>\n<td style=\"width: 50%;\"><img decoding=\"async\" class=\"aligncenter size-large wp-image-2885\" src=\"https:\/\/altisk-mlak.edu.hu\/wp-content\/uploads\/2025\/02\/20250203_091226-1024x768.jpg\" alt=\"\" width=\"604\" height=\"453\" srcset=\"https:\/\/altisk-mlak.edu.hu\/wp-content\/uploads\/2025\/02\/20250203_091226-1024x768.jpg 1024w, https:\/\/altisk-mlak.edu.hu\/wp-content\/uploads\/2025\/02\/20250203_091226-300x225.jpg 300w, https:\/\/altisk-mlak.edu.hu\/wp-content\/uploads\/2025\/02\/20250203_091226-768x576.jpg 768w, https:\/\/altisk-mlak.edu.hu\/wp-content\/uploads\/2025\/02\/20250203_091226-1536x1152.jpg 1536w, https:\/\/altisk-mlak.edu.hu\/wp-content\/uploads\/2025\/02\/20250203_091226-2048x1536.jpg 2048w, https:\/\/altisk-mlak.edu.hu\/wp-content\/uploads\/2025\/02\/20250203_091226-600x450.jpg 600w\" sizes=\"(max-width: 604px) 100vw, 604px\" \/><\/td>\n<\/tr>\n<\/tbody>\n<\/table>\n<p align=\"justify\">\n<p align=\"justify\">A kicsik nagyon \u00e9rdekl\u0151d\u0151k \u00e9s akt\u00edvak voltak, \u00e9s sok \u00faj ismerettel b\u0151v\u00edtett\u00e9k tud\u00e1sukat. A k\u00f6zelj\u00f6v\u0151ben Zak\u00f3cs Veronika tan\u00edt\u00f3 n\u00e9nivel ell\u00e1togatnak a Natura 2000 L\u00e1togat\u00f3k\u00f6zpont interakt\u00edv ki\u00e1ll\u00edt\u00e1s\u00e1ra. K\u00f6sz\u00f6nj\u00fck sz\u00e9pen a lehet\u0151s\u00e9get!<\/p>\n","protected":false},"excerpt":{"rendered":"<p>Febru\u00e1r 3-\u00e1n els\u0151seink a \u201eTantermedbe k\u00f6lt\u00f6zik az \u0150rs\u00e9gi Nemzeti Park\u201d c. k\u00f6rnyezeti nevel\u00e9si programon vettek r\u00e9szt. A gyerekek Berd\u00e1rn\u00e9 Lajos Anna term\u00e9szetiskola vezet\u0151 k\u00f6zrem\u0171k\u00f6d\u00e9s\u00e9vel megismerkedtek a nemzeti park f\u0151 jellegzetess\u00e9geivel, n\u00f6v\u00e9ny- \u00e9s<a class=\"moretag\" href=\"https:\/\/altisk-mlak.edu.hu\/index.php\/tantermedbe-koltozik-az-orsegi-nemzeti-park\/\">Read More&#8230;<\/a><\/p>\n","protected":false},"author":3,"featured_media":0,"comment_status":"closed","ping_status":"closed","sticky":false,"template":"","format":"standard","meta":{"two_page_speed":[],"footnotes":""},"categories":[1],"tags":[],"class_list":["post-2883","post","type-post","status-publish","format-standard","hentry","category-egyeb"],"_links":{"self":[{"href":"https:\/\/altisk-mlak.edu.hu\/index.php\/wp-json\/wp\/v2\/posts\/2883","targetHints":{"allow":["GET"]}}],"collection":[{"href":"https:\/\/altisk-mlak.edu.hu\/index.php\/wp-json\/wp\/v2\/posts"}],"about":[{"href":"https:\/\/altisk-mlak.edu.hu\/index.php\/wp-json\/wp\/v2\/types\/post"}],"author":[{"embeddable":true,"href":"https:\/\/altisk-mlak.edu.hu\/index.php\/wp-json\/wp\/v2\/users\/3"}],"replies":[{"embeddable":true,"href":"https:\/\/altisk-mlak.edu.hu\/index.php\/wp-json\/wp\/v2\/comments?post=2883"}],"version-history":[{"count":1,"href":"https:\/\/altisk-mlak.edu.hu\/index.php\/wp-json\/wp\/v2\/posts\/2883\/revisions"}],"predecessor-version":[{"id":2888,"href":"https:\/\/altisk-mlak.edu.hu\/index.php\/wp-json\/wp\/v2\/posts\/2883\/revisions\/2888"}],"wp:attachment":[{"href":"https:\/\/altisk-mlak.edu.hu\/index.php\/wp-json\/wp\/v2\/media?parent=2883"}],"wp:term":[{"taxonomy":"category","embeddable":true,"href":"https:\/\/altisk-mlak.edu.hu\/index.php\/wp-json\/wp\/v2\/categories?post=2883"},{"taxonomy":"post_tag","embeddable":true,"href":"https:\/\/altisk-mlak.edu.hu\/index.php\/wp-json\/wp\/v2\/tags?post=2883"}],"curies":[{"name":"wp","href":"https:\/\/api.w.org\/{rel}","templated":true}]}}