{"id":2889,"date":"2025-02-06T12:08:21","date_gmt":"2025-02-06T12:08:21","guid":{"rendered":"https:\/\/altisk-mlak.edu.hu\/?p=2889"},"modified":"2025-02-06T12:41:35","modified_gmt":"2025-02-06T12:41:35","slug":"felevertekelo-az-iskolagyulesen-2","status":"publish","type":"post","link":"https:\/\/altisk-mlak.edu.hu\/index.php\/felevertekelo-az-iskolagyulesen-2\/","title":{"rendered":"F\u00e9l\u00e9v\u00e9rt\u00e9kel\u0151 az iskolagy\u0171l\u00e9sen"},"content":{"rendered":"<p align=\"justify\">A febru\u00e1ri iskolamis\u00e9t k\u00f6vet\u0151en Mezein\u00e9 Kiss Katalin tagint\u00e9zm\u00e9ny-igazgat\u00f3 \u00e9rt\u00e9kelte az iskolak\u00f6z\u00f6ss\u00e9g f\u00e9l\u00e9ves munk\u00e1j\u00e1t. Dics\u00e9retben r\u00e9szes\u00edtette az irodalmi szakk\u00f6r tagjait: Horv\u00e1th Lilla, Deli Aida Anna, Mesits Patr\u00edcia Em\u00edlia, Csicsai Emma, Magyar Levente tanul\u00f3kat, akik sz\u00e9pen, kifejez\u0151en adt\u00e1k el\u0151 J\u00f3zsef Attila Sz\u00fclet\u00e9snapomra c. vers\u00e9t a k\u00f6rmendi K\u00f6lcsey Ferenc Gimn\u00e1zium szaval\u00f3verseny\u00e9n. A tanul\u00f3kat T\u00f3thn\u00e9 Tak\u00e1cs Hajnalka tan\u00e1rn\u0151 k\u00e9sz\u00edtette fel a rangos megm\u00e9rettet\u00e9sre.<\/p>\n<p align=\"justify\">Ezt k\u00f6vet\u0151en a vezet\u0151 megdics\u00e9rte azokat a tanul\u00f3kat, akik sz\u00e9p tanulm\u00e1nyi eredm\u00e9nyt \u00e9rtek el, \u00e9s megk\u00f6sz\u00f6nte azon di\u00e1kok szorgos munk\u00e1j\u00e1t, akik k\u00e9pess\u00e9geikhez m\u00e9rten teljes\u00edtettek. Biztat\u00f3 szavakat int\u00e9zett a gyeng\u00e9bben teljes\u00edt\u0151k fel\u00e9, \u00edgy motiv\u00e1lta \u0151ket az \u00f6sszehangolt tanul\u00e1sra. A tov\u00e1bbiakban jutalmat adott \u00e1t azon gyermekeknek, akik tanulm\u00e1nyi, k\u00f6z\u00f6ss\u00e9gi \u00e9s hit\u00e9leti tev\u00e9kenys\u00e9g\u00fck miatt dics\u00e9retben r\u00e9szes\u00fcltek.<\/p>\n<p align=\"justify\"><img fetchpriority=\"high\" decoding=\"async\" class=\"aligncenter size-large wp-image-2890\" src=\"https:\/\/altisk-mlak.edu.hu\/wp-content\/uploads\/2025\/02\/1000002334-1024x771.jpg\" alt=\"\" width=\"604\" height=\"455\" srcset=\"https:\/\/altisk-mlak.edu.hu\/wp-content\/uploads\/2025\/02\/1000002334-1024x771.jpg 1024w, https:\/\/altisk-mlak.edu.hu\/wp-content\/uploads\/2025\/02\/1000002334-300x226.jpg 300w, https:\/\/altisk-mlak.edu.hu\/wp-content\/uploads\/2025\/02\/1000002334-768x578.jpg 768w, https:\/\/altisk-mlak.edu.hu\/wp-content\/uploads\/2025\/02\/1000002334-1536x1156.jpg 1536w, https:\/\/altisk-mlak.edu.hu\/wp-content\/uploads\/2025\/02\/1000002334-2048x1542.jpg 2048w, https:\/\/altisk-mlak.edu.hu\/wp-content\/uploads\/2025\/02\/1000002334-600x452.jpg 600w\" sizes=\"(max-width: 604px) 100vw, 604px\" \/><\/p>\n<p><u>R\u00e1bagyarmati iskola:<br \/>\n<\/u><\/p>\n<p>4. oszt\u00e1ly:<br \/>\nKov\u00e1cs R\u00e9ka &#8211; tanulm\u00e1nyi munk\u00e1\u00e9rt<br \/>\nBed\u0151cs D\u00e1vid &#8211; tanulm\u00e1nyi munk\u00e1\u00e9rt<\/p>\n<p align=\"justify\"><u>Magyarlak-Cs\u00f6r\u00f6tnek \u00c1ltal\u00e1nos Iskol\u00e1ja:<br \/>\n<\/u><\/p>\n<p align=\"justify\">1. oszt\u00e1ly:<br \/>\nTak\u00e1cs Mil\u00e1n &#8211; tanulm\u00e1nyi munk\u00e1\u00e9rt<br \/>\nNy\u00e1ri Dominik &#8211; tanulm\u00e1nyi munk\u00e1\u00e9rt<br \/>\nWitiak Oliv\u00e9r &#8211; tanulm\u00e1nyi munk\u00e1\u00e9rt<\/p>\n<p>2. oszt\u00e1ly:<br \/>\nSekulic Zo\u00e9 &#8211; tanulm\u00e1nyi munk\u00e1\u00e9rt<br \/>\nNagy Kiara Beatrix &#8211; tanulm\u00e1nyi munk\u00e1\u00e9rt<br \/>\nNider Bal\u00e1zs &#8211; tanulm\u00e1nyi munk\u00e1\u00e9rt<br \/>\nLaki Szofia &#8211; tanulm\u00e1nyi munk\u00e1\u00e9rt<br \/>\nGyurkovics Mirk\u00f3 &#8211; tanulm\u00e1nyi \u00e9s k\u00f6z\u00f6ss\u00e9gi munk\u00e1\u00e9rt<br \/>\nCzotter Gr\u00e9ta &#8211; tanulm\u00e1nyi munk\u00e1\u00e9rt, hittan\u00f3rai aktivit\u00e1s\u00e9rt, p\u00e9ldamutat\u00f3 magaviselet\u00e9rt<\/p>\n<p>3. oszt\u00e1ly<br \/>\nCsicsai Csenge &#8211; hittan\u00f3rai aktivit\u00e1s\u00e9rt, p\u00e9ldamutat\u00f3 magaviselet\u00e9rt<\/p>\n<p>4. oszt\u00e1ly:<br \/>\nTak\u00e1cs D\u00e1vid &#8211; tanulm\u00e1nyi munk\u00e1\u00e9rt<\/p>\n<p>5. oszt\u00e1ly:<br \/>\nMagyar Levente &#8211; k\u00f6z\u00f6ss\u00e9gi munk\u00e1\u00e9rt, templomi \u00e9s iskolamisei szolg\u00e1lat\u00e9rt<\/p>\n<p>6. oszt\u00e1ly<br \/>\nDeli Aida Anna &#8211; tanulm\u00e1nyi munk\u00e1\u00e9rt<\/p>\n<p>7. oszt\u00e1ly:<br \/>\nCsicsai Emma &#8211; tanulm\u00e1nyi munk\u00e1\u00e9rt<br \/>\nMesits Patr\u00edcia Em\u00edlia &#8211; tanulm\u00e1nyi munk\u00e1\u00e9rt, templomi \u00e9s iskolamisei szolg\u00e1lat\u00e9rt<\/p>\n<p>8. oszt\u00e1ly:<br \/>\nDoncsecz Vikt\u00f3ria &#8211; tanulm\u00e1nyi munk\u00e1\u00e9rt<br \/>\nHorv\u00e1th Judit &#8211; k\u00f6z\u00f6ss\u00e9gi munk\u00e1\u00e9rt<\/p>\n<p>&nbsp;<\/p>\n","protected":false},"excerpt":{"rendered":"<p>A febru\u00e1ri iskolamis\u00e9t k\u00f6vet\u0151en Mezein\u00e9 Kiss Katalin tagint\u00e9zm\u00e9ny-igazgat\u00f3 \u00e9rt\u00e9kelte az iskolak\u00f6z\u00f6ss\u00e9g f\u00e9l\u00e9ves munk\u00e1j\u00e1t. Dics\u00e9retben r\u00e9szes\u00edtette az irodalmi szakk\u00f6r tagjait: Horv\u00e1th Lilla, Deli Aida Anna, Mesits Patr\u00edcia Em\u00edlia, Csicsai Emma, Magyar Levente tanul\u00f3kat,<a class=\"moretag\" href=\"https:\/\/altisk-mlak.edu.hu\/index.php\/felevertekelo-az-iskolagyulesen-2\/\">Read More&#8230;<\/a><\/p>\n","protected":false},"author":3,"featured_media":0,"comment_status":"closed","ping_status":"closed","sticky":false,"template":"","format":"standard","meta":{"two_page_speed":[],"footnotes":""},"categories":[1],"tags":[],"class_list":["post-2889","post","type-post","status-publish","format-standard","hentry","category-egyeb"],"_links":{"self":[{"href":"https:\/\/altisk-mlak.edu.hu\/index.php\/wp-json\/wp\/v2\/posts\/2889","targetHints":{"allow":["GET"]}}],"collection":[{"href":"https:\/\/altisk-mlak.edu.hu\/index.php\/wp-json\/wp\/v2\/posts"}],"about":[{"href":"https:\/\/altisk-mlak.edu.hu\/index.php\/wp-json\/wp\/v2\/types\/post"}],"author":[{"embeddable":true,"href":"https:\/\/altisk-mlak.edu.hu\/index.php\/wp-json\/wp\/v2\/users\/3"}],"replies":[{"embeddable":true,"href":"https:\/\/altisk-mlak.edu.hu\/index.php\/wp-json\/wp\/v2\/comments?post=2889"}],"version-history":[{"count":1,"href":"https:\/\/altisk-mlak.edu.hu\/index.php\/wp-json\/wp\/v2\/posts\/2889\/revisions"}],"predecessor-version":[{"id":2891,"href":"https:\/\/altisk-mlak.edu.hu\/index.php\/wp-json\/wp\/v2\/posts\/2889\/revisions\/2891"}],"wp:attachment":[{"href":"https:\/\/altisk-mlak.edu.hu\/index.php\/wp-json\/wp\/v2\/media?parent=2889"}],"wp:term":[{"taxonomy":"category","embeddable":true,"href":"https:\/\/altisk-mlak.edu.hu\/index.php\/wp-json\/wp\/v2\/categories?post=2889"},{"taxonomy":"post_tag","embeddable":true,"href":"https:\/\/altisk-mlak.edu.hu\/index.php\/wp-json\/wp\/v2\/tags?post=2889"}],"curies":[{"name":"wp","href":"https:\/\/api.w.org\/{rel}","templated":true}]}}