{"id":2892,"date":"2025-02-06T12:54:04","date_gmt":"2025-02-06T12:54:04","guid":{"rendered":"https:\/\/altisk-mlak.edu.hu\/?p=2892"},"modified":"2025-03-02T13:37:42","modified_gmt":"2025-03-02T13:37:42","slug":"lazar-ervin-hapci-kiraly","status":"publish","type":"post","link":"https:\/\/altisk-mlak.edu.hu\/index.php\/lazar-ervin-hapci-kiraly\/","title":{"rendered":"L\u00e1z\u00e1r Ervin: Hapci kir\u00e1ly"},"content":{"rendered":"<p><img fetchpriority=\"high\" decoding=\"async\" class=\"aligncenter wp-image-2894 size-medium\" src=\"https:\/\/altisk-mlak.edu.hu\/wp-content\/uploads\/2025\/02\/received_960035679567656-225x300.jpeg\" alt=\"\" width=\"225\" height=\"300\" srcset=\"https:\/\/altisk-mlak.edu.hu\/wp-content\/uploads\/2025\/02\/received_960035679567656-225x300.jpeg 225w, https:\/\/altisk-mlak.edu.hu\/wp-content\/uploads\/2025\/02\/received_960035679567656-768x1024.jpeg 768w, https:\/\/altisk-mlak.edu.hu\/wp-content\/uploads\/2025\/02\/received_960035679567656-1152x1536.jpeg 1152w, https:\/\/altisk-mlak.edu.hu\/wp-content\/uploads\/2025\/02\/received_960035679567656-450x600.jpeg 450w, https:\/\/altisk-mlak.edu.hu\/wp-content\/uploads\/2025\/02\/received_960035679567656.jpeg 1536w\" sizes=\"(max-width: 225px) 100vw, 225px\" \/><\/p>\n<p align=\"justify\">2025. febru\u00e1r 4-\u00e9n a Magyarlak-Cs\u00f6r\u00f6tnek \u00c1ltal\u00e1nos Iskola \u00e9s a R\u00e1bagyarmati \u00c1ltal\u00e1nos Iskola 4. oszt\u00e1lyos tanul\u00f3i a szombathelyi MMIK-ban a L\u00e1z\u00e1r Ervin program keret\u00e9ben rendezett Hapci kir\u00e1ly c. mesej\u00e1t\u00e9kot tekintett\u00e9k meg. A L\u00e1z\u00e1r Ervin-f\u00e9le st\u00edlus, a humor, a kedvess\u00e9g, az ut\u00e1nozhatatlan nevek \u00e9s sz\u00f3j\u00e1t\u00e9kok \u2013 mint ahogy ezt megszoktuk- ebben az el\u0151ad\u00e1sban is elvar\u00e1zsoltak benn\u00fcnket.<\/p>\n<table style=\"border-collapse: collapse; width: 100%;\">\n<tbody>\n<tr>\n<td style=\"width: 50%;\"><img decoding=\"async\" class=\"aligncenter size-large wp-image-2895\" src=\"https:\/\/altisk-mlak.edu.hu\/wp-content\/uploads\/2025\/02\/received_9122994351140856-768x1024.jpeg\" alt=\"\" width=\"604\" height=\"805\" srcset=\"https:\/\/altisk-mlak.edu.hu\/wp-content\/uploads\/2025\/02\/received_9122994351140856-768x1024.jpeg 768w, https:\/\/altisk-mlak.edu.hu\/wp-content\/uploads\/2025\/02\/received_9122994351140856-225x300.jpeg 225w, https:\/\/altisk-mlak.edu.hu\/wp-content\/uploads\/2025\/02\/received_9122994351140856-1152x1536.jpeg 1152w, https:\/\/altisk-mlak.edu.hu\/wp-content\/uploads\/2025\/02\/received_9122994351140856-450x600.jpeg 450w, https:\/\/altisk-mlak.edu.hu\/wp-content\/uploads\/2025\/02\/received_9122994351140856.jpeg 1536w\" sizes=\"(max-width: 604px) 100vw, 604px\" \/><\/td>\n<td style=\"width: 50%;\"><img decoding=\"async\" class=\"aligncenter size-large wp-image-2896\" src=\"https:\/\/altisk-mlak.edu.hu\/wp-content\/uploads\/2025\/02\/received_627338706364554-768x1024.jpeg\" alt=\"\" width=\"604\" height=\"805\" srcset=\"https:\/\/altisk-mlak.edu.hu\/wp-content\/uploads\/2025\/02\/received_627338706364554-768x1024.jpeg 768w, https:\/\/altisk-mlak.edu.hu\/wp-content\/uploads\/2025\/02\/received_627338706364554-225x300.jpeg 225w, https:\/\/altisk-mlak.edu.hu\/wp-content\/uploads\/2025\/02\/received_627338706364554-1152x1536.jpeg 1152w, https:\/\/altisk-mlak.edu.hu\/wp-content\/uploads\/2025\/02\/received_627338706364554-450x600.jpeg 450w, https:\/\/altisk-mlak.edu.hu\/wp-content\/uploads\/2025\/02\/received_627338706364554.jpeg 1536w\" sizes=\"(max-width: 604px) 100vw, 604px\" \/><\/td>\n<\/tr>\n<\/tbody>\n<\/table>\n<p align=\"justify\">\u00c9rdekes \u00e9s eredeti sz\u00ednj\u00e1t\u00e9kkal \u00f6rvendeztettek meg benn\u00fcnket a b\u00e1bsz\u00ednh\u00e1z sz\u00edn\u00e9szei az igencsak \u00e9letszag\u00fa, nemcsak gyerekeknek, de nek\u00fcnk feln\u0151tteknek is \u00e9rt\u00e9kes, tanuls\u00e1got tartalmaz\u00f3 mese \u00e1ltal. A Hapci kir\u00e1ly t\u00f6rt\u00e9nete mint minden mese a val\u00f3s\u00e1gb\u00f3l \u00e9p\u00edtkezik, hisz ma is megtal\u00e1lhat\u00f3 az ostobas\u00e1g, a hi\u00fas\u00e1g, az \u00f6nz\u0151s\u00e9g az \u00e9let\u00fcnkben, melynek csak az egyetemes \u00f6sszefog\u00e1s \u00e9s a szeretet lehet az ellenszere. Ahogy ezt az \u00edr\u00f3 is megfogalmazza: \u201eegy mindenki\u00e9rt, mindenki egy\u00e9rt\u201d elv alapj\u00e1n tudjuk csak ezeket a rossz tulajdons\u00e1gokat lek\u00fczdeni. Gyermekeink sz\u00e1m\u00e1ra a sz\u00ednh\u00e1z var\u00e1zslatos vil\u00e1ga nem mindennapi pillanatokat szerzett. \u00d6r\u00f6m volt l\u00e1tni az arcokon a der\u0171t, ahogy a sz\u00edn\u00e9szek j\u00e1t\u00e9ka mag\u00e1val ragadta a kis k\u00f6z\u00f6ns\u00e9get. A felfokozott hangulat tapinthat\u00f3 volt, t\u00e1gra ny\u00edlt szemekkel, fesz\u00fclten figyelt\u00e9k az esem\u00e9nyek foly\u00e1s\u00e1t. A mese mondanival\u00f3ja tanuls\u00e1gos gondolatokat \u00e9bresztett benn\u00fck az el\u0151ad\u00e1st k\u00f6vet\u0151en.<\/p>\n<p align=\"justify\"><img loading=\"lazy\" decoding=\"async\" class=\"aligncenter size-large wp-image-2897\" src=\"https:\/\/altisk-mlak.edu.hu\/wp-content\/uploads\/2025\/02\/received_1316474956224455-1024x768.jpeg\" alt=\"\" width=\"604\" height=\"453\" srcset=\"https:\/\/altisk-mlak.edu.hu\/wp-content\/uploads\/2025\/02\/received_1316474956224455-1024x768.jpeg 1024w, https:\/\/altisk-mlak.edu.hu\/wp-content\/uploads\/2025\/02\/received_1316474956224455-300x225.jpeg 300w, https:\/\/altisk-mlak.edu.hu\/wp-content\/uploads\/2025\/02\/received_1316474956224455-768x576.jpeg 768w, https:\/\/altisk-mlak.edu.hu\/wp-content\/uploads\/2025\/02\/received_1316474956224455-1536x1152.jpeg 1536w, https:\/\/altisk-mlak.edu.hu\/wp-content\/uploads\/2025\/02\/received_1316474956224455-600x450.jpeg 600w, https:\/\/altisk-mlak.edu.hu\/wp-content\/uploads\/2025\/02\/received_1316474956224455.jpeg 2048w\" sizes=\"(max-width: 604px) 100vw, 604px\" \/><\/p>\n<p align=\"justify\">B\u00edzunk abban, hogy a b\u00e1bsz\u00ednh\u00e1z el\u0151ad\u00f3m\u0171v\u00e9szei a tov\u00e1bbiakban is meg\u00f6rvendeztetnek benn\u00fcnket a magyar gyermekirodalom szebbn\u00e9l-szebb alkot\u00e1saival, \u00e9s \u00e9lm\u00e9nyd\u00fas el\u0151ad\u00e1sm\u00f3djukkal az olvas\u00e1s szeretet\u00e9re \u00f6szt\u00f6nzik gyermekeinket. .K\u00f6sz\u00f6nj\u00fck sz\u00e9pen a szervez\u0151knek ezt a nagyszer\u0171 \u00e9lm\u00e9nyt!<\/p>\n<p style=\"text-align: right;\" align=\"justify\"><em>B\u00e1lintn\u00e9 Pados Andrea<\/em><\/p>\n","protected":false},"excerpt":{"rendered":"<p>2025. febru\u00e1r 4-\u00e9n a Magyarlak-Cs\u00f6r\u00f6tnek \u00c1ltal\u00e1nos Iskola \u00e9s a R\u00e1bagyarmati \u00c1ltal\u00e1nos Iskola 4. oszt\u00e1lyos tanul\u00f3i a szombathelyi MMIK-ban a L\u00e1z\u00e1r Ervin program keret\u00e9ben rendezett Hapci kir\u00e1ly c. mesej\u00e1t\u00e9kot tekintett\u00e9k meg. A L\u00e1z\u00e1r<a class=\"moretag\" href=\"https:\/\/altisk-mlak.edu.hu\/index.php\/lazar-ervin-hapci-kiraly\/\">Read More&#8230;<\/a><\/p>\n","protected":false},"author":3,"featured_media":0,"comment_status":"closed","ping_status":"closed","sticky":false,"template":"","format":"standard","meta":{"two_page_speed":[],"footnotes":""},"categories":[1],"tags":[],"class_list":["post-2892","post","type-post","status-publish","format-standard","hentry","category-egyeb"],"_links":{"self":[{"href":"https:\/\/altisk-mlak.edu.hu\/index.php\/wp-json\/wp\/v2\/posts\/2892","targetHints":{"allow":["GET"]}}],"collection":[{"href":"https:\/\/altisk-mlak.edu.hu\/index.php\/wp-json\/wp\/v2\/posts"}],"about":[{"href":"https:\/\/altisk-mlak.edu.hu\/index.php\/wp-json\/wp\/v2\/types\/post"}],"author":[{"embeddable":true,"href":"https:\/\/altisk-mlak.edu.hu\/index.php\/wp-json\/wp\/v2\/users\/3"}],"replies":[{"embeddable":true,"href":"https:\/\/altisk-mlak.edu.hu\/index.php\/wp-json\/wp\/v2\/comments?post=2892"}],"version-history":[{"count":1,"href":"https:\/\/altisk-mlak.edu.hu\/index.php\/wp-json\/wp\/v2\/posts\/2892\/revisions"}],"predecessor-version":[{"id":2898,"href":"https:\/\/altisk-mlak.edu.hu\/index.php\/wp-json\/wp\/v2\/posts\/2892\/revisions\/2898"}],"wp:attachment":[{"href":"https:\/\/altisk-mlak.edu.hu\/index.php\/wp-json\/wp\/v2\/media?parent=2892"}],"wp:term":[{"taxonomy":"category","embeddable":true,"href":"https:\/\/altisk-mlak.edu.hu\/index.php\/wp-json\/wp\/v2\/categories?post=2892"},{"taxonomy":"post_tag","embeddable":true,"href":"https:\/\/altisk-mlak.edu.hu\/index.php\/wp-json\/wp\/v2\/tags?post=2892"}],"curies":[{"name":"wp","href":"https:\/\/api.w.org\/{rel}","templated":true}]}}