{"id":2915,"date":"2025-03-02T13:46:30","date_gmt":"2025-03-02T13:46:30","guid":{"rendered":"https:\/\/altisk-mlak.edu.hu\/?p=2915"},"modified":"2025-03-04T14:45:27","modified_gmt":"2025-03-04T14:45:27","slug":"marciusi-iskolamise","status":"publish","type":"post","link":"https:\/\/altisk-mlak.edu.hu\/index.php\/marciusi-iskolamise\/","title":{"rendered":"M\u00e1rciusi iskolamise"},"content":{"rendered":"<table style=\"border-collapse: collapse; width: 450px; background-image: url('https:\/\/altisk-mlak.edu.hu\/wp-content\/uploads\/2025\/01\/iskolamise-hatter.png'); background-repeat: no-repeat; height: 703px;\">\n<tbody>\n<tr>\n<td style=\"height: 47px;\"><\/td>\n<\/tr>\n<tr style=\"height: 523px;\">\n<td style=\"width: 60%; text-align: center; height: 523px;\"><span style=\"font-size: 18pt;\">ISKOLAMISE<\/span><br \/>\n<span style=\"font-size: 12pt;\"><strong>2025. m\u00e1rcius 3-\u00e1n (h\u00e9tf\u0151n)<\/strong><\/span><br \/>\n<span style=\"font-size: 12pt;\"><strong>14<sup>30<\/sup> \u00f3rakor iskolamise<\/strong> lesz a<\/span><br \/>\n<span style=\"font-size: 12pt;\"><strong>Magyarlak-Cs\u00f6r\u00f6tnek<\/strong><\/span><br \/>\n<span style=\"font-size: 12pt;\"><strong>\u00c1ltal\u00e1nos Iskol\u00e1ban<\/strong>.<\/span><\/p>\n<p><span style=\"font-size: 12pt;\">A szentmise keret\u00e9ben az iskolak\u00f6z\u00f6ss\u00e9g<br \/>\negy\u00fctt im\u00e1dkozik Ferenc p\u00e1pa gy\u00f3gyul\u00e1s\u00e1\u00e9rt.<br \/>\nA mis\u00e9t k\u00f6vet\u0151en az iskolakert meg\u00e1ld\u00e1s\u00e1ra is<br \/>\nsor ker\u00fcl.<\/span><br \/>\n<span style=\"font-size: 12pt;\">A szertart\u00e1st bemutatja<\/span><br \/>\n<span style=\"font-size: 12pt;\">Dr. Tak\u00e1cs Gyula pl\u00e9b\u00e1nos,<\/span><br \/>\n<span style=\"font-size: 12pt;\">iskolalelk\u00e9sz.<br \/>\n<\/span><span style=\"font-size: 12pt;\">Szeretettel v\u00e1rjuk a Sz\u00fcl\u0151ket, <\/span><span style=\"font-size: 12pt;\">Nagysz\u00fcl\u0151ket<br \/>\n\u00e9s az <\/span><span style=\"font-size: 12pt;\">Egyh\u00e1tk\u00f6zs\u00e9g h\u00edveit!<\/span><br \/>\n<span style=\"font-size: 12pt;\">J\u00c9ZUS T\u00c9GED IS V\u00c1R!<\/span><\/td>\n<\/tr>\n<tr style=\"height: 60px;\">\n<td style=\"height: 133px;\"><\/td>\n<\/tr>\n<\/tbody>\n<\/table>\n","protected":false},"excerpt":{"rendered":"<p>ISKOLAMISE 2025. m\u00e1rcius 3-\u00e1n (h\u00e9tf\u0151n) 1430 \u00f3rakor iskolamise lesz a Magyarlak-Cs\u00f6r\u00f6tnek \u00c1ltal\u00e1nos Iskol\u00e1ban. A szentmise keret\u00e9ben az iskolak\u00f6z\u00f6ss\u00e9g egy\u00fctt im\u00e1dkozik Ferenc p\u00e1pa gy\u00f3gyul\u00e1s\u00e1\u00e9rt. A mis\u00e9t k\u00f6vet\u0151en az iskolakert meg\u00e1ld\u00e1s\u00e1ra is sor ker\u00fcl.<a class=\"moretag\" href=\"https:\/\/altisk-mlak.edu.hu\/index.php\/marciusi-iskolamise\/\">Read More&#8230;<\/a><\/p>\n","protected":false},"author":3,"featured_media":0,"comment_status":"closed","ping_status":"closed","sticky":false,"template":"","format":"standard","meta":{"two_page_speed":[],"footnotes":""},"categories":[1],"tags":[],"class_list":["post-2915","post","type-post","status-publish","format-standard","hentry","category-egyeb"],"_links":{"self":[{"href":"https:\/\/altisk-mlak.edu.hu\/index.php\/wp-json\/wp\/v2\/posts\/2915","targetHints":{"allow":["GET"]}}],"collection":[{"href":"https:\/\/altisk-mlak.edu.hu\/index.php\/wp-json\/wp\/v2\/posts"}],"about":[{"href":"https:\/\/altisk-mlak.edu.hu\/index.php\/wp-json\/wp\/v2\/types\/post"}],"author":[{"embeddable":true,"href":"https:\/\/altisk-mlak.edu.hu\/index.php\/wp-json\/wp\/v2\/users\/3"}],"replies":[{"embeddable":true,"href":"https:\/\/altisk-mlak.edu.hu\/index.php\/wp-json\/wp\/v2\/comments?post=2915"}],"version-history":[{"count":2,"href":"https:\/\/altisk-mlak.edu.hu\/index.php\/wp-json\/wp\/v2\/posts\/2915\/revisions"}],"predecessor-version":[{"id":2917,"href":"https:\/\/altisk-mlak.edu.hu\/index.php\/wp-json\/wp\/v2\/posts\/2915\/revisions\/2917"}],"wp:attachment":[{"href":"https:\/\/altisk-mlak.edu.hu\/index.php\/wp-json\/wp\/v2\/media?parent=2915"}],"wp:term":[{"taxonomy":"category","embeddable":true,"href":"https:\/\/altisk-mlak.edu.hu\/index.php\/wp-json\/wp\/v2\/categories?post=2915"},{"taxonomy":"post_tag","embeddable":true,"href":"https:\/\/altisk-mlak.edu.hu\/index.php\/wp-json\/wp\/v2\/tags?post=2915"}],"curies":[{"name":"wp","href":"https:\/\/api.w.org\/{rel}","templated":true}]}}