{"id":2920,"date":"2025-03-04T15:00:00","date_gmt":"2025-03-04T15:00:00","guid":{"rendered":"https:\/\/altisk-mlak.edu.hu\/?p=2920"},"modified":"2025-04-16T06:47:48","modified_gmt":"2025-04-16T06:47:48","slug":"beiratas2025","status":"publish","type":"post","link":"https:\/\/altisk-mlak.edu.hu\/index.php\/beiratas2025\/","title":{"rendered":"Be\u00edrat\u00e1s a 2025\/2026-os tan\u00e9vre"},"content":{"rendered":"<table style=\"border-collapse: collapse; width: 500px; background-image: url('https:\/\/altisk-mlak.edu.hu\/wp-content\/uploads\/2025\/03\/Beiratas_hatter_2025-2026.png'); background-size: 100% 100%; background-repeat: no-repeat; height: 800px;\">\n<tbody>\n<tr>\n<td style=\"height: 47px;\"><\/td>\n<\/tr>\n<tr style=\"height: 523px;\">\n<td style=\"width: 60%; text-align: center; height: 523px;\">&nbsp;<\/p>\n<p><strong>\u00c1ltal\u00e1nos iskolai be\u00edrat\u00e1s a<\/strong><br \/>\n<strong>2025\/2026-os tan\u00e9vre<\/strong><br \/>\n<strong>a Magyarlak-Cs\u00f6r\u00f6tnek<\/strong><br \/>\n<strong>\u00c1ltal\u00e1nos Iskol\u00e1j\u00e1ban<\/strong><br \/>\n<span style=\"font-size: 12pt;\"><strong>2025. \u00e1prilis 10-\u00e9n (cs\u00fct\u00f6rt\u00f6k)<\/strong><\/span><br \/>\n<span style=\"font-size: 12pt;\"><strong>8.00 &#8211; 17.00<\/strong><\/span><br \/>\nA beiratkoz\u00e1sn\u00e1l k\u00e9rt dokumentumok:<\/p>\n<p style=\"text-decoration: underline;\">A gyermekre vonatkoz\u00f3an<\/p>\n<p>sz\u00fclet\u00e9si anyak\u00f6nyvi kivonat<br \/>\nszem\u00e9lyi igazolv\u00e1ny vagy \u00fatlev\u00e9l<br \/>\nlakc\u00edmk\u00e1rtya<br \/>\nad\u00f3k\u00e1rtya<br \/>\nTAJ-k\u00e1rtya<br \/>\nSzak\u00e9rt\u0151i v\u00e9lem\u00e9ny BTMN, SNI eset\u00e9n<br \/>\nRendszeres gyermekv\u00e9delmi kedvezm\u00e9nyre<br \/>\njogos\u00edt\u00f3 hat\u00e1rozat<br \/>\nNEK-adatlap di\u00e1kigazolv\u00e1ny k\u00e9sz\u00edt\u00e9s\u00e9hez<br \/>\n(el\u0151zetesen beszerzend\u0151 az okm\u00e1nyirod\u00e1ban)<br \/>\nSzeretettel v\u00e1rjuk leend\u0151 els\u0151seinket!<\/td>\n<\/tr>\n<tr style=\"height: 60px;\">\n<td style=\"height: 133px;\"><\/td>\n<\/tr>\n<\/tbody>\n<\/table>\n","protected":false},"excerpt":{"rendered":"<p>&nbsp; \u00c1ltal\u00e1nos iskolai be\u00edrat\u00e1s a 2025\/2026-os tan\u00e9vre a Magyarlak-Cs\u00f6r\u00f6tnek \u00c1ltal\u00e1nos Iskol\u00e1j\u00e1ban 2025. \u00e1prilis 10-\u00e9n (cs\u00fct\u00f6rt\u00f6k) 8.00 &#8211; 17.00 A beiratkoz\u00e1sn\u00e1l k\u00e9rt dokumentumok: A gyermekre vonatkoz\u00f3an sz\u00fclet\u00e9si anyak\u00f6nyvi kivonat szem\u00e9lyi igazolv\u00e1ny vagy \u00fatlev\u00e9l<a class=\"moretag\" href=\"https:\/\/altisk-mlak.edu.hu\/index.php\/beiratas2025\/\">Read More&#8230;<\/a><\/p>\n","protected":false},"author":3,"featured_media":0,"comment_status":"closed","ping_status":"closed","sticky":false,"template":"","format":"standard","meta":{"two_page_speed":[],"footnotes":""},"categories":[1],"tags":[],"class_list":["post-2920","post","type-post","status-publish","format-standard","hentry","category-egyeb"],"_links":{"self":[{"href":"https:\/\/altisk-mlak.edu.hu\/index.php\/wp-json\/wp\/v2\/posts\/2920","targetHints":{"allow":["GET"]}}],"collection":[{"href":"https:\/\/altisk-mlak.edu.hu\/index.php\/wp-json\/wp\/v2\/posts"}],"about":[{"href":"https:\/\/altisk-mlak.edu.hu\/index.php\/wp-json\/wp\/v2\/types\/post"}],"author":[{"embeddable":true,"href":"https:\/\/altisk-mlak.edu.hu\/index.php\/wp-json\/wp\/v2\/users\/3"}],"replies":[{"embeddable":true,"href":"https:\/\/altisk-mlak.edu.hu\/index.php\/wp-json\/wp\/v2\/comments?post=2920"}],"version-history":[{"count":3,"href":"https:\/\/altisk-mlak.edu.hu\/index.php\/wp-json\/wp\/v2\/posts\/2920\/revisions"}],"predecessor-version":[{"id":3039,"href":"https:\/\/altisk-mlak.edu.hu\/index.php\/wp-json\/wp\/v2\/posts\/2920\/revisions\/3039"}],"wp:attachment":[{"href":"https:\/\/altisk-mlak.edu.hu\/index.php\/wp-json\/wp\/v2\/media?parent=2920"}],"wp:term":[{"taxonomy":"category","embeddable":true,"href":"https:\/\/altisk-mlak.edu.hu\/index.php\/wp-json\/wp\/v2\/categories?post=2920"},{"taxonomy":"post_tag","embeddable":true,"href":"https:\/\/altisk-mlak.edu.hu\/index.php\/wp-json\/wp\/v2\/tags?post=2920"}],"curies":[{"name":"wp","href":"https:\/\/api.w.org\/{rel}","templated":true}]}}