{"id":2923,"date":"2025-03-07T14:17:15","date_gmt":"2025-03-07T14:17:15","guid":{"rendered":"https:\/\/altisk-mlak.edu.hu\/?p=2923"},"modified":"2025-03-07T14:17:29","modified_gmt":"2025-03-07T14:17:29","slug":"marciusi-iskolamise-2","status":"publish","type":"post","link":"https:\/\/altisk-mlak.edu.hu\/index.php\/marciusi-iskolamise-2\/","title":{"rendered":"M\u00e1rciusi iskolamise"},"content":{"rendered":"<p align=\"justify\">Dr. Tak\u00e1cs Gyula kanonok, pl\u00e9b\u00e1nos atya rendhagy\u00f3 m\u00f3don kezdte a m\u00e1rciusi iskolamis\u00e9t. Elmondta, hogy Ferenc p\u00e1pa tov\u00e1bbra is k\u00f3rh\u00e1zban tart\u00f3zkodik, \u00e9s szerte a vil\u00e1gban im\u00e1dkoznak az egyh\u00e1zf\u0151 gy\u00f3gyul\u00e1s\u00e1\u00e9rt. Az iskolak\u00f6z\u00f6ss\u00e9g a reggeli \u00e9s hittan\u00f3rai im\u00e1ban a Szentaty\u00e1\u00e9rt foh\u00e1szkodik, \u00e9s az iskolamis\u00e9t is az \u0150 eg\u00e9szs\u00e9g\u00e9rt aj\u00e1nlja fel.<\/p>\n<table style=\"border-collapse: collapse; width: 100%;\">\n<tbody>\n<tr>\n<td style=\"width: 50%;\"><img fetchpriority=\"high\" decoding=\"async\" class=\"aligncenter wp-image-2925 size-large\" src=\"https:\/\/altisk-mlak.edu.hu\/wp-content\/uploads\/2025\/03\/1000001996-scaled-e1741357000199-1024x611.jpg\" alt=\"\" width=\"604\" height=\"360\" srcset=\"https:\/\/altisk-mlak.edu.hu\/wp-content\/uploads\/2025\/03\/1000001996-scaled-e1741357000199-1024x611.jpg 1024w, https:\/\/altisk-mlak.edu.hu\/wp-content\/uploads\/2025\/03\/1000001996-scaled-e1741357000199-300x179.jpg 300w, https:\/\/altisk-mlak.edu.hu\/wp-content\/uploads\/2025\/03\/1000001996-scaled-e1741357000199-768x458.jpg 768w, https:\/\/altisk-mlak.edu.hu\/wp-content\/uploads\/2025\/03\/1000001996-scaled-e1741357000199-1536x916.jpg 1536w, https:\/\/altisk-mlak.edu.hu\/wp-content\/uploads\/2025\/03\/1000001996-scaled-e1741357000199-2048x1222.jpg 2048w, https:\/\/altisk-mlak.edu.hu\/wp-content\/uploads\/2025\/03\/1000001996-scaled-e1741357000199-600x358.jpg 600w\" sizes=\"(max-width: 604px) 100vw, 604px\" \/><\/td>\n<td style=\"width: 50%;\"><img decoding=\"async\" class=\"aligncenter size-large wp-image-2924\" src=\"https:\/\/altisk-mlak.edu.hu\/wp-content\/uploads\/2025\/03\/1000002078-1024x617.jpg\" alt=\"\" width=\"604\" height=\"364\" srcset=\"https:\/\/altisk-mlak.edu.hu\/wp-content\/uploads\/2025\/03\/1000002078-1024x617.jpg 1024w, https:\/\/altisk-mlak.edu.hu\/wp-content\/uploads\/2025\/03\/1000002078-300x181.jpg 300w, https:\/\/altisk-mlak.edu.hu\/wp-content\/uploads\/2025\/03\/1000002078-768x463.jpg 768w, https:\/\/altisk-mlak.edu.hu\/wp-content\/uploads\/2025\/03\/1000002078-1536x925.jpg 1536w, https:\/\/altisk-mlak.edu.hu\/wp-content\/uploads\/2025\/03\/1000002078-2048x1233.jpg 2048w, https:\/\/altisk-mlak.edu.hu\/wp-content\/uploads\/2025\/03\/1000002078-600x361.jpg 600w\" sizes=\"(max-width: 604px) 100vw, 604px\" \/><\/td>\n<\/tr>\n<\/tbody>\n<\/table>\n<p align=\"justify\">Gyula atya a szentbesz\u00e9dben azt v\u00e1zolta, hogy buzg\u00f3s\u00e1got \u00e9s \u00f6r\u00f6met k\u00e9rhet\u00fcnk a j\u00f3 Istent\u0151l, \u00e9s \u0150 adott, ad is nek\u00fcnk. A szentmise el\u0151tt is, hiszen vid\u00e1m zsibong\u00e1s t\u00f6lt\u00f6tte be a k\u00e1poln\u00e1v\u00e1 alak\u00edtott aul\u00e1t. \u00d6r\u00f6m v\u00e1rja otthon az iskolamis\u00e9r\u0151l haza\u00e9rkez\u0151 gyermeket. Holnap is \u00f6r\u00f6mmel indul el a di\u00e1k az iskol\u00e1ba, azt\u00e1n a nap folyam\u00e1n sok-sok \u00f6r\u00f6mt\u0151l dobban meg a sz\u00edve. Az Isten azt akarja, hogy sokat \u00f6r\u00fclj\u00fcnk. A Szent\u00edr\u00e1sban is \u00edrva vagyon: \u201e\u00d6r\u00fcljetek az \u00darban mindenkor; ism\u00e9t mondom, \u00f6r\u00fcljetek!\u201d (P\u00e1l levele a filippiekhez). Az Isten a j\u00f3kedv\u0171eket szereti l\u00e1tni. Most a farsang idej\u00e9n k\u00fcl\u00f6n\u00f6sen ideje van az \u00f6r\u00f6mnek, az \u00f6rvendez\u00e9snek. \u00d6r\u00fclni kell minden kis dolognak, \u00f6r\u00fclni \u00e9s \u00f6r\u00fclni, amin csak lehet. Az iskolalelk\u00e9sz azt k\u00edv\u00e1nta mindannyiunknak, hogy sok \u00f6r\u00f6mben legyen r\u00e9sz\u00fcnk, \u00e9s ilyenkor a j\u00f3 Isten mosollyal tekint r\u00e1nk. A szentmise v\u00e9g\u00e9n az iskolalelk\u00e9sz meg\u00e1ldotta az iskolakertet, a cserepekbe el\u00fcltetett kis magokat, valamint a gyermekeket is, hogy kibontakozzanak, n\u00f6vekedjenek, sz\u00e1rba sz\u00f6kkenjenek, \u00e9s id\u0151vel j\u00f3 \u00e9s b\u0151s\u00e9ges term\u00e9st hozzanak.<\/p>\n<p style=\"text-align: right;\" align=\"justify\"><em>Mezein\u00e9 Kiss Katalin<\/em><\/p>\n","protected":false},"excerpt":{"rendered":"<p>Dr. Tak\u00e1cs Gyula kanonok, pl\u00e9b\u00e1nos atya rendhagy\u00f3 m\u00f3don kezdte a m\u00e1rciusi iskolamis\u00e9t. Elmondta, hogy Ferenc p\u00e1pa tov\u00e1bbra is k\u00f3rh\u00e1zban tart\u00f3zkodik, \u00e9s szerte a vil\u00e1gban im\u00e1dkoznak az egyh\u00e1zf\u0151 gy\u00f3gyul\u00e1s\u00e1\u00e9rt. Az iskolak\u00f6z\u00f6ss\u00e9g a reggeli<a class=\"moretag\" href=\"https:\/\/altisk-mlak.edu.hu\/index.php\/marciusi-iskolamise-2\/\">Read More&#8230;<\/a><\/p>\n","protected":false},"author":3,"featured_media":0,"comment_status":"closed","ping_status":"closed","sticky":false,"template":"","format":"standard","meta":{"two_page_speed":[],"footnotes":""},"categories":[1],"tags":[],"class_list":["post-2923","post","type-post","status-publish","format-standard","hentry","category-egyeb"],"_links":{"self":[{"href":"https:\/\/altisk-mlak.edu.hu\/index.php\/wp-json\/wp\/v2\/posts\/2923","targetHints":{"allow":["GET"]}}],"collection":[{"href":"https:\/\/altisk-mlak.edu.hu\/index.php\/wp-json\/wp\/v2\/posts"}],"about":[{"href":"https:\/\/altisk-mlak.edu.hu\/index.php\/wp-json\/wp\/v2\/types\/post"}],"author":[{"embeddable":true,"href":"https:\/\/altisk-mlak.edu.hu\/index.php\/wp-json\/wp\/v2\/users\/3"}],"replies":[{"embeddable":true,"href":"https:\/\/altisk-mlak.edu.hu\/index.php\/wp-json\/wp\/v2\/comments?post=2923"}],"version-history":[{"count":1,"href":"https:\/\/altisk-mlak.edu.hu\/index.php\/wp-json\/wp\/v2\/posts\/2923\/revisions"}],"predecessor-version":[{"id":2926,"href":"https:\/\/altisk-mlak.edu.hu\/index.php\/wp-json\/wp\/v2\/posts\/2923\/revisions\/2926"}],"wp:attachment":[{"href":"https:\/\/altisk-mlak.edu.hu\/index.php\/wp-json\/wp\/v2\/media?parent=2923"}],"wp:term":[{"taxonomy":"category","embeddable":true,"href":"https:\/\/altisk-mlak.edu.hu\/index.php\/wp-json\/wp\/v2\/categories?post=2923"},{"taxonomy":"post_tag","embeddable":true,"href":"https:\/\/altisk-mlak.edu.hu\/index.php\/wp-json\/wp\/v2\/tags?post=2923"}],"curies":[{"name":"wp","href":"https:\/\/api.w.org\/{rel}","templated":true}]}}