{"id":2927,"date":"2025-03-07T14:24:18","date_gmt":"2025-03-07T14:24:18","guid":{"rendered":"https:\/\/altisk-mlak.edu.hu\/?p=2927"},"modified":"2025-03-07T14:35:09","modified_gmt":"2025-03-07T14:35:09","slug":"rabagyarmati-diakok-sikere","status":"publish","type":"post","link":"https:\/\/altisk-mlak.edu.hu\/index.php\/rabagyarmati-diakok-sikere\/","title":{"rendered":"R\u00e1bagyarmati di\u00e1kok sikere"},"content":{"rendered":"<p align=\"justify\"><span style=\"font-size: large;\">A r\u00e1bagyarmati telephelyen m\u00e1r harmadik \u00e9ve, hogy megm\u00e9rettetj\u00fck magunkat a Tan\u00edt\u00f3k Fekete Istv\u00e1n Egyes\u00fclete \u00e1ltal meghirdetett, Harmatcsepp orsz\u00e1gos tanulm\u00e1nyi versenyen matematik\u00e1b\u00f3l \u00e9s magyar nyelv \u00e9s irodalomb\u00f3l. <\/span><\/p>\n<p align=\"justify\"><span style=\"font-size: large;\">Az idei tan\u00e9vben be\u00e9rett a sok munka gy\u00fcm\u00f6lcse. Kov\u00e1cs R\u00e9ka magyar nyelv \u00e9s irodalomb\u00f3l, Bed\u0151cs D\u00e1vid pedig matematik\u00e1b\u00f3l bejutott az el\u0151d\u00f6nt\u0151be. A 4. oszt\u00e1lyos tanul\u00f3k eg\u00e9sz \u00e9ves kitart\u00f3 szorgalma vezetett a j\u00f3 eredm\u00e9nyekhez.<\/span><\/p>\n<table style=\"border-collapse: collapse; width: 100%;\">\n<tbody>\n<tr>\n<td style=\"width: 50%;\"><img fetchpriority=\"high\" decoding=\"async\" class=\"aligncenter wp-image-2929 size-large\" src=\"https:\/\/altisk-mlak.edu.hu\/wp-content\/uploads\/2025\/03\/Gy1-e1741357330501-692x1024.jpg\" alt=\"\" width=\"604\" height=\"894\" srcset=\"https:\/\/altisk-mlak.edu.hu\/wp-content\/uploads\/2025\/03\/Gy1-e1741357330501-692x1024.jpg 692w, https:\/\/altisk-mlak.edu.hu\/wp-content\/uploads\/2025\/03\/Gy1-e1741357330501-203x300.jpg 203w, https:\/\/altisk-mlak.edu.hu\/wp-content\/uploads\/2025\/03\/Gy1-e1741357330501-768x1137.jpg 768w, https:\/\/altisk-mlak.edu.hu\/wp-content\/uploads\/2025\/03\/Gy1-e1741357330501-1037x1536.jpg 1037w, https:\/\/altisk-mlak.edu.hu\/wp-content\/uploads\/2025\/03\/Gy1-e1741357330501-405x600.jpg 405w, https:\/\/altisk-mlak.edu.hu\/wp-content\/uploads\/2025\/03\/Gy1-e1741357330501.jpg 1148w\" sizes=\"(max-width: 604px) 100vw, 604px\" \/><\/td>\n<td style=\"width: 50%;\"><img decoding=\"async\" class=\"aligncenter size-large wp-image-2928\" src=\"https:\/\/altisk-mlak.edu.hu\/wp-content\/uploads\/2025\/03\/Kovacs-Reka-679x1024.jpg\" alt=\"\" width=\"604\" height=\"911\" srcset=\"https:\/\/altisk-mlak.edu.hu\/wp-content\/uploads\/2025\/03\/Kovacs-Reka-679x1024.jpg 679w, https:\/\/altisk-mlak.edu.hu\/wp-content\/uploads\/2025\/03\/Kovacs-Reka-199x300.jpg 199w, https:\/\/altisk-mlak.edu.hu\/wp-content\/uploads\/2025\/03\/Kovacs-Reka-768x1158.jpg 768w, https:\/\/altisk-mlak.edu.hu\/wp-content\/uploads\/2025\/03\/Kovacs-Reka-1018x1536.jpg 1018w, https:\/\/altisk-mlak.edu.hu\/wp-content\/uploads\/2025\/03\/Kovacs-Reka-398x600.jpg 398w, https:\/\/altisk-mlak.edu.hu\/wp-content\/uploads\/2025\/03\/Kovacs-Reka.jpg 1080w\" sizes=\"(max-width: 604px) 100vw, 604px\" \/><\/td>\n<\/tr>\n<\/tbody>\n<\/table>\n<p align=\"justify\"><span style=\"font-size: large;\">Szeretettel gratul\u00e1lunk R\u00e9k\u00e1nak \u00e9s D\u00e1vidnak, \u00e9s tov\u00e1bbi sikereket k\u00edv\u00e1nunk mindkett\u0151j\u00fcknek az el\u0151d\u00f6nt\u0151ben!<\/span><\/p>\n<p style=\"text-align: right;\"><em><span style=\"font-size: large;\">Tarj\u00e1nyi L\u00e1szl\u00f3n\u00e9<\/span><\/em><\/p>\n<p align=\"justify\">\n","protected":false},"excerpt":{"rendered":"<p>A r\u00e1bagyarmati telephelyen m\u00e1r harmadik \u00e9ve, hogy megm\u00e9rettetj\u00fck magunkat a Tan\u00edt\u00f3k Fekete Istv\u00e1n Egyes\u00fclete \u00e1ltal meghirdetett, Harmatcsepp orsz\u00e1gos tanulm\u00e1nyi versenyen matematik\u00e1b\u00f3l \u00e9s magyar nyelv \u00e9s irodalomb\u00f3l. Az idei tan\u00e9vben be\u00e9rett a sok<a class=\"moretag\" href=\"https:\/\/altisk-mlak.edu.hu\/index.php\/rabagyarmati-diakok-sikere\/\">Read More&#8230;<\/a><\/p>\n","protected":false},"author":3,"featured_media":0,"comment_status":"closed","ping_status":"closed","sticky":false,"template":"","format":"standard","meta":{"two_page_speed":[],"footnotes":""},"categories":[1],"tags":[],"class_list":["post-2927","post","type-post","status-publish","format-standard","hentry","category-egyeb"],"_links":{"self":[{"href":"https:\/\/altisk-mlak.edu.hu\/index.php\/wp-json\/wp\/v2\/posts\/2927","targetHints":{"allow":["GET"]}}],"collection":[{"href":"https:\/\/altisk-mlak.edu.hu\/index.php\/wp-json\/wp\/v2\/posts"}],"about":[{"href":"https:\/\/altisk-mlak.edu.hu\/index.php\/wp-json\/wp\/v2\/types\/post"}],"author":[{"embeddable":true,"href":"https:\/\/altisk-mlak.edu.hu\/index.php\/wp-json\/wp\/v2\/users\/3"}],"replies":[{"embeddable":true,"href":"https:\/\/altisk-mlak.edu.hu\/index.php\/wp-json\/wp\/v2\/comments?post=2927"}],"version-history":[{"count":1,"href":"https:\/\/altisk-mlak.edu.hu\/index.php\/wp-json\/wp\/v2\/posts\/2927\/revisions"}],"predecessor-version":[{"id":2930,"href":"https:\/\/altisk-mlak.edu.hu\/index.php\/wp-json\/wp\/v2\/posts\/2927\/revisions\/2930"}],"wp:attachment":[{"href":"https:\/\/altisk-mlak.edu.hu\/index.php\/wp-json\/wp\/v2\/media?parent=2927"}],"wp:term":[{"taxonomy":"category","embeddable":true,"href":"https:\/\/altisk-mlak.edu.hu\/index.php\/wp-json\/wp\/v2\/categories?post=2927"},{"taxonomy":"post_tag","embeddable":true,"href":"https:\/\/altisk-mlak.edu.hu\/index.php\/wp-json\/wp\/v2\/tags?post=2927"}],"curies":[{"name":"wp","href":"https:\/\/api.w.org\/{rel}","templated":true}]}}