{"id":2940,"date":"2025-03-20T08:42:06","date_gmt":"2025-03-20T08:42:06","guid":{"rendered":"https:\/\/altisk-mlak.edu.hu\/?p=2940"},"modified":"2025-03-20T08:44:19","modified_gmt":"2025-03-20T08:44:19","slug":"szentsegimadas-a-csorotneki-templomban","status":"publish","type":"post","link":"https:\/\/altisk-mlak.edu.hu\/index.php\/szentsegimadas-a-csorotneki-templomban\/","title":{"rendered":"Szents\u00e9gim\u00e1d\u00e1s a cs\u00f6r\u00f6tneki templomban"},"content":{"rendered":"<p><img fetchpriority=\"high\" decoding=\"async\" class=\"aligncenter wp-image-2942 size-medium\" src=\"https:\/\/altisk-mlak.edu.hu\/wp-content\/uploads\/2025\/03\/szentsegimadas-1-242x300.jpg\" alt=\"\" width=\"242\" height=\"300\" srcset=\"https:\/\/altisk-mlak.edu.hu\/wp-content\/uploads\/2025\/03\/szentsegimadas-1-242x300.jpg 242w, https:\/\/altisk-mlak.edu.hu\/wp-content\/uploads\/2025\/03\/szentsegimadas-1-825x1024.jpg 825w, https:\/\/altisk-mlak.edu.hu\/wp-content\/uploads\/2025\/03\/szentsegimadas-1-768x954.jpg 768w, https:\/\/altisk-mlak.edu.hu\/wp-content\/uploads\/2025\/03\/szentsegimadas-1-483x600.jpg 483w, https:\/\/altisk-mlak.edu.hu\/wp-content\/uploads\/2025\/03\/szentsegimadas-1.jpg 1079w\" sizes=\"(max-width: 242px) 100vw, 242px\" \/><\/p>\n<p>Dr. Sz\u00e9kely J\u00e1nos p\u00fcsp\u00f6k atya kezdem\u00e9nyez\u00e9s\u00e9re pl\u00e9b\u00e1ni\u00e1nk minden h\u00f3napban 24 \u00f3r\u00e1s szents\u00e9gim\u00e1d\u00e1st v\u00e1llalt, \u00e9s ennek sor\u00e1n a cs\u00f6r\u00f6tneki \u00d6r\u00f6k ige templomban 8 \u00e9s 10 \u00f3ra k\u00f6z\u00f6tt lehet\u0151s\u00e9g van bekapcsol\u00f3dni az im\u00e1ds\u00e1gba. Iskol\u00e1nk 6. \u00e9s 8. oszt\u00e1lyos tanul\u00f3i m\u00e1rcius 13-\u00e1n r\u00e9szt vettek a szents\u00e9gim\u00e1d\u00e1sban.<\/p>\n<p><img decoding=\"async\" class=\"aligncenter size-medium wp-image-2941\" src=\"https:\/\/altisk-mlak.edu.hu\/wp-content\/uploads\/2025\/03\/szentsegimadas-300x186.jpg\" alt=\"\" width=\"300\" height=\"186\" srcset=\"https:\/\/altisk-mlak.edu.hu\/wp-content\/uploads\/2025\/03\/szentsegimadas-300x186.jpg 300w, https:\/\/altisk-mlak.edu.hu\/wp-content\/uploads\/2025\/03\/szentsegimadas-768x475.jpg 768w, https:\/\/altisk-mlak.edu.hu\/wp-content\/uploads\/2025\/03\/szentsegimadas-600x371.jpg 600w, https:\/\/altisk-mlak.edu.hu\/wp-content\/uploads\/2025\/03\/szentsegimadas.jpg 924w\" sizes=\"(max-width: 300px) 100vw, 300px\" \/><\/p>\n<p>A k\u00f6z\u00f6s im\u00e1t Frigy J\u00f3zsef akolitus vezette sz\u00e1mukra. Felemel\u0151 \u00e9rz\u00e9s volt, hogy az elcsendesed\u00e9s sor\u00e1n test\u00fcnk, lelk\u00fcnk megny\u00edlt az isteni jelenl\u00e9tre, j\u00f3s\u00e1gra, szeretetre.<\/p>\n<p><img decoding=\"async\" class=\"aligncenter size-medium wp-image-2943\" src=\"https:\/\/altisk-mlak.edu.hu\/wp-content\/uploads\/2025\/03\/20250313_095820-300x169.jpg\" alt=\"\" width=\"300\" height=\"169\" srcset=\"https:\/\/altisk-mlak.edu.hu\/wp-content\/uploads\/2025\/03\/20250313_095820-300x169.jpg 300w, https:\/\/altisk-mlak.edu.hu\/wp-content\/uploads\/2025\/03\/20250313_095820-1024x576.jpg 1024w, https:\/\/altisk-mlak.edu.hu\/wp-content\/uploads\/2025\/03\/20250313_095820-768x432.jpg 768w, https:\/\/altisk-mlak.edu.hu\/wp-content\/uploads\/2025\/03\/20250313_095820-1536x864.jpg 1536w, https:\/\/altisk-mlak.edu.hu\/wp-content\/uploads\/2025\/03\/20250313_095820-2048x1152.jpg 2048w, https:\/\/altisk-mlak.edu.hu\/wp-content\/uploads\/2025\/03\/20250313_095820-1600x900.jpg 1600w, https:\/\/altisk-mlak.edu.hu\/wp-content\/uploads\/2025\/03\/20250313_095820-600x338.jpg 600w\" sizes=\"(max-width: 300px) 100vw, 300px\" \/><\/p>\n","protected":false},"excerpt":{"rendered":"<p>Dr. Sz\u00e9kely J\u00e1nos p\u00fcsp\u00f6k atya kezdem\u00e9nyez\u00e9s\u00e9re pl\u00e9b\u00e1ni\u00e1nk minden h\u00f3napban 24 \u00f3r\u00e1s szents\u00e9gim\u00e1d\u00e1st v\u00e1llalt, \u00e9s ennek sor\u00e1n a cs\u00f6r\u00f6tneki \u00d6r\u00f6k ige templomban 8 \u00e9s 10 \u00f3ra k\u00f6z\u00f6tt lehet\u0151s\u00e9g van bekapcsol\u00f3dni az im\u00e1ds\u00e1gba. Iskol\u00e1nk<a class=\"moretag\" href=\"https:\/\/altisk-mlak.edu.hu\/index.php\/szentsegimadas-a-csorotneki-templomban\/\">Read More&#8230;<\/a><\/p>\n","protected":false},"author":3,"featured_media":0,"comment_status":"closed","ping_status":"closed","sticky":false,"template":"","format":"standard","meta":{"two_page_speed":[],"footnotes":""},"categories":[1],"tags":[],"class_list":["post-2940","post","type-post","status-publish","format-standard","hentry","category-egyeb"],"_links":{"self":[{"href":"https:\/\/altisk-mlak.edu.hu\/index.php\/wp-json\/wp\/v2\/posts\/2940","targetHints":{"allow":["GET"]}}],"collection":[{"href":"https:\/\/altisk-mlak.edu.hu\/index.php\/wp-json\/wp\/v2\/posts"}],"about":[{"href":"https:\/\/altisk-mlak.edu.hu\/index.php\/wp-json\/wp\/v2\/types\/post"}],"author":[{"embeddable":true,"href":"https:\/\/altisk-mlak.edu.hu\/index.php\/wp-json\/wp\/v2\/users\/3"}],"replies":[{"embeddable":true,"href":"https:\/\/altisk-mlak.edu.hu\/index.php\/wp-json\/wp\/v2\/comments?post=2940"}],"version-history":[{"count":1,"href":"https:\/\/altisk-mlak.edu.hu\/index.php\/wp-json\/wp\/v2\/posts\/2940\/revisions"}],"predecessor-version":[{"id":2944,"href":"https:\/\/altisk-mlak.edu.hu\/index.php\/wp-json\/wp\/v2\/posts\/2940\/revisions\/2944"}],"wp:attachment":[{"href":"https:\/\/altisk-mlak.edu.hu\/index.php\/wp-json\/wp\/v2\/media?parent=2940"}],"wp:term":[{"taxonomy":"category","embeddable":true,"href":"https:\/\/altisk-mlak.edu.hu\/index.php\/wp-json\/wp\/v2\/categories?post=2940"},{"taxonomy":"post_tag","embeddable":true,"href":"https:\/\/altisk-mlak.edu.hu\/index.php\/wp-json\/wp\/v2\/tags?post=2940"}],"curies":[{"name":"wp","href":"https:\/\/api.w.org\/{rel}","templated":true}]}}