{"id":2945,"date":"2025-03-20T08:49:13","date_gmt":"2025-03-20T08:49:13","guid":{"rendered":"https:\/\/altisk-mlak.edu.hu\/?p=2945"},"modified":"2025-03-29T13:32:31","modified_gmt":"2025-03-29T13:32:31","slug":"szabadnak-szulettel","status":"publish","type":"post","link":"https:\/\/altisk-mlak.edu.hu\/index.php\/szabadnak-szulettel\/","title":{"rendered":"Szabadnak sz\u00fclett\u00e9l"},"content":{"rendered":"<p style=\"padding-left: 80px;\"><span style=\"color: #1c1e21;\">\u201e<span style=\"font-family: Arial, serif;\"><span style=\"font-size: medium;\">H\u00e1rom sz\u00edn, amely\u00e9rt \u00e9l\u00fcnk,<br \/>\n<\/span><\/span><\/span><span style=\"color: #1c1e21;\"><span style=\"font-family: Arial, serif;\"><span style=\"font-size: medium;\">H\u00e1rom sz\u00edn, amely\u00e9rt \u00e9g\u00fcnk,<br \/>\n<\/span><\/span><\/span><span style=\"color: #1c1e21;\"><span style=\"font-family: Arial, serif;\"><span style=\"font-size: medium;\">H\u00e1rom sz\u00edn, amelyet f\u00e9lt\u00fcnk,<br \/>\n<\/span><\/span><\/span><span style=\"color: #1c1e21;\"><span style=\"font-family: Arial, serif;\"><span style=\"font-size: medium;\">\u00d6r\u00f6kk\u00e9 lobogjon f\u00e9ny\u00fcnk!\u201d<\/span><\/span><\/span><\/p>\n<p align=\"justify\"><span style=\"font-family: Arial, serif;\"><span style=\"font-size: medium;\">Iskol\u00e1nkban is m\u00e9lt\u00f3k\u00e9ppen eml\u00e9kezt\u00fcnk meg 1848. m\u00e1rcius 15-r\u0151l. A m\u0171sort T\u00f3thn\u00e9 Tak\u00e1cs Hajnalka tan\u00e1rn\u0151 \u00e9s Deutsch Szilvia tan\u00edt\u00f3n\u0151 vezet\u00e9s\u00e9vel a 7. oszt\u00e1lyosok \u00e9s az \u00e9nekkarosok adt\u00e1k. Feleleven\u00edtett\u00e9k annak a h\u00edres napnak az esem\u00e9nyeit. A z\u00e1szl\u00f3 \u00e9s a kok\u00e1rd\u00e1k is a h\u00e1rom sz\u00edn fontoss\u00e1g\u00e1t, jelent\u00e9s\u00e9t emelt\u00e9k ki a dallal egy\u00fctt. Mindenki \u00fcnnepl\u0151ben jelent meg, \u00e9s term\u00e9szetesen a \u201eK\u00f6lt\u0151\u201d is visszat\u00e9rt. A k\u00e9t im\u00e1ds\u00e1gos m\u0171v\u00fcnk: a Himnusz mint nyit\u00f3, a Sz\u00f3zat mint z\u00e1r\u00f3 el\u00e9nekl\u00e9se mellett a magyar n\u00e9p indul\u00f3ja, a Nemzeti dal \u00e9s a 12 pont is elhangzott. A k\u00f6z\u00f6ns\u00e9g is kapott a Landerer nyomda kiadv\u00e1nyaib\u00f3l.<\/span><\/span><\/p>\n<table style=\"border-collapse: collapse; width: 100%;\">\n<tbody>\n<tr>\n<td style=\"width: 50%;\"><img fetchpriority=\"high\" decoding=\"async\" class=\"aligncenter size-medium wp-image-2947\" src=\"https:\/\/altisk-mlak.edu.hu\/wp-content\/uploads\/2025\/03\/marc15-1-300x175.jpg\" alt=\"\" width=\"300\" height=\"175\" srcset=\"https:\/\/altisk-mlak.edu.hu\/wp-content\/uploads\/2025\/03\/marc15-1-300x175.jpg 300w, https:\/\/altisk-mlak.edu.hu\/wp-content\/uploads\/2025\/03\/marc15-1-1024x597.jpg 1024w, https:\/\/altisk-mlak.edu.hu\/wp-content\/uploads\/2025\/03\/marc15-1-768x448.jpg 768w, https:\/\/altisk-mlak.edu.hu\/wp-content\/uploads\/2025\/03\/marc15-1-1536x895.jpg 1536w, https:\/\/altisk-mlak.edu.hu\/wp-content\/uploads\/2025\/03\/marc15-1-2048x1193.jpg 2048w, https:\/\/altisk-mlak.edu.hu\/wp-content\/uploads\/2025\/03\/marc15-1-600x350.jpg 600w\" sizes=\"(max-width: 300px) 100vw, 300px\" \/><\/td>\n<td style=\"width: 50%;\"><img decoding=\"async\" class=\"aligncenter wp-image-2946 size-medium\" src=\"https:\/\/altisk-mlak.edu.hu\/wp-content\/uploads\/2025\/03\/1000002657-scaled-e1742460542529-300x185.jpg\" alt=\"\" width=\"300\" height=\"185\" srcset=\"https:\/\/altisk-mlak.edu.hu\/wp-content\/uploads\/2025\/03\/1000002657-scaled-e1742460542529-300x185.jpg 300w, https:\/\/altisk-mlak.edu.hu\/wp-content\/uploads\/2025\/03\/1000002657-scaled-e1742460542529-1024x632.jpg 1024w, https:\/\/altisk-mlak.edu.hu\/wp-content\/uploads\/2025\/03\/1000002657-scaled-e1742460542529-768x474.jpg 768w, https:\/\/altisk-mlak.edu.hu\/wp-content\/uploads\/2025\/03\/1000002657-scaled-e1742460542529-1536x948.jpg 1536w, https:\/\/altisk-mlak.edu.hu\/wp-content\/uploads\/2025\/03\/1000002657-scaled-e1742460542529-2048x1264.jpg 2048w, https:\/\/altisk-mlak.edu.hu\/wp-content\/uploads\/2025\/03\/1000002657-scaled-e1742460542529-600x370.jpg 600w\" sizes=\"(max-width: 300px) 100vw, 300px\" \/><\/td>\n<\/tr>\n<\/tbody>\n<\/table>\n<p>\u201e<span style=\"font-family: Arial, serif;\"><span style=\"font-size: medium;\">Legy\u00fcnk b\u00fcszk\u00e9k arra, hogy magyarnak, szabadnak sz\u00fclett\u00fcnk!<br \/>\n<\/span><\/span><span style=\"font-family: Arial, serif;\"><span style=\"font-size: medium;\">Ne t\u00f6r\u0151dj vele, hogy mit mondanak<br \/>\n<\/span><\/span><span style=\"font-family: Arial, serif;\"><span style=\"font-size: medium;\">Az vagy, akinek tartod magad<br \/>\n<\/span><\/span><span style=\"font-family: Arial, serif;\"><span style=\"font-size: medium;\">Ne feledd el, hogy szabadnak sz\u00fclett\u00e9l!\u201d<\/span><\/span><\/p>\n<p style=\"text-align: right;\"><span style=\"font-family: Arial, serif;\"><span style=\"font-size: medium;\">T\u00f3thn\u00e9 Tak\u00e1cs Hajnalka<\/span><\/span><\/p>\n","protected":false},"excerpt":{"rendered":"<p>\u201eH\u00e1rom sz\u00edn, amely\u00e9rt \u00e9l\u00fcnk, H\u00e1rom sz\u00edn, amely\u00e9rt \u00e9g\u00fcnk, H\u00e1rom sz\u00edn, amelyet f\u00e9lt\u00fcnk, \u00d6r\u00f6kk\u00e9 lobogjon f\u00e9ny\u00fcnk!\u201d Iskol\u00e1nkban is m\u00e9lt\u00f3k\u00e9ppen eml\u00e9kezt\u00fcnk meg 1848. m\u00e1rcius 15-r\u0151l. A m\u0171sort T\u00f3thn\u00e9 Tak\u00e1cs Hajnalka tan\u00e1rn\u0151 \u00e9s Deutsch Szilvia<a class=\"moretag\" href=\"https:\/\/altisk-mlak.edu.hu\/index.php\/szabadnak-szulettel\/\">Read More&#8230;<\/a><\/p>\n","protected":false},"author":3,"featured_media":0,"comment_status":"closed","ping_status":"closed","sticky":false,"template":"","format":"standard","meta":{"two_page_speed":[],"footnotes":""},"categories":[1],"tags":[],"class_list":["post-2945","post","type-post","status-publish","format-standard","hentry","category-egyeb"],"_links":{"self":[{"href":"https:\/\/altisk-mlak.edu.hu\/index.php\/wp-json\/wp\/v2\/posts\/2945","targetHints":{"allow":["GET"]}}],"collection":[{"href":"https:\/\/altisk-mlak.edu.hu\/index.php\/wp-json\/wp\/v2\/posts"}],"about":[{"href":"https:\/\/altisk-mlak.edu.hu\/index.php\/wp-json\/wp\/v2\/types\/post"}],"author":[{"embeddable":true,"href":"https:\/\/altisk-mlak.edu.hu\/index.php\/wp-json\/wp\/v2\/users\/3"}],"replies":[{"embeddable":true,"href":"https:\/\/altisk-mlak.edu.hu\/index.php\/wp-json\/wp\/v2\/comments?post=2945"}],"version-history":[{"count":1,"href":"https:\/\/altisk-mlak.edu.hu\/index.php\/wp-json\/wp\/v2\/posts\/2945\/revisions"}],"predecessor-version":[{"id":2948,"href":"https:\/\/altisk-mlak.edu.hu\/index.php\/wp-json\/wp\/v2\/posts\/2945\/revisions\/2948"}],"wp:attachment":[{"href":"https:\/\/altisk-mlak.edu.hu\/index.php\/wp-json\/wp\/v2\/media?parent=2945"}],"wp:term":[{"taxonomy":"category","embeddable":true,"href":"https:\/\/altisk-mlak.edu.hu\/index.php\/wp-json\/wp\/v2\/categories?post=2945"},{"taxonomy":"post_tag","embeddable":true,"href":"https:\/\/altisk-mlak.edu.hu\/index.php\/wp-json\/wp\/v2\/tags?post=2945"}],"curies":[{"name":"wp","href":"https:\/\/api.w.org\/{rel}","templated":true}]}}