{"id":2950,"date":"2025-03-29T13:42:55","date_gmt":"2025-03-29T13:42:55","guid":{"rendered":"https:\/\/altisk-mlak.edu.hu\/?p=2950"},"modified":"2025-03-29T13:43:07","modified_gmt":"2025-03-29T13:43:07","slug":"sportdelutan-az-ivanci-szeretetotthonban","status":"publish","type":"post","link":"https:\/\/altisk-mlak.edu.hu\/index.php\/sportdelutan-az-ivanci-szeretetotthonban\/","title":{"rendered":"Sportd\u00e9lut\u00e1n az iv\u00e1nci szeretetotthonban"},"content":{"rendered":"<p align=\"justify\">M\u00e1rcius 18-\u00e1n ism\u00e9t megrendez\u00e9sre ker\u00fclt az iv\u00e1nci szeretetotthonban az imm\u00e1r hagyom\u00e1nyoss\u00e1 v\u00e1lt integr\u00e1lt asztalitenisz verseny a sport\u00e1gat szeret\u0151 ell\u00e1tottak \u00e9s iskol\u00e1nk tanul\u00f3i k\u00f6z\u00f6tt.<\/p>\n<p align=\"justify\">Ez\u00fattal is nagyon v\u00e1rtuk ezt a j\u00f3l szervezett, nagyszer\u0171 hangulat\u00fa versenyt, ahol l\u00e1nyok \u00e9s fi\u00fak k\u00fcl\u00f6n kateg\u00f3ri\u00e1ban m\u00e9rhetik \u00f6ssze tud\u00e1sukat.<\/p>\n<p align=\"justify\">Id\u00e9n sajnos nem \u00e1llt asztalhoz a helyiek \u00fcdv\u00f6sk\u00e9je, a roppant technik\u00e1s \u00e9s gyors szerv\u00e1ir\u00f3l h\u00edres fiatalember, Lajos, pedig nagyon v\u00e1rtuk a visszav\u00e1g\u00f3t, hiszen Kakas Kriszti\u00e1n tavaly vele v\u00edvta a d\u00f6nt\u0151t. Az ell\u00e1tottak egy\u00e9bk\u00e9nt a megszokott csapattal \u00e1lltak ki 5 f\u0151s csapatunk ellen, de ez\u00fattal csak a h\u00f6lgyek kateg\u00f3ri\u00e1j\u00e1ban tudtak diadalmaskodni. Itt Deli Aida Anna 6. oszt\u00e1lyos tanul\u00f3 nagyszer\u0171 menetel\u00e9s\u00e9vel a dobog\u00f3 m\u00e1sodik fok\u00e1ra \u00e1llhatott. Ez\u00fattal a \u201dfi\u00fakn\u00e1l\u201d iskol\u00e1nk legk\u00e9pzettebb pingpongosa, Kakas Kriszti\u00e1n szerezte meg az arany\u00e9rmet t\u00fcrelmes \u00e9s taktikus j\u00e1t\u00e9k\u00e1val. Kett\u0151j\u00fck teljes\u00edtm\u00e9ny\u00e9ben sz\u00e9pen visszak\u00f6sz\u00f6nt az elm\u00falt h\u00f3napok edz\u00e9smunk\u00e1ja.<\/p>\n<p align=\"justify\"><img fetchpriority=\"high\" decoding=\"async\" class=\"alignleft size-medium wp-image-2953\" src=\"https:\/\/altisk-mlak.edu.hu\/wp-content\/uploads\/2025\/03\/ivanc2-300x175.jpg\" alt=\"\" width=\"300\" height=\"175\" srcset=\"https:\/\/altisk-mlak.edu.hu\/wp-content\/uploads\/2025\/03\/ivanc2-300x175.jpg 300w, https:\/\/altisk-mlak.edu.hu\/wp-content\/uploads\/2025\/03\/ivanc2-1024x597.jpg 1024w, https:\/\/altisk-mlak.edu.hu\/wp-content\/uploads\/2025\/03\/ivanc2-768x448.jpg 768w, https:\/\/altisk-mlak.edu.hu\/wp-content\/uploads\/2025\/03\/ivanc2-1536x895.jpg 1536w, https:\/\/altisk-mlak.edu.hu\/wp-content\/uploads\/2025\/03\/ivanc2-2048x1194.jpg 2048w, https:\/\/altisk-mlak.edu.hu\/wp-content\/uploads\/2025\/03\/ivanc2-600x350.jpg 600w\" sizes=\"(max-width: 300px) 100vw, 300px\" \/><\/p>\n<p align=\"justify\">Iskolai csapatunk tov\u00e1bbi tagjai voltak m\u00e9g a 7. oszt\u00e1lyos fi\u00fak, T\u00f3th Bal\u00e1zs \u00e9s Z\u00e1vecz Szilveszter is, akik kiss\u00e9 t\u00fcrelmetlen j\u00e1t\u00e9kukkal k\u00f6zepesen eredm\u00e9nyesek tudtak lenni. \u00dajabb dobog\u00f3s helyez\u00e9st csapatunk 5. oszt\u00e1lyos tagja, Kakas Levente \u00e9rt el a bronz\u00e9rem megszerz\u00e9s\u00e9vel.<\/p>\n<p align=\"justify\"><img decoding=\"async\" class=\"alignright size-medium wp-image-2952\" src=\"https:\/\/altisk-mlak.edu.hu\/wp-content\/uploads\/2025\/03\/ivanc1-300x161.jpg\" alt=\"\" width=\"300\" height=\"161\" srcset=\"https:\/\/altisk-mlak.edu.hu\/wp-content\/uploads\/2025\/03\/ivanc1-300x161.jpg 300w, https:\/\/altisk-mlak.edu.hu\/wp-content\/uploads\/2025\/03\/ivanc1-1024x551.jpg 1024w, https:\/\/altisk-mlak.edu.hu\/wp-content\/uploads\/2025\/03\/ivanc1-768x413.jpg 768w, https:\/\/altisk-mlak.edu.hu\/wp-content\/uploads\/2025\/03\/ivanc1-1536x827.jpg 1536w, https:\/\/altisk-mlak.edu.hu\/wp-content\/uploads\/2025\/03\/ivanc1-2048x1102.jpg 2048w, https:\/\/altisk-mlak.edu.hu\/wp-content\/uploads\/2025\/03\/ivanc1-600x323.jpg 600w\" sizes=\"(max-width: 300px) 100vw, 300px\" \/>Az eg\u00e9sz m\u00e9rk\u0151z\u00e9st sz\u00edvvel, l\u00e9lekkel, fegyelmezetten \u00e9s sportszer\u0171en k\u00fczd\u00f6tt\u00e9k v\u00e9gig fiataljaink, mely\u00e9rt t\u00f6bb okb\u00f3l is dics\u00e9ret illeti \u0151ket, hiszen nem saj\u00e1t korcsoportjuk ellen k\u00fczd\u00f6ttek \u00e9s a gondozottakkal val\u00f3 j\u00e1t\u00e9k is k\u00fcl\u00f6nleges hozz\u00e1\u00e1ll\u00e1st \u00e9s t\u00fcrelmet ig\u00e9nyelt. J\u00f3 volt l\u00e1tni a helyiek lelkesed\u00e9s\u00e9t is, \u0151k mindig felfokozott \u00e9rzelmi \u00e1llapotban szurkolnak kedvenceiknek.<\/p>\n<p align=\"justify\">Helyezettjeink az \u00e9rmek mellett sz\u00e9p \u00e9s hasznos aj\u00e1nd\u00e9kokkal t\u00e9rtek haza \u00e9s m\u00e1r v\u00e1rj\u00e1k is a j\u00f6v\u0151 \u00e9vi versenyt.<\/p>\n<p align=\"justify\"><img decoding=\"async\" class=\"aligncenter size-medium wp-image-2951\" src=\"https:\/\/altisk-mlak.edu.hu\/wp-content\/uploads\/2025\/03\/ivanc3-300x178.jpg\" alt=\"\" width=\"300\" height=\"178\" srcset=\"https:\/\/altisk-mlak.edu.hu\/wp-content\/uploads\/2025\/03\/ivanc3-300x178.jpg 300w, https:\/\/altisk-mlak.edu.hu\/wp-content\/uploads\/2025\/03\/ivanc3-1024x608.jpg 1024w, https:\/\/altisk-mlak.edu.hu\/wp-content\/uploads\/2025\/03\/ivanc3-768x456.jpg 768w, https:\/\/altisk-mlak.edu.hu\/wp-content\/uploads\/2025\/03\/ivanc3-1536x911.jpg 1536w, https:\/\/altisk-mlak.edu.hu\/wp-content\/uploads\/2025\/03\/ivanc3-2048x1215.jpg 2048w, https:\/\/altisk-mlak.edu.hu\/wp-content\/uploads\/2025\/03\/ivanc3-600x356.jpg 600w\" sizes=\"(max-width: 300px) 100vw, 300px\" \/><\/p>\n<p align=\"justify\">K\u00f6sz\u00f6nj\u00fck az int\u00e9zm\u00e9ny vezet\u0151s\u00e9g\u00e9nek a kedves megh\u00edv\u00e1st, a profi szervez\u00e9st \u00e9s a vend\u00e9gszeretetet!<\/p>\n<p style=\"text-align: right;\"><em>M\u00e9h\u00e9sz Zolt\u00e1n<\/em><\/p>\n","protected":false},"excerpt":{"rendered":"<p>M\u00e1rcius 18-\u00e1n ism\u00e9t megrendez\u00e9sre ker\u00fclt az iv\u00e1nci szeretetotthonban az imm\u00e1r hagyom\u00e1nyoss\u00e1 v\u00e1lt integr\u00e1lt asztalitenisz verseny a sport\u00e1gat szeret\u0151 ell\u00e1tottak \u00e9s iskol\u00e1nk tanul\u00f3i k\u00f6z\u00f6tt. Ez\u00fattal is nagyon v\u00e1rtuk ezt a j\u00f3l szervezett, nagyszer\u0171<a class=\"moretag\" href=\"https:\/\/altisk-mlak.edu.hu\/index.php\/sportdelutan-az-ivanci-szeretetotthonban\/\">Read More&#8230;<\/a><\/p>\n","protected":false},"author":3,"featured_media":0,"comment_status":"closed","ping_status":"closed","sticky":false,"template":"","format":"standard","meta":{"two_page_speed":[],"footnotes":""},"categories":[1],"tags":[],"class_list":["post-2950","post","type-post","status-publish","format-standard","hentry","category-egyeb"],"_links":{"self":[{"href":"https:\/\/altisk-mlak.edu.hu\/index.php\/wp-json\/wp\/v2\/posts\/2950","targetHints":{"allow":["GET"]}}],"collection":[{"href":"https:\/\/altisk-mlak.edu.hu\/index.php\/wp-json\/wp\/v2\/posts"}],"about":[{"href":"https:\/\/altisk-mlak.edu.hu\/index.php\/wp-json\/wp\/v2\/types\/post"}],"author":[{"embeddable":true,"href":"https:\/\/altisk-mlak.edu.hu\/index.php\/wp-json\/wp\/v2\/users\/3"}],"replies":[{"embeddable":true,"href":"https:\/\/altisk-mlak.edu.hu\/index.php\/wp-json\/wp\/v2\/comments?post=2950"}],"version-history":[{"count":1,"href":"https:\/\/altisk-mlak.edu.hu\/index.php\/wp-json\/wp\/v2\/posts\/2950\/revisions"}],"predecessor-version":[{"id":2954,"href":"https:\/\/altisk-mlak.edu.hu\/index.php\/wp-json\/wp\/v2\/posts\/2950\/revisions\/2954"}],"wp:attachment":[{"href":"https:\/\/altisk-mlak.edu.hu\/index.php\/wp-json\/wp\/v2\/media?parent=2950"}],"wp:term":[{"taxonomy":"category","embeddable":true,"href":"https:\/\/altisk-mlak.edu.hu\/index.php\/wp-json\/wp\/v2\/categories?post=2950"},{"taxonomy":"post_tag","embeddable":true,"href":"https:\/\/altisk-mlak.edu.hu\/index.php\/wp-json\/wp\/v2\/tags?post=2950"}],"curies":[{"name":"wp","href":"https:\/\/api.w.org\/{rel}","templated":true}]}}