{"id":2955,"date":"2025-03-29T13:45:20","date_gmt":"2025-03-29T13:45:20","guid":{"rendered":"https:\/\/altisk-mlak.edu.hu\/?p=2955"},"modified":"2025-03-29T13:45:32","modified_gmt":"2025-03-29T13:45:32","slug":"sikerek-a-furdokulturas-palyazaton","status":"publish","type":"post","link":"https:\/\/altisk-mlak.edu.hu\/index.php\/sikerek-a-furdokulturas-palyazaton\/","title":{"rendered":"Sikerek a f\u00fcrd\u0151kult\u00far\u00e1s p\u00e1ly\u00e1zaton"},"content":{"rendered":"<p>A Vas V\u00e1rmegyei Korm\u00e1nyhivatal N\u00e9peg\u00e9szs\u00e9g\u00fcgyi F\u0151oszt\u00e1lya a v\u00e1rmegyei iskol\u00e1k 5. oszt\u00e1lyosai sz\u00e1m\u00e1ra, a f\u00fcrd\u0151kult\u00fara n\u00e9pszer\u0171s\u00edt\u00e9se t\u00e9m\u00e1ban ki\u00edrt p\u00e1ly\u00e1zat\u00e1n iskol\u00e1nk \u00f6t\u00f6dikesei is r\u00e9szt vettek a kreat\u00edv \u00f6tletek kateg\u00f3ri\u00e1ban, t\u00e1rsasj\u00e1t\u00e9k k\u00e9sz\u00edt\u00e9ssel.<\/p>\n<p>K\u00e9t p\u00e1lyamunk\u00e1t k\u00e9sz\u00edtettek, melyek \u00f6tletes \u00e9s igen sz\u00ednvonalas kidolgoz\u00e1sukkal a kiemelked\u0151 els\u0151 helyez\u00e9st \u00e9rt\u00e9k el a sz\u00e1mos iskola \u00e1ltal bek\u00fcld\u00f6tt alkot\u00e1sok k\u00f6z\u00f6tt.<\/p>\n<p>P\u00e1lyamunk\u00e1ink a hagyom\u00e1nyos dob\u00f3kock\u00e1s, t\u00f6bb j\u00e1t\u00e9kossal j\u00e1tszhat\u00f3 t\u00e1rsasj\u00e1t\u00e9kok alap\u00f6tlet\u00e9re \u00e9p\u00fcltek, azonban \u00e9rt\u00e9kes elem\u00fcknek sz\u00e1m\u00edtottak az \u00e9lm\u00e9nyf\u00fcrd\u0151k r\u00e9szeit (pl. uszoda, j\u00e1tsz\u00f3h\u00e1z, \u00e9lm\u00e9nyf\u00fcrd\u0151, b\u00fcf\u00e9 stb.) is bemutat\u00f3 sz\u00ednes kidolgoz\u00e1s\u00fa j\u00e1t\u00e9k alaplapok \u00e9s a verseng\u00e9st nehez\u00edt\u0151, illetve k\u00f6nny\u00edt\u0151 szerencsek\u00e1rty\u00e1k is.<\/p>\n<p>Az eredm\u00e9nyek kihirdet\u00e9s\u00e9re Szombathelyen, a K\u00e1moni Arbor\u00e9tum konferenciaterm\u00e9ben ker\u00fclt sor, ahol megjelentek kis nyerteseink \u00e9s felk\u00e9sz\u00edt\u0151 tan\u00e1ruk. A nagyon sz\u00ednvonalas, kisfilmek bej\u00e1tsz\u00e1s\u00e1val is tark\u00edtott d\u00edj\u00e1tad\u00f3t megtisztelt\u00e9k jelenl\u00e9t\u00fckkel Vas v\u00e1rmegye legjelent\u0151sebb gy\u00f3gy- \u00e9s \u00e9lm\u00e9nyf\u00fcrd\u0151inek vezet\u0151i is, akik szponzor\u00e1lt\u00e1k a p\u00e1ly\u00e1zatot \u00e9s \u00e1tadt\u00e1k a d\u00edjakat is. K\u00fcl\u00f6n \u00f6r\u00f6m volt sz\u00e1munkra, hogy a Szombathelyi Egyh\u00e1zmegye k\u00e9pviselet\u00e9ben T\u00e1las J\u00f3zsef EKIF igazgat\u00f3 \u00far is jelen volt, \u00e9s szem\u00e9lyesen gratul\u00e1lt kis csapatunknak.<\/p>\n<p>A helysz\u00ednen ki\u00e1ll\u00edtott nyertes alkot\u00e1sok magas sz\u00ednvonala megmutatta, hogy a p\u00e1ly\u00e1zat kiemelked\u0151 m\u00f3don el\u00e9rte c\u00e9lj\u00e1t, hiszen felkeltette gyermekeink \u00e9rdekl\u0151d\u00e9st, megmozgatta alkot\u00f3 fant\u00e1zi\u00e1jukat \u00e9s alkotva tanulhatt\u00e1k, er\u0151s\u00edthett\u00e9k magukban az eg\u00e9szs\u00e9ges f\u00fcrd\u0151haszn\u00e1lat higi\u00e9niai \u00e9s biztons\u00e1gi szab\u00e1lyait egyar\u00e1nt. \u00cdgy is lehet \u00e9s \u00e9rdemes.<\/p>\n<p>Iskol\u00e1nk \u00f6t\u00f6dikes tanul\u00f3i k\u00f6z\u00fcl Mezei Anna, Horv\u00e1th Alexa, Magyar Levente, Tak\u00e1cs Viktor \u00e9s T\u00f3th Fl\u00f3ri\u00e1n fogadt\u00e1k az elismer\u00e9seket, \u00e9s vehett\u00e9k \u00e1t az \u00e9rt\u00e9kes nyerem\u00e9nyeket, melyek k\u00f6z\u00f6tt kalandpark bel\u00e9p\u0151 mellett csal\u00e1di uszodabel\u00e9p\u0151k \u00e9s kedves kis apr\u00f3 aj\u00e1nd\u00e9kok is szerepeltek.<\/p>\n<p>Az id\u0151 r\u00f6vids\u00e9ge miatt sajnos nem tudtunk k\u00f6rbe s\u00e9t\u00e1lni az ilyenkor k\u00fcl\u00f6n\u00f6sen gy\u00f6ny\u00f6r\u0171 arbor\u00e9tumban, \u00edgy h\u00e1t egy kis gyors s\u00fcti nassol\u00e1s \u00e9s \u201e\u00fcd\u00edt\u0151z\u00e9s\u201d ut\u00e1n elb\u00facs\u00faztunk vend\u00e9gl\u00e1t\u00f3inkt\u00f3l \u00e9s sz\u00edv\u00fcnkben j\u00f3 adag b\u00fcszkes\u00e9ggel hazafel\u00e9 vett\u00fck az ir\u00e1nyt.<\/p>\n<p>V\u00e1rjuk a k\u00f6vetkez\u0151 alkot\u00f3i p\u00e1ly\u00e1zatot, hiszen a kiemelked\u0151 eredm\u00e9nyeink azt mutatj\u00e1k, hogy \u00e9rdemes nek\u00fcnk ebbe is belev\u00e1gni.<\/p>\n<p>A tanul\u00f3k elm\u00e9leti felk\u00e9sz\u00edt\u00e9s\u00e9t G\u00e1ng\u00f3 Melinda, a N\u00e9peg\u00e9szs\u00e9g\u00fcgyi Oszt\u00e1ly munkat\u00e1rsa, valamint G\u00e9csek Oliv\u00e9r testnevel\u0151tan\u00e1r v\u00e9gezte. A p\u00e1lyam\u0171vek tervez\u00e9s\u00e9t \u00e9s k\u00e9sz\u00edt\u00e9s\u00e9t, az alkot\u00f3i tev\u00e9kenys\u00e9get M\u00e9h\u00e9sz Zolt\u00e1n tan\u00e1r \u00far mentor\u00e1lta. H\u00e1l\u00e1san k\u00f6sz\u00f6nj\u00fck seg\u00edt\u0151 munk\u00e1jukat!<\/p>\n<p style=\"text-align: right;\"><em>M\u00e9h\u00e9sz Zolt\u00e1n<\/em><\/p>\n","protected":false},"excerpt":{"rendered":"<p>A Vas V\u00e1rmegyei Korm\u00e1nyhivatal N\u00e9peg\u00e9szs\u00e9g\u00fcgyi F\u0151oszt\u00e1lya a v\u00e1rmegyei iskol\u00e1k 5. oszt\u00e1lyosai sz\u00e1m\u00e1ra, a f\u00fcrd\u0151kult\u00fara n\u00e9pszer\u0171s\u00edt\u00e9se t\u00e9m\u00e1ban ki\u00edrt p\u00e1ly\u00e1zat\u00e1n iskol\u00e1nk \u00f6t\u00f6dikesei is r\u00e9szt vettek a kreat\u00edv \u00f6tletek kateg\u00f3ri\u00e1ban, t\u00e1rsasj\u00e1t\u00e9k k\u00e9sz\u00edt\u00e9ssel. K\u00e9t p\u00e1lyamunk\u00e1t k\u00e9sz\u00edtettek,<a class=\"moretag\" href=\"https:\/\/altisk-mlak.edu.hu\/index.php\/sikerek-a-furdokulturas-palyazaton\/\">Read More&#8230;<\/a><\/p>\n","protected":false},"author":3,"featured_media":0,"comment_status":"closed","ping_status":"closed","sticky":false,"template":"","format":"standard","meta":{"two_page_speed":[],"footnotes":""},"categories":[1],"tags":[],"class_list":["post-2955","post","type-post","status-publish","format-standard","hentry","category-egyeb"],"_links":{"self":[{"href":"https:\/\/altisk-mlak.edu.hu\/index.php\/wp-json\/wp\/v2\/posts\/2955","targetHints":{"allow":["GET"]}}],"collection":[{"href":"https:\/\/altisk-mlak.edu.hu\/index.php\/wp-json\/wp\/v2\/posts"}],"about":[{"href":"https:\/\/altisk-mlak.edu.hu\/index.php\/wp-json\/wp\/v2\/types\/post"}],"author":[{"embeddable":true,"href":"https:\/\/altisk-mlak.edu.hu\/index.php\/wp-json\/wp\/v2\/users\/3"}],"replies":[{"embeddable":true,"href":"https:\/\/altisk-mlak.edu.hu\/index.php\/wp-json\/wp\/v2\/comments?post=2955"}],"version-history":[{"count":1,"href":"https:\/\/altisk-mlak.edu.hu\/index.php\/wp-json\/wp\/v2\/posts\/2955\/revisions"}],"predecessor-version":[{"id":2956,"href":"https:\/\/altisk-mlak.edu.hu\/index.php\/wp-json\/wp\/v2\/posts\/2955\/revisions\/2956"}],"wp:attachment":[{"href":"https:\/\/altisk-mlak.edu.hu\/index.php\/wp-json\/wp\/v2\/media?parent=2955"}],"wp:term":[{"taxonomy":"category","embeddable":true,"href":"https:\/\/altisk-mlak.edu.hu\/index.php\/wp-json\/wp\/v2\/categories?post=2955"},{"taxonomy":"post_tag","embeddable":true,"href":"https:\/\/altisk-mlak.edu.hu\/index.php\/wp-json\/wp\/v2\/tags?post=2955"}],"curies":[{"name":"wp","href":"https:\/\/api.w.org\/{rel}","templated":true}]}}