{"id":2957,"date":"2025-03-29T13:48:32","date_gmt":"2025-03-29T13:48:32","guid":{"rendered":"https:\/\/altisk-mlak.edu.hu\/?p=2957"},"modified":"2025-03-29T13:56:20","modified_gmt":"2025-03-29T13:56:20","slug":"szinhazban-voltunk","status":"publish","type":"post","link":"https:\/\/altisk-mlak.edu.hu\/index.php\/szinhazban-voltunk\/","title":{"rendered":"Sz\u00ednh\u00e1zban voltunk"},"content":{"rendered":"<p style=\"text-align: justify;\">2025. m\u00e1rcius 19-\u00e9n iskol\u00e1nk \u00f6t\u00f6dik oszt\u00e1lyos tanul\u00f3i a L\u00e1z\u00e1r Ervin program keret\u00e9ben egy sz\u00ednh\u00e1zi el\u0151ad\u00e1son vettek r\u00e9szt a szombathelyi We\u00f6res S\u00e1ndor Sz\u00ednh\u00e1zban. \u00d3z, a csod\u00e1k csod\u00e1ja c. darabot tekintett\u00fck meg t\u00f6bb m\u00e1s iskola di\u00e1kjaival egy\u00fctt.<\/p>\n<p style=\"text-align: justify;\">Az el\u0151ad\u00e1s t\u00e9m\u00e1ja m\u00e1r ismert volt sz\u00e1munkra, de ennek ellen\u00e9re k\u00edv\u00e1ncsian v\u00e1rtuk a produkci\u00f3t. \u00d3z, a nagy var\u00e1zsl\u00f3 t\u00f6rt\u00e9nete sz\u00e1mos esetben szerepelt m\u00e1r a telev\u00edzi\u00f3 programjai k\u00f6zt is, azonban az \u00e9l\u0151 el\u0151ad\u00e1st semmi sem p\u00f3tolhatja.<\/p>\n<p style=\"text-align: justify;\">A t\u00f6rt\u00e9net igazi modern mese \u00e9s val\u00f3j\u00e1ban az als\u00f3s kisiskol\u00e1soknak ny\u00fajthat tal\u00e1n nagyobb \u00e9lm\u00e9nyt, de az el\u0151ad\u00e1s hangulata mag\u00e1val ragad\u00f3 volt. Peregtek az esem\u00e9nyek, v\u00e1ltoztak a d\u00edszletek, hanghat\u00e1sok \u00e9s a sz\u00edn\u00e9szek bele\u00e9l\u0151 j\u00e1t\u00e9ka megragadta figyelm\u00fcnket, egy\u00fctt izgultunk Dorothy sors\u00e1\u00e9rt.<\/p>\n<p style=\"text-align: justify;\">A sz\u00ednvonalas el\u0151ad\u00e1st fiataljaink nagy tapssal k\u00f6sz\u00f6nt\u00e9k meg, majd buszra sz\u00e1lltunk \u00e9s \u00f6rvendetes, hogy haz\u00e1ig besz\u00e9dt\u00e9ma volt a t\u00f6rt\u00e9net, vagy \u00e9ppen az egyes sz\u00edn\u00e9szek j\u00e1t\u00e9ka.<\/p>\n<p style=\"text-align: justify;\">A sz\u00ednh\u00e1z k\u00fcl\u00f6nleges vil\u00e1g, a kult\u00fara egyik szent helye, melyben gyermekeink megtanulhatj\u00e1k a m\u0171v\u00e9szetek tisztelet\u00e9t, az \u00e9lm\u00e9ny befogad\u00e1s\u00e1nak kultur\u00e1lt m\u00f3dj\u00e1t.<\/p>\n<p style=\"text-align: justify;\">Erre most is nagyszer\u0171 lehet\u0151s\u00e9get kaptunk, k\u00f6sz\u00f6net \u00e9rte!<\/p>\n<p style=\"text-align: right;\"><em>M\u00e9h\u00e9sz Zolt\u00e1n<\/em><\/p>\n","protected":false},"excerpt":{"rendered":"<p>2025. m\u00e1rcius 19-\u00e9n iskol\u00e1nk \u00f6t\u00f6dik oszt\u00e1lyos tanul\u00f3i a L\u00e1z\u00e1r Ervin program keret\u00e9ben egy sz\u00ednh\u00e1zi el\u0151ad\u00e1son vettek r\u00e9szt a szombathelyi We\u00f6res S\u00e1ndor Sz\u00ednh\u00e1zban. \u00d3z, a csod\u00e1k csod\u00e1ja c. darabot tekintett\u00fck meg t\u00f6bb m\u00e1s<a class=\"moretag\" href=\"https:\/\/altisk-mlak.edu.hu\/index.php\/szinhazban-voltunk\/\">Read More&#8230;<\/a><\/p>\n","protected":false},"author":3,"featured_media":0,"comment_status":"closed","ping_status":"closed","sticky":false,"template":"","format":"standard","meta":{"two_page_speed":[],"footnotes":""},"categories":[1],"tags":[],"class_list":["post-2957","post","type-post","status-publish","format-standard","hentry","category-egyeb"],"_links":{"self":[{"href":"https:\/\/altisk-mlak.edu.hu\/index.php\/wp-json\/wp\/v2\/posts\/2957","targetHints":{"allow":["GET"]}}],"collection":[{"href":"https:\/\/altisk-mlak.edu.hu\/index.php\/wp-json\/wp\/v2\/posts"}],"about":[{"href":"https:\/\/altisk-mlak.edu.hu\/index.php\/wp-json\/wp\/v2\/types\/post"}],"author":[{"embeddable":true,"href":"https:\/\/altisk-mlak.edu.hu\/index.php\/wp-json\/wp\/v2\/users\/3"}],"replies":[{"embeddable":true,"href":"https:\/\/altisk-mlak.edu.hu\/index.php\/wp-json\/wp\/v2\/comments?post=2957"}],"version-history":[{"count":1,"href":"https:\/\/altisk-mlak.edu.hu\/index.php\/wp-json\/wp\/v2\/posts\/2957\/revisions"}],"predecessor-version":[{"id":2958,"href":"https:\/\/altisk-mlak.edu.hu\/index.php\/wp-json\/wp\/v2\/posts\/2957\/revisions\/2958"}],"wp:attachment":[{"href":"https:\/\/altisk-mlak.edu.hu\/index.php\/wp-json\/wp\/v2\/media?parent=2957"}],"wp:term":[{"taxonomy":"category","embeddable":true,"href":"https:\/\/altisk-mlak.edu.hu\/index.php\/wp-json\/wp\/v2\/categories?post=2957"},{"taxonomy":"post_tag","embeddable":true,"href":"https:\/\/altisk-mlak.edu.hu\/index.php\/wp-json\/wp\/v2\/tags?post=2957"}],"curies":[{"name":"wp","href":"https:\/\/api.w.org\/{rel}","templated":true}]}}