{"id":2959,"date":"2025-03-29T14:18:25","date_gmt":"2025-03-29T14:18:25","guid":{"rendered":"https:\/\/altisk-mlak.edu.hu\/?p=2959"},"modified":"2025-04-02T17:39:48","modified_gmt":"2025-04-02T17:39:48","slug":"zarandoklat-mariazellbe","status":"publish","type":"post","link":"https:\/\/altisk-mlak.edu.hu\/index.php\/zarandoklat-mariazellbe\/","title":{"rendered":"Zar\u00e1ndoklat Mariazellbe"},"content":{"rendered":"<table style=\"width: 600px; border-collapse: collapse; background: url('https:\/\/altisk-mlak.edu.hu\/wp-content\/uploads\/2025\/03\/Zarandoklat-Mariazell.png') no-repeat; background-size: 600px 850px; border-style: none; height: 850px;\">\n<tbody>\n<tr>\n<td style=\"width: 49.2167px;\"><\/td>\n<td style=\"width: 471.367px;\"><\/td>\n<td style=\"width: 50.2167px;\"><\/td>\n<\/tr>\n<tr>\n<td style=\"width: 49.2167px;\"><\/td>\n<td style=\"width: 471.367px; vertical-align: top;\">\n<p>&nbsp;<\/p>\n<p>&nbsp;<\/p>\n<p style=\"text-align: center;\"><span style=\"font-size: 14pt;\"><strong>Zar\u00e1ndoklat Mariazellbe <\/strong><\/span><span style=\"font-size: 14pt;\"><strong>a Rem\u00e9ny Szent\u00e9v\u00e9ben<\/strong><\/span><br \/>\n<span style=\"font-size: 14pt;\"><strong>2025. m\u00e1jus 10-\u00e9n (szombat)<\/strong><\/span><\/p>\n<p>Lelki vezet\u0151: Dr. Tak\u00e1cs Gyula pl\u00e9b\u00e1nos atya, iskolalelk\u00e9sz<\/p>\n<ul>\n<li>Utaz\u00e1s k\u00fcl\u00f6nbusszal<\/li>\n<li>Szentmise a mariazelli kegytemplomban<\/li>\n<li>V\u00e1rosn\u00e9z\u0151 s\u00e9ta<\/li>\n<\/ul>\n<p><strong>Jelentkez\u00e9s \u00e1prilis 10-ig\/a l\u00e9tsz\u00e1m betelt\u00e9ig:<\/strong><\/p>\n<ul>\n<li>gyermekeknek \u00e9s sz\u00fcleiknek a Magyarlak-Cs\u00f6r\u00f6tnek \u00c1ltal\u00e1nos Iskol\u00e1ban<\/li>\n<li>egyh\u00e1zk\u00f6zs\u00e9gi h\u00edveknek a szentmis\u00e9t k\u00f6vet\u0151en a sekresty\u00e9ben.<\/li>\n<\/ul>\n<p style=\"text-align: center;\"><strong>J\u00c9ZUS T\u00c9GED IS V\u00c1R!<\/strong><br \/>\nA k\u00f6z\u00f6ss\u00e9gi program a Szombathelyi Egyh\u00e1zmegye<br \/>\nt\u00e1mogat\u00e1s\u00e1val val\u00f3sul meg.<\/p>\n<\/td>\n<td style=\"width: 50.2167px;\"><\/td>\n<\/tr>\n<tr>\n<td style=\"width: 49.2167px;\"><\/td>\n<td style=\"width: 471.367px;\"><\/td>\n<td style=\"width: 50.2167px;\"><\/td>\n<\/tr>\n<\/tbody>\n<\/table>\n","protected":false},"excerpt":{"rendered":"<p>&nbsp; &nbsp; Zar\u00e1ndoklat Mariazellbe a Rem\u00e9ny Szent\u00e9v\u00e9ben 2025. m\u00e1jus 10-\u00e9n (szombat) Lelki vezet\u0151: Dr. Tak\u00e1cs Gyula pl\u00e9b\u00e1nos atya, iskolalelk\u00e9sz Utaz\u00e1s k\u00fcl\u00f6nbusszal Szentmise a mariazelli kegytemplomban V\u00e1rosn\u00e9z\u0151 s\u00e9ta Jelentkez\u00e9s \u00e1prilis 10-ig\/a l\u00e9tsz\u00e1m betelt\u00e9ig:<a class=\"moretag\" href=\"https:\/\/altisk-mlak.edu.hu\/index.php\/zarandoklat-mariazellbe\/\">Read More&#8230;<\/a><\/p>\n","protected":false},"author":3,"featured_media":0,"comment_status":"closed","ping_status":"closed","sticky":false,"template":"","format":"standard","meta":{"two_page_speed":[],"footnotes":""},"categories":[1],"tags":[],"class_list":["post-2959","post","type-post","status-publish","format-standard","hentry","category-egyeb"],"_links":{"self":[{"href":"https:\/\/altisk-mlak.edu.hu\/index.php\/wp-json\/wp\/v2\/posts\/2959","targetHints":{"allow":["GET"]}}],"collection":[{"href":"https:\/\/altisk-mlak.edu.hu\/index.php\/wp-json\/wp\/v2\/posts"}],"about":[{"href":"https:\/\/altisk-mlak.edu.hu\/index.php\/wp-json\/wp\/v2\/types\/post"}],"author":[{"embeddable":true,"href":"https:\/\/altisk-mlak.edu.hu\/index.php\/wp-json\/wp\/v2\/users\/3"}],"replies":[{"embeddable":true,"href":"https:\/\/altisk-mlak.edu.hu\/index.php\/wp-json\/wp\/v2\/comments?post=2959"}],"version-history":[{"count":4,"href":"https:\/\/altisk-mlak.edu.hu\/index.php\/wp-json\/wp\/v2\/posts\/2959\/revisions"}],"predecessor-version":[{"id":2966,"href":"https:\/\/altisk-mlak.edu.hu\/index.php\/wp-json\/wp\/v2\/posts\/2959\/revisions\/2966"}],"wp:attachment":[{"href":"https:\/\/altisk-mlak.edu.hu\/index.php\/wp-json\/wp\/v2\/media?parent=2959"}],"wp:term":[{"taxonomy":"category","embeddable":true,"href":"https:\/\/altisk-mlak.edu.hu\/index.php\/wp-json\/wp\/v2\/categories?post=2959"},{"taxonomy":"post_tag","embeddable":true,"href":"https:\/\/altisk-mlak.edu.hu\/index.php\/wp-json\/wp\/v2\/tags?post=2959"}],"curies":[{"name":"wp","href":"https:\/\/api.w.org\/{rel}","templated":true}]}}