{"id":2967,"date":"2025-04-02T17:53:21","date_gmt":"2025-04-02T17:53:21","guid":{"rendered":"https:\/\/altisk-mlak.edu.hu\/?p=2967"},"modified":"2025-04-02T17:55:01","modified_gmt":"2025-04-02T17:55:01","slug":"bisel-meres-a-szalan-gumicsizmas-termeszetvedelem","status":"publish","type":"post","link":"https:\/\/altisk-mlak.edu.hu\/index.php\/bisel-meres-a-szalan-gumicsizmas-termeszetvedelem\/","title":{"rendered":"Bisel-m\u00e9r\u00e9s a Szal\u00e1n &#8211; gumicsizm\u00e1s term\u00e9szetv\u00e9delem"},"content":{"rendered":"<p align=\"justify\">M\u00e1rcius 27-\u00e9n a term\u00e9szettudom\u00e1ny ir\u00e1nt \u00e9rdekl\u0151d\u0151 di\u00e1kjaink: Deli Aida Anna, Horv\u00e1th Lilla, Balogh M\u00e1t\u00e9, Kakas Kriszti\u00e1n Armand\u00f3 egy h\u00e1rom\u00f3r\u00e1s terepgyakorlaton vettek r\u00e9szt az \u0150rs\u00e9gben. A tavalyi tan\u00e9vben, a V\u00edz vil\u00e1gnapj\u00e1n a gyerekek m\u00e1r megismerkedtek a BISEL-programmal mint tudom\u00e1nyos v\u00edzmin\u0151s\u00e9gi m\u00e9r\u00e9ssel a R\u00e1ba foly\u00f3 cs\u00f6r\u00f6tneki szakasz\u00e1n az \u0150rs\u00e9gi Nemzeti Park szakemberei seg\u00edts\u00e9g\u00e9vel, most csak egy kis ism\u00e9tl\u00e9sre volt sz\u00fcks\u00e9g.<\/p>\n<p align=\"justify\"><img fetchpriority=\"high\" decoding=\"async\" class=\"aligncenter size-medium wp-image-2968\" src=\"https:\/\/altisk-mlak.edu.hu\/wp-content\/uploads\/2025\/04\/B2-300x225.jpg\" alt=\"\" width=\"300\" height=\"225\" srcset=\"https:\/\/altisk-mlak.edu.hu\/wp-content\/uploads\/2025\/04\/B2-300x225.jpg 300w, https:\/\/altisk-mlak.edu.hu\/wp-content\/uploads\/2025\/04\/B2-1024x768.jpg 1024w, https:\/\/altisk-mlak.edu.hu\/wp-content\/uploads\/2025\/04\/B2-768x576.jpg 768w, https:\/\/altisk-mlak.edu.hu\/wp-content\/uploads\/2025\/04\/B2-1536x1152.jpg 1536w, https:\/\/altisk-mlak.edu.hu\/wp-content\/uploads\/2025\/04\/B2-600x450.jpg 600w, https:\/\/altisk-mlak.edu.hu\/wp-content\/uploads\/2025\/04\/B2.jpg 2000w\" sizes=\"(max-width: 300px) 100vw, 300px\" \/><\/p>\n<p align=\"justify\">Kov\u00e1cs Szil\u00e1rd, az \u0150NP K\u00f6rnyezeti nevel\u00e9si \u00e9s \u00f6koturisztikai oszt\u00e1ly\u00e1nak munkat\u00e1rsa nagy szak\u00e9rtelemmel, k\u00e9szs\u00e9gesen, a sz\u00fcks\u00e9ges eszk\u00f6z\u00f6k biztos\u00edt\u00e1s\u00e1val \u00e1llt a rendelkez\u00e9s\u00fcnkre. A tanul\u00f3k gumicsizm\u00e1ba l\u00e9ptek, \u00e9s a Szala-patak t\u00f6bb szakasz\u00e1n, bel- \u00e9s k\u00fclter\u00fcleten egyar\u00e1nt k\u00e9zih\u00e1l\u00f3 seg\u00edts\u00e9g\u00e9vel mint\u00e1t vettek, majd a mint\u00e1kb\u00f3l a makrogerincteleneket, vagyis a szemmel j\u00f3l l\u00e1that\u00f3 gerinctelen \u00e9l\u0151l\u00e9nyeket (tegzesl\u00e1rva, bolhar\u00e1k, fonalf\u00e9reg stb.) beazonos\u00edtott\u00e1k.<\/p>\n<p align=\"justify\"><img decoding=\"async\" class=\"alignleft size-medium wp-image-2971\" src=\"https:\/\/altisk-mlak.edu.hu\/wp-content\/uploads\/2025\/04\/B1-300x225.jpg\" alt=\"\" width=\"300\" height=\"225\" srcset=\"https:\/\/altisk-mlak.edu.hu\/wp-content\/uploads\/2025\/04\/B1-300x225.jpg 300w, https:\/\/altisk-mlak.edu.hu\/wp-content\/uploads\/2025\/04\/B1-1024x768.jpg 1024w, https:\/\/altisk-mlak.edu.hu\/wp-content\/uploads\/2025\/04\/B1-768x576.jpg 768w, https:\/\/altisk-mlak.edu.hu\/wp-content\/uploads\/2025\/04\/B1-1536x1152.jpg 1536w, https:\/\/altisk-mlak.edu.hu\/wp-content\/uploads\/2025\/04\/B1-600x450.jpg 600w, https:\/\/altisk-mlak.edu.hu\/wp-content\/uploads\/2025\/04\/B1.jpg 2000w\" sizes=\"(max-width: 300px) 100vw, 300px\" \/><\/p>\n<p align=\"justify\">Ezt k\u00f6vet\u0151en megsz\u00e1molt\u00e1k \u00e9s \u00e9rz\u00e9kenys\u00e9g\u00fck alapj\u00e1n csoportos\u00edtott\u00e1k a tal\u00e1lt \u00e9l\u0151l\u00e9nyeket, majd meg\u00e1llap\u00edtott\u00e1k a patak biotikus index\u00e9t \u00e9s oszt\u00e1lyozt\u00e1k a v\u00edzmin\u0151s\u00e9get. A detekt\u00edv koffer seg\u00edts\u00e9g\u00e9vel k\u00e9miai vizsg\u00e1latokat v\u00e9geztek, fot\u00f3dokument\u00e1ci\u00f3t k\u00e9sz\u00edtettek, a fizikai \u00e9s k\u00e9miai jellemz\u0151ket szab\u00e1lyos jegyz\u0151k\u00f6nyvbe vezett\u00e9k.<\/p>\n<p align=\"justify\"><img decoding=\"async\" class=\"alignright size-medium wp-image-2971\" src=\"https:\/\/altisk-mlak.edu.hu\/wp-content\/uploads\/2025\/04\/B1-300x225.jpg\" alt=\"\" width=\"300\" height=\"225\" srcset=\"https:\/\/altisk-mlak.edu.hu\/wp-content\/uploads\/2025\/04\/B1-300x225.jpg 300w, https:\/\/altisk-mlak.edu.hu\/wp-content\/uploads\/2025\/04\/B1-1024x768.jpg 1024w, https:\/\/altisk-mlak.edu.hu\/wp-content\/uploads\/2025\/04\/B1-768x576.jpg 768w, https:\/\/altisk-mlak.edu.hu\/wp-content\/uploads\/2025\/04\/B1-1536x1152.jpg 1536w, https:\/\/altisk-mlak.edu.hu\/wp-content\/uploads\/2025\/04\/B1-600x450.jpg 600w, https:\/\/altisk-mlak.edu.hu\/wp-content\/uploads\/2025\/04\/B1.jpg 2000w\" sizes=\"(max-width: 300px) 100vw, 300px\" \/>A di\u00e1kok a makrogerincteleneken t\u00fal a Szala k\u00f6zvetlen k\u00f6rnyezet\u00e9nek n\u00f6v\u00e9ny- \u00e9s \u00e1llatvil\u00e1g\u00e1t is alaposan szem\u00fcgyre vett\u00e9k \u00e9s megvizsg\u00e1lt\u00e1k az egyes v\u00edzi \u00e9s v\u00edzhez k\u00f6t\u0151d\u0151 fajok \u00e9letk\u00f6z\u00f6ss\u00e9g\u00e9t, \u00e9l\u0151helyeit, a fajok k\u00f6z\u00f6tti szimbi\u00f3zisokat, egym\u00e1sra utalts\u00e1gokat, a k\u00fcl\u00f6nf\u00e9le v\u00edzhez k\u00f6t\u0151d\u0151 fajok \u00f6kosziszt\u00e9m\u00e1ban bet\u00f6lt\u00f6tt szerep\u00e9t. A terepi vizsg\u00e1lati eredm\u00e9nyeket \u00f6sszes\u00edtett\u00e9k, \u00e9s fel is t\u00f6lt\u00f6tt\u00e9k az orsz\u00e1gos informatikai rendszerbe.<\/p>\n<p align=\"justify\"><img loading=\"lazy\" decoding=\"async\" class=\"aligncenter size-medium wp-image-2970\" src=\"https:\/\/altisk-mlak.edu.hu\/wp-content\/uploads\/2025\/04\/B4-300x225.jpg\" alt=\"\" width=\"300\" height=\"225\" srcset=\"https:\/\/altisk-mlak.edu.hu\/wp-content\/uploads\/2025\/04\/B4-300x225.jpg 300w, https:\/\/altisk-mlak.edu.hu\/wp-content\/uploads\/2025\/04\/B4-1024x768.jpg 1024w, https:\/\/altisk-mlak.edu.hu\/wp-content\/uploads\/2025\/04\/B4-768x576.jpg 768w, https:\/\/altisk-mlak.edu.hu\/wp-content\/uploads\/2025\/04\/B4-1536x1152.jpg 1536w, https:\/\/altisk-mlak.edu.hu\/wp-content\/uploads\/2025\/04\/B4-600x450.jpg 600w, https:\/\/altisk-mlak.edu.hu\/wp-content\/uploads\/2025\/04\/B4.jpg 2000w\" sizes=\"(max-width: 300px) 100vw, 300px\" \/><\/p>\n<p align=\"justify\">Nagyon \u00e9rdekes \u00e9s hasznos \u00f3r\u00e1kat t\u00f6lt\u00f6ttek el csod\u00e1latos k\u00f6rnyezetben. A k\u00f6zelj\u00f6v\u0151ben visszat\u00e9rnek tov\u00e1bbi vizsg\u00e1l\u00f3d\u00e1s c\u00e9lj\u00e1b\u00f3l, valamint \u00f6sszehasonl\u00edt\u00f3 elemz\u00e9st is v\u00e9geznek. Nem k\u00f6nny\u0171 a feladat, hisz j\u00f3val t\u00falmutat a tantervi k\u00f6vetelm\u00e9nyeken, de a felfedez\u0151, \u00e9lm\u00e9nyeken alapul\u00f3 tanul\u00e1st kedvelik a gyerekek. A t\u00e9t sem kicsi, ugyanis beneveztek az Energia\u00fcgyi Miniszt\u00e9rium \u201eV\u00edzi \u00e9letk\u00f6z\u00f6ss\u00e9gek\u201d c\u00edmmel meghirdetett orsz\u00e1gos verseny\u00e9re. A di\u00e1kok mentorai: Zak\u00f3cs Veronika \u00e9s Mezein\u00e9 Kiss Katalin.<\/p>\n<p style=\"text-align: right;\"><em>Mezein\u00e9 Kiss Katalin<\/em><\/p>\n","protected":false},"excerpt":{"rendered":"<p>M\u00e1rcius 27-\u00e9n a term\u00e9szettudom\u00e1ny ir\u00e1nt \u00e9rdekl\u0151d\u0151 di\u00e1kjaink: Deli Aida Anna, Horv\u00e1th Lilla, Balogh M\u00e1t\u00e9, Kakas Kriszti\u00e1n Armand\u00f3 egy h\u00e1rom\u00f3r\u00e1s terepgyakorlaton vettek r\u00e9szt az \u0150rs\u00e9gben. A tavalyi tan\u00e9vben, a V\u00edz vil\u00e1gnapj\u00e1n a gyerekek<a class=\"moretag\" href=\"https:\/\/altisk-mlak.edu.hu\/index.php\/bisel-meres-a-szalan-gumicsizmas-termeszetvedelem\/\">Read More&#8230;<\/a><\/p>\n","protected":false},"author":3,"featured_media":0,"comment_status":"closed","ping_status":"closed","sticky":false,"template":"","format":"standard","meta":{"two_page_speed":[],"footnotes":""},"categories":[1],"tags":[],"class_list":["post-2967","post","type-post","status-publish","format-standard","hentry","category-egyeb"],"_links":{"self":[{"href":"https:\/\/altisk-mlak.edu.hu\/index.php\/wp-json\/wp\/v2\/posts\/2967","targetHints":{"allow":["GET"]}}],"collection":[{"href":"https:\/\/altisk-mlak.edu.hu\/index.php\/wp-json\/wp\/v2\/posts"}],"about":[{"href":"https:\/\/altisk-mlak.edu.hu\/index.php\/wp-json\/wp\/v2\/types\/post"}],"author":[{"embeddable":true,"href":"https:\/\/altisk-mlak.edu.hu\/index.php\/wp-json\/wp\/v2\/users\/3"}],"replies":[{"embeddable":true,"href":"https:\/\/altisk-mlak.edu.hu\/index.php\/wp-json\/wp\/v2\/comments?post=2967"}],"version-history":[{"count":1,"href":"https:\/\/altisk-mlak.edu.hu\/index.php\/wp-json\/wp\/v2\/posts\/2967\/revisions"}],"predecessor-version":[{"id":2972,"href":"https:\/\/altisk-mlak.edu.hu\/index.php\/wp-json\/wp\/v2\/posts\/2967\/revisions\/2972"}],"wp:attachment":[{"href":"https:\/\/altisk-mlak.edu.hu\/index.php\/wp-json\/wp\/v2\/media?parent=2967"}],"wp:term":[{"taxonomy":"category","embeddable":true,"href":"https:\/\/altisk-mlak.edu.hu\/index.php\/wp-json\/wp\/v2\/categories?post=2967"},{"taxonomy":"post_tag","embeddable":true,"href":"https:\/\/altisk-mlak.edu.hu\/index.php\/wp-json\/wp\/v2\/tags?post=2967"}],"curies":[{"name":"wp","href":"https:\/\/api.w.org\/{rel}","templated":true}]}}