{"id":2973,"date":"2025-04-02T18:02:44","date_gmt":"2025-04-02T18:02:44","guid":{"rendered":"https:\/\/altisk-mlak.edu.hu\/?p=2973"},"modified":"2025-04-10T10:52:27","modified_gmt":"2025-04-10T10:52:27","slug":"az-internet-veszelyeirol-2","status":"publish","type":"post","link":"https:\/\/altisk-mlak.edu.hu\/index.php\/az-internet-veszelyeirol-2\/","title":{"rendered":"Az internet vesz\u00e9lyeir\u0151l"},"content":{"rendered":"<p align=\"justify\"><img fetchpriority=\"high\" decoding=\"async\" class=\"alignleft size-medium wp-image-2974\" src=\"https:\/\/altisk-mlak.edu.hu\/wp-content\/uploads\/2025\/04\/20250402_095032-300x169.jpg\" alt=\"\" width=\"300\" height=\"169\" srcset=\"https:\/\/altisk-mlak.edu.hu\/wp-content\/uploads\/2025\/04\/20250402_095032-300x169.jpg 300w, https:\/\/altisk-mlak.edu.hu\/wp-content\/uploads\/2025\/04\/20250402_095032-1024x576.jpg 1024w, https:\/\/altisk-mlak.edu.hu\/wp-content\/uploads\/2025\/04\/20250402_095032-768x432.jpg 768w, https:\/\/altisk-mlak.edu.hu\/wp-content\/uploads\/2025\/04\/20250402_095032-1536x864.jpg 1536w, https:\/\/altisk-mlak.edu.hu\/wp-content\/uploads\/2025\/04\/20250402_095032-2048x1153.jpg 2048w, https:\/\/altisk-mlak.edu.hu\/wp-content\/uploads\/2025\/04\/20250402_095032-1600x900.jpg 1600w, https:\/\/altisk-mlak.edu.hu\/wp-content\/uploads\/2025\/04\/20250402_095032-600x338.jpg 600w\" sizes=\"(max-width: 300px) 100vw, 300px\" \/>\u00c1prilis 2-\u00e1n, szerd\u00e1n fels\u0151 tagozatos tanul\u00f3ink egy nagyon hasznos rend\u0151rs\u00e9gi t\u00e1j\u00e9koztat\u00f3n vettek r\u00e9szt. A t\u00e9ma igaz\u00e1n aktu\u00e1lis, hiszen napjainkban sz\u00e1mos vesz\u00e9ly leselkedik r\u00e1juk az online t\u00e9rben. <img decoding=\"async\" class=\"alignright size-medium wp-image-2975\" src=\"https:\/\/altisk-mlak.edu.hu\/wp-content\/uploads\/2025\/04\/20250402_101748-300x169.jpg\" alt=\"\" width=\"300\" height=\"169\" srcset=\"https:\/\/altisk-mlak.edu.hu\/wp-content\/uploads\/2025\/04\/20250402_101748-300x169.jpg 300w, https:\/\/altisk-mlak.edu.hu\/wp-content\/uploads\/2025\/04\/20250402_101748-1024x576.jpg 1024w, https:\/\/altisk-mlak.edu.hu\/wp-content\/uploads\/2025\/04\/20250402_101748-768x432.jpg 768w, https:\/\/altisk-mlak.edu.hu\/wp-content\/uploads\/2025\/04\/20250402_101748-1536x864.jpg 1536w, https:\/\/altisk-mlak.edu.hu\/wp-content\/uploads\/2025\/04\/20250402_101748-2048x1153.jpg 2048w, https:\/\/altisk-mlak.edu.hu\/wp-content\/uploads\/2025\/04\/20250402_101748-1600x900.jpg 1600w, https:\/\/altisk-mlak.edu.hu\/wp-content\/uploads\/2025\/04\/20250402_101748-600x338.jpg 600w\" sizes=\"(max-width: 300px) 100vw, 300px\" \/>A rendhagy\u00f3 tan\u00f3r\u00e1n sz\u00f3 esett a biztons\u00e1gos jelszavakr\u00f3l; a szoftverlet\u00f6lt\u00e9s helyes m\u00f3dj\u00e1r\u00f3l; a v\u00edrusirt\u00e1s fontoss\u00e1g\u00e1r\u00f3l; az \u00e9letkorra vonatkoz\u00f3 korl\u00e1toz\u00e1sokr\u00f3l; a posztol\u00e1sok, a hozz\u00e1sz\u00f3l\u00e1sok (kommentek) \u00e9s kih\u00edv\u00e1sok (challenge) vesz\u00e9lyeir\u0151l. <img decoding=\"async\" class=\"alignleft size-medium wp-image-2976\" src=\"https:\/\/altisk-mlak.edu.hu\/wp-content\/uploads\/2025\/04\/20250402_094914-300x169.jpg\" alt=\"\" width=\"300\" height=\"169\" srcset=\"https:\/\/altisk-mlak.edu.hu\/wp-content\/uploads\/2025\/04\/20250402_094914-300x169.jpg 300w, https:\/\/altisk-mlak.edu.hu\/wp-content\/uploads\/2025\/04\/20250402_094914-1024x576.jpg 1024w, https:\/\/altisk-mlak.edu.hu\/wp-content\/uploads\/2025\/04\/20250402_094914-768x432.jpg 768w, https:\/\/altisk-mlak.edu.hu\/wp-content\/uploads\/2025\/04\/20250402_094914-1536x864.jpg 1536w, https:\/\/altisk-mlak.edu.hu\/wp-content\/uploads\/2025\/04\/20250402_094914-2048x1153.jpg 2048w, https:\/\/altisk-mlak.edu.hu\/wp-content\/uploads\/2025\/04\/20250402_094914-1600x900.jpg 1600w, https:\/\/altisk-mlak.edu.hu\/wp-content\/uploads\/2025\/04\/20250402_094914-600x338.jpg 600w\" sizes=\"(max-width: 300px) 100vw, 300px\" \/>Az el\u0151ad\u00e1st a szakemberek Kahoot! quizzel tett\u00e9k \u00e9lvezetess\u00e9. A r\u00e9sztvev\u0151 di\u00e1koknak lehet\u0151s\u00e9g\u00fck volt k\u00f6zvetlen\u00fcl \u00e9s \u0151szint\u00e9n besz\u00e9lgetni ezekr\u0151l a k\u00e9nyes t\u00e9m\u00e1kr\u00f3l Darabosn\u00e9 Karba Katalin rend\u0151r alezredessel, b\u0171nmegel\u0151z\u00e9si szakemberrel, valamint Moln\u00e1r Mikl\u00f3s rend\u0151r \u0151rnaggyal, kiemelt f\u0151nyomoz\u00f3val.<\/p>\n<table style=\"border-collapse: collapse; width: 100%;\">\n<tbody>\n<tr>\n<td style=\"width: 33.3333%;\"><img loading=\"lazy\" decoding=\"async\" class=\"aligncenter size-medium wp-image-2977\" src=\"https:\/\/altisk-mlak.edu.hu\/wp-content\/uploads\/2025\/04\/20250402_095013-300x169.jpg\" alt=\"\" width=\"300\" height=\"169\" srcset=\"https:\/\/altisk-mlak.edu.hu\/wp-content\/uploads\/2025\/04\/20250402_095013-300x169.jpg 300w, https:\/\/altisk-mlak.edu.hu\/wp-content\/uploads\/2025\/04\/20250402_095013-1024x576.jpg 1024w, https:\/\/altisk-mlak.edu.hu\/wp-content\/uploads\/2025\/04\/20250402_095013-768x432.jpg 768w, https:\/\/altisk-mlak.edu.hu\/wp-content\/uploads\/2025\/04\/20250402_095013-1536x864.jpg 1536w, https:\/\/altisk-mlak.edu.hu\/wp-content\/uploads\/2025\/04\/20250402_095013-2048x1153.jpg 2048w, https:\/\/altisk-mlak.edu.hu\/wp-content\/uploads\/2025\/04\/20250402_095013-1600x900.jpg 1600w, https:\/\/altisk-mlak.edu.hu\/wp-content\/uploads\/2025\/04\/20250402_095013-600x338.jpg 600w\" sizes=\"(max-width: 300px) 100vw, 300px\" \/><\/td>\n<td style=\"width: 33.3333%;\"><img loading=\"lazy\" decoding=\"async\" class=\"aligncenter size-medium wp-image-2978\" src=\"https:\/\/altisk-mlak.edu.hu\/wp-content\/uploads\/2025\/04\/20250402_100718-300x169.jpg\" alt=\"\" width=\"300\" height=\"169\" srcset=\"https:\/\/altisk-mlak.edu.hu\/wp-content\/uploads\/2025\/04\/20250402_100718-300x169.jpg 300w, https:\/\/altisk-mlak.edu.hu\/wp-content\/uploads\/2025\/04\/20250402_100718-1024x576.jpg 1024w, https:\/\/altisk-mlak.edu.hu\/wp-content\/uploads\/2025\/04\/20250402_100718-768x432.jpg 768w, https:\/\/altisk-mlak.edu.hu\/wp-content\/uploads\/2025\/04\/20250402_100718-1536x864.jpg 1536w, https:\/\/altisk-mlak.edu.hu\/wp-content\/uploads\/2025\/04\/20250402_100718-2048x1153.jpg 2048w, https:\/\/altisk-mlak.edu.hu\/wp-content\/uploads\/2025\/04\/20250402_100718-1600x900.jpg 1600w, https:\/\/altisk-mlak.edu.hu\/wp-content\/uploads\/2025\/04\/20250402_100718-600x338.jpg 600w\" sizes=\"(max-width: 300px) 100vw, 300px\" \/><\/td>\n<td style=\"width: 33.3333%;\"><img loading=\"lazy\" decoding=\"async\" class=\"aligncenter size-medium wp-image-2979\" src=\"https:\/\/altisk-mlak.edu.hu\/wp-content\/uploads\/2025\/04\/20250402_094924-300x169.jpg\" alt=\"\" width=\"300\" height=\"169\" srcset=\"https:\/\/altisk-mlak.edu.hu\/wp-content\/uploads\/2025\/04\/20250402_094924-300x169.jpg 300w, https:\/\/altisk-mlak.edu.hu\/wp-content\/uploads\/2025\/04\/20250402_094924-1024x576.jpg 1024w, https:\/\/altisk-mlak.edu.hu\/wp-content\/uploads\/2025\/04\/20250402_094924-768x432.jpg 768w, https:\/\/altisk-mlak.edu.hu\/wp-content\/uploads\/2025\/04\/20250402_094924-1536x864.jpg 1536w, https:\/\/altisk-mlak.edu.hu\/wp-content\/uploads\/2025\/04\/20250402_094924-2048x1153.jpg 2048w, https:\/\/altisk-mlak.edu.hu\/wp-content\/uploads\/2025\/04\/20250402_094924-1600x900.jpg 1600w, https:\/\/altisk-mlak.edu.hu\/wp-content\/uploads\/2025\/04\/20250402_094924-600x338.jpg 600w\" sizes=\"(max-width: 300px) 100vw, 300px\" \/><\/td>\n<\/tr>\n<\/tbody>\n<\/table>\n<p align=\"justify\">A tan\u00f3r\u00e1t megtisztelte jelenl\u00e9t\u00e9vel G\u00e1l-Varga D\u00f3ra rend\u0151r sz\u00e1zados \u00e9s N\u00e9meth G\u00e1bor iskolarend\u0151r is. H\u00e1l\u00e1san k\u00f6sz\u00f6nj\u00fck a tartalmas, naprak\u00e9sz \u00e9s a gyerekekre leselked\u0151 vesz\u00e9lyeket bemutat\u00f3 el\u0151ad\u00e1st a Vas V\u00e1rmegyei Rend\u0151r-f\u0151kapit\u00e1nys\u00e1g B\u0171nmegel\u0151z\u00e9si Aloszt\u00e1ly\u00e1nak!<\/p>\n<p style=\"text-align: right;\"><em>Mezein\u00e9 Kiss Katalin<\/em><\/p>\n","protected":false},"excerpt":{"rendered":"<p>\u00c1prilis 2-\u00e1n, szerd\u00e1n fels\u0151 tagozatos tanul\u00f3ink egy nagyon hasznos rend\u0151rs\u00e9gi t\u00e1j\u00e9koztat\u00f3n vettek r\u00e9szt. A t\u00e9ma igaz\u00e1n aktu\u00e1lis, hiszen napjainkban sz\u00e1mos vesz\u00e9ly leselkedik r\u00e1juk az online t\u00e9rben. A rendhagy\u00f3 tan\u00f3r\u00e1n sz\u00f3 esett a<a class=\"moretag\" href=\"https:\/\/altisk-mlak.edu.hu\/index.php\/az-internet-veszelyeirol-2\/\">Read More&#8230;<\/a><\/p>\n","protected":false},"author":3,"featured_media":0,"comment_status":"closed","ping_status":"closed","sticky":false,"template":"","format":"standard","meta":{"two_page_speed":[],"footnotes":""},"categories":[1],"tags":[],"class_list":["post-2973","post","type-post","status-publish","format-standard","hentry","category-egyeb"],"_links":{"self":[{"href":"https:\/\/altisk-mlak.edu.hu\/index.php\/wp-json\/wp\/v2\/posts\/2973","targetHints":{"allow":["GET"]}}],"collection":[{"href":"https:\/\/altisk-mlak.edu.hu\/index.php\/wp-json\/wp\/v2\/posts"}],"about":[{"href":"https:\/\/altisk-mlak.edu.hu\/index.php\/wp-json\/wp\/v2\/types\/post"}],"author":[{"embeddable":true,"href":"https:\/\/altisk-mlak.edu.hu\/index.php\/wp-json\/wp\/v2\/users\/3"}],"replies":[{"embeddable":true,"href":"https:\/\/altisk-mlak.edu.hu\/index.php\/wp-json\/wp\/v2\/comments?post=2973"}],"version-history":[{"count":1,"href":"https:\/\/altisk-mlak.edu.hu\/index.php\/wp-json\/wp\/v2\/posts\/2973\/revisions"}],"predecessor-version":[{"id":2980,"href":"https:\/\/altisk-mlak.edu.hu\/index.php\/wp-json\/wp\/v2\/posts\/2973\/revisions\/2980"}],"wp:attachment":[{"href":"https:\/\/altisk-mlak.edu.hu\/index.php\/wp-json\/wp\/v2\/media?parent=2973"}],"wp:term":[{"taxonomy":"category","embeddable":true,"href":"https:\/\/altisk-mlak.edu.hu\/index.php\/wp-json\/wp\/v2\/categories?post=2973"},{"taxonomy":"post_tag","embeddable":true,"href":"https:\/\/altisk-mlak.edu.hu\/index.php\/wp-json\/wp\/v2\/tags?post=2973"}],"curies":[{"name":"wp","href":"https:\/\/api.w.org\/{rel}","templated":true}]}}