{"id":2981,"date":"2025-03-02T18:10:26","date_gmt":"2025-03-02T18:10:26","guid":{"rendered":"https:\/\/altisk-mlak.edu.hu\/?p=2981"},"modified":"2025-04-02T18:17:23","modified_gmt":"2025-04-02T18:17:23","slug":"lelki-est-felnotteknek-marcius","status":"publish","type":"post","link":"https:\/\/altisk-mlak.edu.hu\/index.php\/lelki-est-felnotteknek-marcius\/","title":{"rendered":"Lelki est feln\u0151tteknek &#8211; m\u00e1rcius"},"content":{"rendered":"<p>&nbsp;<\/p>\n<table style=\"border-collapse: collapse; width: 112.59%; height: 970px; background-image: url('https:\/\/altisk-mlak.edu.hu\/wp-content\/uploads\/2025\/04\/Lelki-est-1.png'); background-size: 100% 100%; background-origin: content-box;\">\n<tbody>\n<tr style=\"height: 115px;\">\n<td style=\"width: 20.1471%; height: 115px;\"><\/td>\n<td style=\"width: 59.8529%; height: 115px;\"><\/td>\n<td style=\"width: 20%; height: 115px;\"><\/td>\n<\/tr>\n<tr style=\"height: 469px;\">\n<td style=\"height: 469px; width: 20.1471%;\"><\/td>\n<td style=\"height: 469px; width: 59.8529%; text-align: center;\">\n<p style=\"text-align: center;\"><span style=\"font-size: 14pt;\"><strong>Lelki est feln\u0151tteknek<\/strong><\/span><br \/>\n<span style=\"font-size: 14pt;\"><strong>a Magyarlak-Cs\u00f6r\u00f6tnek \u00c1ltal\u00e1nos Iskol\u00e1ban<\/strong><\/span><br \/>\n<span style=\"font-size: 14pt;\"><strong>2025. m\u00e1rcius 17-\u00e9n (h\u00e9tf\u0151n) este 6 \u00f3rakor<\/strong><\/span><br \/>\n<span style=\"font-size: 14pt;\"><strong>Az Olt\u00e1riszents\u00e9g (helyes) im\u00e1d\u00e1s\u00e1r\u00f3l<\/strong><\/span><br \/>\n<span style=\"font-size: 14pt;\">tart el\u0151ad\u00e1st<\/span><br \/>\n<span style=\"font-size: 14pt;\">Dr. Tak\u00e1cs Gyula pl\u00e9b\u00e1nos, iskolalelk\u00e9sz.<\/span><br \/>\n<span style=\"font-size: 14pt;\">Az el\u0151ad\u00e1s ut\u00e1n pl\u00e9b\u00e1nos atya k\u00e9rd\u00e9sekre is<\/span><br \/>\n<span style=\"font-size: 14pt;\">v\u00e1laszol.<\/span><\/p>\n<p><strong><span style=\"font-size: 12pt;\">Szeretettel v\u00e1rjuk a h\u00edveket a pl\u00e9b\u00e1ni\u00e1nkhoz<\/span><\/strong><br \/>\n<strong><span style=\"font-size: 12pt;\">tartoz\u00f3 minden falub\u00f3l, k\u00fcl\u00f6n\u00f6sen azokat, akik<\/span><\/strong><br \/>\n<strong><span style=\"font-size: 12pt;\">a havi 24 \u00f3r\u00e1s Szents\u00e9gim\u00e1d\u00e1son is r\u00e9szt vesznek,<\/span><\/strong><br \/>\n<strong><span style=\"font-size: 12pt;\">\u00e9s szeretn\u00e9nek t\u00f6bbet megtudni az Olt\u00e1riszents\u00e9g<\/span><\/strong><br \/>\n<strong><span style=\"font-size: 12pt;\">\u00e9s annak im\u00e1d\u00e1s\u00e1nak nagy titkair\u00f3l!<\/span><\/strong><\/td>\n<td style=\"height: 469px; width: 20%;\"><\/td>\n<\/tr>\n<tr style=\"height: 386px;\">\n<td style=\"height: 386px; width: 20.1471%;\"><\/td>\n<td style=\"height: 386px; width: 59.8529%;\"><\/td>\n<td style=\"height: 386px; width: 20%;\"><\/td>\n<\/tr>\n<\/tbody>\n<\/table>\n","protected":false},"excerpt":{"rendered":"<p>&nbsp; Lelki est feln\u0151tteknek a Magyarlak-Cs\u00f6r\u00f6tnek \u00c1ltal\u00e1nos Iskol\u00e1ban 2025. m\u00e1rcius 17-\u00e9n (h\u00e9tf\u0151n) este 6 \u00f3rakor Az Olt\u00e1riszents\u00e9g (helyes) im\u00e1d\u00e1s\u00e1r\u00f3l tart el\u0151ad\u00e1st Dr. Tak\u00e1cs Gyula pl\u00e9b\u00e1nos, iskolalelk\u00e9sz. Az el\u0151ad\u00e1s ut\u00e1n pl\u00e9b\u00e1nos atya k\u00e9rd\u00e9sekre<a class=\"moretag\" href=\"https:\/\/altisk-mlak.edu.hu\/index.php\/lelki-est-felnotteknek-marcius\/\">Read More&#8230;<\/a><\/p>\n","protected":false},"author":3,"featured_media":0,"comment_status":"closed","ping_status":"closed","sticky":false,"template":"","format":"standard","meta":{"two_page_speed":[],"footnotes":""},"categories":[1],"tags":[],"class_list":["post-2981","post","type-post","status-publish","format-standard","hentry","category-egyeb"],"_links":{"self":[{"href":"https:\/\/altisk-mlak.edu.hu\/index.php\/wp-json\/wp\/v2\/posts\/2981","targetHints":{"allow":["GET"]}}],"collection":[{"href":"https:\/\/altisk-mlak.edu.hu\/index.php\/wp-json\/wp\/v2\/posts"}],"about":[{"href":"https:\/\/altisk-mlak.edu.hu\/index.php\/wp-json\/wp\/v2\/types\/post"}],"author":[{"embeddable":true,"href":"https:\/\/altisk-mlak.edu.hu\/index.php\/wp-json\/wp\/v2\/users\/3"}],"replies":[{"embeddable":true,"href":"https:\/\/altisk-mlak.edu.hu\/index.php\/wp-json\/wp\/v2\/comments?post=2981"}],"version-history":[{"count":1,"href":"https:\/\/altisk-mlak.edu.hu\/index.php\/wp-json\/wp\/v2\/posts\/2981\/revisions"}],"predecessor-version":[{"id":2983,"href":"https:\/\/altisk-mlak.edu.hu\/index.php\/wp-json\/wp\/v2\/posts\/2981\/revisions\/2983"}],"wp:attachment":[{"href":"https:\/\/altisk-mlak.edu.hu\/index.php\/wp-json\/wp\/v2\/media?parent=2981"}],"wp:term":[{"taxonomy":"category","embeddable":true,"href":"https:\/\/altisk-mlak.edu.hu\/index.php\/wp-json\/wp\/v2\/categories?post=2981"},{"taxonomy":"post_tag","embeddable":true,"href":"https:\/\/altisk-mlak.edu.hu\/index.php\/wp-json\/wp\/v2\/tags?post=2981"}],"curies":[{"name":"wp","href":"https:\/\/api.w.org\/{rel}","templated":true}]}}