{"id":3024,"date":"2025-04-15T11:03:31","date_gmt":"2025-04-15T11:03:31","guid":{"rendered":"https:\/\/altisk-mlak.edu.hu\/?p=3024"},"modified":"2025-04-16T06:09:43","modified_gmt":"2025-04-16T06:09:43","slug":"megtisztelo-elnoki-latogatas","status":"publish","type":"post","link":"https:\/\/altisk-mlak.edu.hu\/index.php\/megtisztelo-elnoki-latogatas\/","title":{"rendered":"Megtisztel\u0151 eln\u00f6ki l\u00e1togat\u00e1s"},"content":{"rendered":"<p align=\"justify\">Magyarlak-Cs\u00f6r\u00f6tnek \u00c1ltal\u00e1nos Iskol\u00e1ja k\u00f6z\u00f6ss\u00e9ge egy k\u00fcl\u00f6nleges vend\u00e9get fogadott \u00e1prilis 9-\u00e9n, szerd\u00e1n d\u00e9lel\u0151tt. <img fetchpriority=\"high\" decoding=\"async\" class=\"alignleft size-medium wp-image-3025\" src=\"https:\/\/altisk-mlak.edu.hu\/wp-content\/uploads\/2025\/04\/Ader-1-300x199.jpg\" alt=\"\" width=\"300\" height=\"199\" srcset=\"https:\/\/altisk-mlak.edu.hu\/wp-content\/uploads\/2025\/04\/Ader-1-300x199.jpg 300w, https:\/\/altisk-mlak.edu.hu\/wp-content\/uploads\/2025\/04\/Ader-1-768x510.jpg 768w, https:\/\/altisk-mlak.edu.hu\/wp-content\/uploads\/2025\/04\/Ader-1-600x398.jpg 600w, https:\/\/altisk-mlak.edu.hu\/wp-content\/uploads\/2025\/04\/Ader-1.jpg 1024w\" sizes=\"(max-width: 300px) 100vw, 300px\" \/>\u00c1der J\u00e1nos, Magyarorsz\u00e1g volt k\u00f6zt\u00e1rsas\u00e1gi eln\u00f6ke a Fenntarthat\u00f3s\u00e1gi T\u00e9mah\u00e9t keret\u00e9ben rendhagy\u00f3 kl\u00edma\u00f3r\u00e1t tartott a di\u00e1koknak, amely a k\u00f6rnyezettudatos \u00e9letm\u00f3dra \u00e9s a fenntarthat\u00f3 fejl\u0151d\u00e9sre \u00f6sszpontos\u00edtott. A rendhagy\u00f3 tan\u00f3ra c\u00e9lja a tud\u00e1s gyarap\u00edt\u00e1sa, a figyelem felkelt\u00e9se, valamint a k\u00f6rnyezettudatos szeml\u00e9letm\u00f3d elm\u00e9ly\u00edt\u00e9se volt, mindez interakt\u00edv m\u00f3don, j\u00e1t\u00e9kos form\u00e1ban. A cs\u00f6r\u00f6tneki Kunt\u00e1r Lajos M\u0171vel\u0151d\u00e9si H\u00e1z sz\u00edn\u00fcltig telt az \u00e9rdekl\u0151d\u0151 tanul\u00f3kkal, \u00e9rkeztek gyermekek a Szent Gotth\u00e1rd \u00c1ltal\u00e1nos Iskol\u00e1b\u00f3l \u00e9s a R\u00e1bagyarmati \u00c1ltal\u00e1nos Iskol\u00e1b\u00f3l is. <img decoding=\"async\" class=\"alignright size-medium wp-image-3030\" src=\"https:\/\/altisk-mlak.edu.hu\/wp-content\/uploads\/2025\/04\/Ader-6-300x207.jpg\" alt=\"\" width=\"300\" height=\"207\" srcset=\"https:\/\/altisk-mlak.edu.hu\/wp-content\/uploads\/2025\/04\/Ader-6-300x207.jpg 300w, https:\/\/altisk-mlak.edu.hu\/wp-content\/uploads\/2025\/04\/Ader-6-768x531.jpg 768w, https:\/\/altisk-mlak.edu.hu\/wp-content\/uploads\/2025\/04\/Ader-6-600x415.jpg 600w, https:\/\/altisk-mlak.edu.hu\/wp-content\/uploads\/2025\/04\/Ader-6.jpg 1024w\" sizes=\"(max-width: 300px) 100vw, 300px\" \/>Az esem\u00e9nyen nemcsak a di\u00e1kok, hanem k\u00f6z\u00e9leti szem\u00e9lyis\u00e9gek is r\u00e9szt vettek, k\u00f6zt\u00fck V. N\u00e9meth Zsolt v\u00edzgazd\u00e1lkod\u00e1s\u00e9rt felel\u0151s \u00e1llamtitk\u00e1r, t\u00e9rs\u00e9g\u00fcnk orsz\u00e1ggy\u0171l\u00e9si k\u00e9pvisel\u0151je, Dr. Sz\u00e9kely J\u00e1nos szombathelyi megy\u00e9sp\u00fcsp\u00f6k, Matolcsy Mikl\u00f3s, az Alap\u00e9rt\u00e9kek Nonprofit Kft. \u00fcgyvezet\u0151je, a Fenntarthat\u00f3s\u00e1gi T\u00e9mah\u00e9t programvezet\u0151je.<\/p>\n<p align=\"justify\"><img decoding=\"async\" class=\"alignleft size-medium wp-image-3027\" src=\"https:\/\/altisk-mlak.edu.hu\/wp-content\/uploads\/2025\/04\/Ader-3-300x189.jpg\" alt=\"\" width=\"300\" height=\"189\" srcset=\"https:\/\/altisk-mlak.edu.hu\/wp-content\/uploads\/2025\/04\/Ader-3-300x189.jpg 300w, https:\/\/altisk-mlak.edu.hu\/wp-content\/uploads\/2025\/04\/Ader-3-768x485.jpg 768w, https:\/\/altisk-mlak.edu.hu\/wp-content\/uploads\/2025\/04\/Ader-3-600x379.jpg 600w, https:\/\/altisk-mlak.edu.hu\/wp-content\/uploads\/2025\/04\/Ader-3.jpg 1024w\" sizes=\"(max-width: 300px) 100vw, 300px\" \/>A tan\u00f3ra elej\u00e9n az iskola tanul\u00f3i el\u00e9nekelt\u00e9k a \u201eMinden, mi \u00e9l, csak T\u00e9ged hirdet\u201d c. egyh\u00e1zi \u00e9neket, majd Mesits Patr\u00edcia, Csicsai Emma \u00e9s Horv\u00e1th Lilla Assisi Szent Ferenc Naphimnusz c. m\u0171v\u00e9b\u0151l adtak el\u0151 r\u00e9szleteket, v\u00e9gezet\u00fcl a Vid\u00e1m Angyalok k\u00f3rus a \u201eVigy\u00e1zz a mad\u00e1rra\u201d c. dallal z\u00e1rta a r\u00f6vid kultur\u00e1lis blokkot.<\/p>\n<p align=\"justify\"><img loading=\"lazy\" decoding=\"async\" class=\"alignright size-medium wp-image-3028\" src=\"https:\/\/altisk-mlak.edu.hu\/wp-content\/uploads\/2025\/04\/Ader-4-300x223.jpg\" alt=\"\" width=\"300\" height=\"223\" srcset=\"https:\/\/altisk-mlak.edu.hu\/wp-content\/uploads\/2025\/04\/Ader-4-300x223.jpg 300w, https:\/\/altisk-mlak.edu.hu\/wp-content\/uploads\/2025\/04\/Ader-4-768x570.jpg 768w, https:\/\/altisk-mlak.edu.hu\/wp-content\/uploads\/2025\/04\/Ader-4-600x445.jpg 600w, https:\/\/altisk-mlak.edu.hu\/wp-content\/uploads\/2025\/04\/Ader-4.jpg 1024w\" sizes=\"(max-width: 300px) 100vw, 300px\" \/>Mezein\u00e9 Kiss Katalin tagint\u00e9zm\u00e9ny-igazgat\u00f3 k\u00f6sz\u00f6nt\u0151j\u00e9ben ismertette az iskola \u00e9rdemeit, amit a fenntarthat\u00f3s\u00e1g ter\u00fclet\u00e9n \u00e9rtek el: \u00f6r\u00f6k\u00f6s \u00f6koiskola, a fenntarthat\u00f3s\u00e1gra val\u00f3 t\u00f6rekv\u00e9s nemcsak a tan\u00f3r\u00e1kon van jelen, hanem a gyakorlati \u00e9letben is, t\u00fcnd\u00e9rkert, f\u00fcveskert, mad\u00e1rbar\u00e1t kert, iskolakerti m\u0171vel\u00e9s biogazd\u00e1lkod\u00e1ssal, szelekt\u00edv hullad\u00e9kgy\u0171jt\u00e9s, zar\u00e1ndokutak, terepgyakorlatok, jeles napok m\u00e9lt\u00f3 meg\u00fcnnepl\u00e9se, sz\u00e9p kompetencia- \u00e9s versenyeredm\u00e9nyek term\u00e9szettudom\u00e1nyb\u00f3l. A vezet\u0151 arra k\u00e9rte a di\u00e1kokat, hogy legyenek tov\u00e1bbra is a term\u00e9szet bar\u00e1tai, a teremtett vil\u00e1g \u0151rz\u0151i. Matolcsy Mikl\u00f3s programvezet\u0151 \u00f6sszehasonl\u00edtotta gyermekkor\u00e1nak id\u0151t\u00f6lt\u00e9s\u00e9t, a fociz\u00e1st a mai gyermekek szabadid\u0151s tev\u00e9kenys\u00e9geivel. Elmes\u00e9lte boldog gyermekkor\u00e1t, amikor nem az okosk\u00fcty\u00fck k\u00f6t\u00f6tt\u00e9k le a fiatalok figyelm\u00e9t, hanem az \u00f6nfeledt j\u00e1t\u00e9k a szabadban, a friss leveg\u0151n. Hangs\u00falyozta, hogy kell a technik\u00e1val val\u00f3 halad\u00e1s, de hagyjunk teret a term\u00e9szetben val\u00f3 felt\u00f6lt\u0151d\u00e9sre is. Emellett sz\u00f3lt a k\u00e9t kikapcsol\u00f3d\u00e1si lehet\u0151s\u00e9g k\u00f6z\u00f6tti l\u00e9nyeges k\u00fcl\u00f6nbs\u00e9gr\u0151l is, ami az \u00f6kol\u00f3giai l\u00e1bnyom m\u00e9ret\u00e9ben mutatkozik meg.<\/p>\n<p align=\"justify\"><img loading=\"lazy\" decoding=\"async\" class=\"alignleft size-medium wp-image-3026\" src=\"https:\/\/altisk-mlak.edu.hu\/wp-content\/uploads\/2025\/04\/Ader-2-300x207.jpg\" alt=\"\" width=\"300\" height=\"207\" srcset=\"https:\/\/altisk-mlak.edu.hu\/wp-content\/uploads\/2025\/04\/Ader-2-300x207.jpg 300w, https:\/\/altisk-mlak.edu.hu\/wp-content\/uploads\/2025\/04\/Ader-2-768x530.jpg 768w, https:\/\/altisk-mlak.edu.hu\/wp-content\/uploads\/2025\/04\/Ader-2-600x414.jpg 600w, https:\/\/altisk-mlak.edu.hu\/wp-content\/uploads\/2025\/04\/Ader-2.jpg 1024w\" sizes=\"(max-width: 300px) 100vw, 300px\" \/>\u00c1der J\u00e1nos az inform\u00e1ci\u00f3kat 13+1 k\u00e9rd\u00e9sb\u0151l \u00e1ll\u00f3 Kl\u00edmatot\u00f3 kit\u00f6lt\u00e9s\u00e9n kereszt\u00fcl osztotta meg a tanul\u00f3kkal. A volt k\u00f6zt\u00e1rsas\u00e1gi eln\u00f6k elmondta, hogy a kl\u00edmav\u00e1ltoz\u00e1s hat\u00e1s\u00e1t legink\u00e1bb a v\u00edzen \u00e9rezz\u00fck. Ez sz\u00e9ls\u0151s\u00e9ges esem\u00e9nyeket jelent, mint a gleccserek \u00e9s a sarki j\u00e9gtakar\u00f3k olvad\u00e1sa, tavak kisz\u00e1rad\u00e1sa, korallz\u00e1tonyok pusztul\u00e1sa, term\u00e9szeti katasztr\u00f3f\u00e1k, mint a s\u00falyos asz\u00e1lyok vagy hatalmas \u00e1rvizek gyakoribb\u00e1 v\u00e1l\u00e1sa. Eln\u00f6k \u00far Gyurkovics Mirk\u00f3 2. oszt\u00e1lyos tanul\u00f3 akt\u00edv k\u00f6zrem\u0171k\u00f6d\u00e9s\u00e9vel, egy \u00e9rdekes bemutat\u00f3val szeml\u00e9ltette, hogy a felsz\u00edni, foly\u00e9kony, k\u00f6nnyen hozz\u00e1f\u00e9rhet\u0151 \u00e9desv\u00edz ar\u00e1nya a F\u00f6ld v\u00edzk\u00e9szlet\u00e9b\u0151l mind\u00f6ssze 0,007 sz\u00e1zal\u00e9k. Ebb\u0151l kell gazd\u00e1lkodnunk, kiel\u00e9g\u00edten\u00fcnk a v\u00edzig\u00e9ny\u00fcnket, mik\u00f6zben sz\u00e1mos tev\u00e9kenys\u00e9g komoly mennyis\u00e9get ig\u00e9nyel, pl. egy farmer el\u0151\u00e1ll\u00edt\u00e1sa 7600 l vizet em\u00e9szt fel. A Kl\u00edmatot\u00f3ban szerepl\u0151 k\u00e9rd\u00e9sekb\u0151l kider\u00fclt: az \u00fcvegh\u00e1zhat\u00e1s alapvet\u0151en j\u00f3, hiszen ez biztos\u00edtja az \u00e9let lehet\u0151s\u00e9g\u00e9t, \u00fcvegh\u00e1zhat\u00e1s n\u00e9lk\u00fcl m\u00ednusz 18 fok lenne a F\u00f6ld\u00f6n. Az \u00fcvegh\u00e1zhat\u00e1s\u00fa g\u00e1zok feld\u00fasul\u00e1sa azonban m\u00e1r s\u00falyos k\u00f6vetkezm\u00e9nyekkel j\u00e1r, ugyanis bolyg\u00f3nk felmeleged\u00e9s\u00e9t okozz\u00e1k. Sz\u00f3 esett a karbonl\u00e1bnyomr\u00f3l is, vagyis arr\u00f3l, hogy valami vagy valaki mennyire j\u00e1rul hozz\u00e1 az \u00e9ghajlatv\u00e1ltoz\u00e1shoz. A di\u00e1kok megtudhatt\u00e1k azt is, hogy a F\u00f6ld\u00f6n a v\u00edz mennyis\u00e9ge \u00e1lland\u00f3, a v\u00edz k\u00f6rforg\u00e1sa azonban \u201egyorsul\u201d. \u00c9vente egy olaszorsz\u00e1gnyi erd\u0151t v\u00e1gnak ki a F\u00f6ld\u00f6n, minden negyedik faj a talajban \u00e9l, ezer \u00e9vre van sz\u00fcks\u00e9g egy centim\u00e9ter term\u0151r\u00e9teg k\u00e9pz\u0151d\u00e9s\u00e9hez. Egy te\u00e1skan\u00e1l m\u00e9z 12 m\u00e9h \u00e9lete munk\u00e1ja, egy tonna mobiltelefonb\u00f3l t\u00f6bb arany nyerhet\u0151 ki, mint egy tonna \u00e9rcb\u0151l. Az a term\u00e9k pedig, amelyet 5 m\u00e1sodperc alatt gy\u00e1rtanak le \u00e9s 5 percig haszn\u00e1ljuk, annak leboml\u00e1si ideje nagyj\u00e1b\u00f3l 500 \u00e9v. \u00c1der J\u00e1nos el\u0151ad\u00e1s\u00e1ban arra k\u00e9rte az iskol\u00e1sokat, hogy takar\u00e9koskodjanak, ne pazaroljanak, mert \u00e9vente fejenk\u00e9nt, bele\u00e9rtve a csecsem\u0151ket is 66 kilogramm \u00e9lelmiszer ker\u00fcl a kuk\u00e1ba Magyarorsz\u00e1gon, ami sokkol\u00f3 adat. Az el\u0151ad\u00e1s sor\u00e1n kifejtette v\u00e9lem\u00e9ny\u00e9t a fogyaszt\u00f3i t\u00e1rsadalomr\u00f3l is. A volt k\u00f6zt\u00e1rsas\u00e1gi eln\u00f6k \u00fagy v\u00e9li, hogy \u00e9rdemes feltenni a k\u00e9rd\u00e9st a v\u00e1s\u00e1rl\u00e1s el\u0151tt, val\u00f3ban sz\u00fcks\u00e9g\u00fcnk van-e a term\u00e9kre, \u00e9s figyelembe kell venni annak tart\u00f3ss\u00e1g\u00e1t is. K\u00fcl\u00f6n\u00f6sen nagy hangs\u00falyt kellene fektetni a m\u00e9rt\u00e9kletess\u00e9gre. Probl\u00e9m\u00e1snak l\u00e1tja a m\u0171anyagszennyez\u00e9st, mert a m\u0171anyagok boml\u00e1sa komoly eg\u00e9szs\u00e9g\u00fcgyi kock\u00e1zatokat jelenthet. A tan\u00f3r\u00e1n \u2013 egyh\u00e1zi iskola l\u00e9v\u00e9n \u2013 sz\u00f3 esett a teremt\u00e9sv\u00e9delemr\u0151l is. Az eln\u00f6k utalt Ferenc p\u00e1pa Laudato s\u00ed enciklik\u00e1j\u00e1ra, melyben l\u00e9nyeges elem az \u00fan. \u00f6kol\u00f3giai megt\u00e9r\u00e9s, ami egy egyszer\u0171bb, a term\u00e9szetet jobban tisztel\u0151 \u00e9letm\u00f3d fel\u00e9 t\u00f6rt\u00e9n\u0151 elmozdul\u00e1st jelent. Ha nem v\u00e1ltoztat az emberis\u00e9g a felel\u0151tlen, indokolatlan, m\u00e9rt\u00e9ktelen szok\u00e1sain, akkor bajba ker\u00fclhet. A F\u00f6ldet \u00c9denkertk\u00e9nt kaptuk, ne vad pusztas\u00e1gk\u00e9nt adjuk tov\u00e1bb unok\u00e1inknak. <i>\u201eMenjetek ki min\u00e9l t\u00f6bbet a szabadba, szeml\u00e9l\u0151djetek, fedezz\u00e9tek fel a term\u00e9szet sz\u00e9ps\u00e9g\u00e9t, ismerj\u00e9tek meg a vil\u00e1got, v\u00e1ljatok ti is a term\u00e9szet r\u00e9sz\u00e9v\u00e9 \u00e9s v\u00e9delmez\u0151j\u00e9v\u00e9!\u201d &#8211; <\/i>ezzel az intelemmel fejezte be kl\u00edma\u00f3r\u00e1j\u00e1t \u00c1der J\u00e1nos. Az el\u0151ad\u00f3 k\u00f6zvetlen st\u00edlusban, der\u0171sen tartotta 100. \u00f3r\u00e1j\u00e1t, mindv\u00e9gig bevonta a gyermekeket, akik felk\u00e9sz\u00fclts\u00e9g\u00fckr\u0151l sz\u00e1mot adva, \u00fcgyesen v\u00e1laszolt\u00e1k meg a k\u00e9rd\u00e9seket. Az egy\u00f3r\u00e1s tan\u00f3ra v\u00e9g\u00e9n az eln\u00f6k kihirdette a verseny eredm\u00e9ny\u00e9t, \u00e9s elmondhat\u00f3, hogy mindenki nyertes lett: sok ismerettel \u00e9s \u00e9letre sz\u00f3l\u00f3 \u00e9lm\u00e9nnyel gazdagodtak a jelenl\u00e9v\u0151k. A tov\u00e1bbiakban a di\u00e1kok k\u00e9rd\u00e9seket fogalmazhattak meg, \u00e9s megtudhatt\u00e1k, hogy az eln\u00f6k szem\u00e9ly szerint mit tesz k\u00f6rnyezet\u00fcnk v\u00e9delm\u00e9\u00e9rt, mi\u00e9rt dr\u00e1g\u00e1bbak egyes k\u00f6rnyezetbar\u00e1t term\u00e9kek, az atomenergia \u00e9s a f\u00f6ldg\u00e1z m\u00e1r \u201ez\u00f6ld energi\u00e1nak\u201d sz\u00e1m\u00edt, a sz\u00e9n-dioxid megk\u00f6t\u00e9s\u00e9re a k\u00f6zelj\u00f6v\u0151ben egy magyar tal\u00e1lm\u00e1ny jelenthet megold\u00e1st.<\/p>\n<p align=\"justify\">\u00c1der J\u00e1nos egy csodasz\u00e9p, a K\u00e1rp\u00e1t-medence t\u00e1jait bemutat\u00f3 videofimmel b\u00facs\u00fazott a hallgat\u00f3s\u00e1gt\u00f3l. <img loading=\"lazy\" decoding=\"async\" class=\"alignright size-medium wp-image-3031\" src=\"https:\/\/altisk-mlak.edu.hu\/wp-content\/uploads\/2025\/04\/Ader-7-300x209.jpg\" alt=\"\" width=\"300\" height=\"209\" srcset=\"https:\/\/altisk-mlak.edu.hu\/wp-content\/uploads\/2025\/04\/Ader-7-300x209.jpg 300w, https:\/\/altisk-mlak.edu.hu\/wp-content\/uploads\/2025\/04\/Ader-7-768x534.jpg 768w, https:\/\/altisk-mlak.edu.hu\/wp-content\/uploads\/2025\/04\/Ader-7-600x417.jpg 600w, https:\/\/altisk-mlak.edu.hu\/wp-content\/uploads\/2025\/04\/Ader-7.jpg 1024w\" sizes=\"(max-width: 300px) 100vw, 300px\" \/>Monek D\u00e1vid Magyarlak polg\u00e1rmestere \u00e9s Kocsis Zsolt Cs\u00f6r\u00f6tnek polg\u00e1rmestere egy\u00fcttesen k\u00f6sz\u00f6nte meg a volt k\u00f6zt\u00e1rsas\u00e1gi eln\u00f6k megtisztel\u0151 l\u00e1togat\u00e1s\u00e1t, a szeml\u00e9letform\u00e1l\u00f3 \u00e9s \u00e9lvezetes el\u0151ad\u00e1st, \u00e9s a helyi \u0151stermel\u0151k term\u00e9keib\u0151l \u00f6ssze\u00e1ll\u00edtott aj\u00e1nd\u00e9kkosarat ny\u00fajtottak \u00e1t neki, ezzel is szimboliz\u00e1lva a t\u00e9rs\u00e9g fenntarthat\u00f3s\u00e1g melletti elk\u00f6telezetts\u00e9g\u00e9t.<\/p>\n<p align=\"justify\">Az esem\u00e9ny \u00e9l\u0151 ad\u00e1son kereszt\u00fcl online is el\u00e9rhet\u0151 volt, \u00edgy nem csak a helysz\u00ednen l\u00e9v\u0151 150 di\u00e1k vett r\u00e9szt az el\u0151ad\u00e1son, de K\u00e1rp\u00e1t-medence-szerte m\u00e9g t\u00f6bb t\u00edzezren tudtak csatlakozni a tematikus tan\u00f3r\u00e1hoz.<\/p>\n<p>&nbsp;<\/p>\n","protected":false},"excerpt":{"rendered":"<p>Magyarlak-Cs\u00f6r\u00f6tnek \u00c1ltal\u00e1nos Iskol\u00e1ja k\u00f6z\u00f6ss\u00e9ge egy k\u00fcl\u00f6nleges vend\u00e9get fogadott \u00e1prilis 9-\u00e9n, szerd\u00e1n d\u00e9lel\u0151tt. \u00c1der J\u00e1nos, Magyarorsz\u00e1g volt k\u00f6zt\u00e1rsas\u00e1gi eln\u00f6ke a Fenntarthat\u00f3s\u00e1gi T\u00e9mah\u00e9t keret\u00e9ben rendhagy\u00f3 kl\u00edma\u00f3r\u00e1t tartott a di\u00e1koknak, amely a k\u00f6rnyezettudatos \u00e9letm\u00f3dra \u00e9s<a class=\"moretag\" href=\"https:\/\/altisk-mlak.edu.hu\/index.php\/megtisztelo-elnoki-latogatas\/\">Read More&#8230;<\/a><\/p>\n","protected":false},"author":3,"featured_media":0,"comment_status":"closed","ping_status":"closed","sticky":false,"template":"","format":"standard","meta":{"two_page_speed":[],"footnotes":""},"categories":[1],"tags":[],"class_list":["post-3024","post","type-post","status-publish","format-standard","hentry","category-egyeb"],"_links":{"self":[{"href":"https:\/\/altisk-mlak.edu.hu\/index.php\/wp-json\/wp\/v2\/posts\/3024","targetHints":{"allow":["GET"]}}],"collection":[{"href":"https:\/\/altisk-mlak.edu.hu\/index.php\/wp-json\/wp\/v2\/posts"}],"about":[{"href":"https:\/\/altisk-mlak.edu.hu\/index.php\/wp-json\/wp\/v2\/types\/post"}],"author":[{"embeddable":true,"href":"https:\/\/altisk-mlak.edu.hu\/index.php\/wp-json\/wp\/v2\/users\/3"}],"replies":[{"embeddable":true,"href":"https:\/\/altisk-mlak.edu.hu\/index.php\/wp-json\/wp\/v2\/comments?post=3024"}],"version-history":[{"count":1,"href":"https:\/\/altisk-mlak.edu.hu\/index.php\/wp-json\/wp\/v2\/posts\/3024\/revisions"}],"predecessor-version":[{"id":3032,"href":"https:\/\/altisk-mlak.edu.hu\/index.php\/wp-json\/wp\/v2\/posts\/3024\/revisions\/3032"}],"wp:attachment":[{"href":"https:\/\/altisk-mlak.edu.hu\/index.php\/wp-json\/wp\/v2\/media?parent=3024"}],"wp:term":[{"taxonomy":"category","embeddable":true,"href":"https:\/\/altisk-mlak.edu.hu\/index.php\/wp-json\/wp\/v2\/categories?post=3024"},{"taxonomy":"post_tag","embeddable":true,"href":"https:\/\/altisk-mlak.edu.hu\/index.php\/wp-json\/wp\/v2\/tags?post=3024"}],"curies":[{"name":"wp","href":"https:\/\/api.w.org\/{rel}","templated":true}]}}