{"id":3033,"date":"2025-04-16T06:15:08","date_gmt":"2025-04-16T06:15:08","guid":{"rendered":"https:\/\/altisk-mlak.edu.hu\/?p=3033"},"modified":"2025-04-25T05:44:52","modified_gmt":"2025-04-25T05:44:52","slug":"te-szedd-2025","status":"publish","type":"post","link":"https:\/\/altisk-mlak.edu.hu\/index.php\/te-szedd-2025\/","title":{"rendered":"Te szedd! 2025"},"content":{"rendered":"<p align=\"justify\">Magyarlak-Cs\u00f6r\u00f6tnek \u00c1ltal\u00e1nos Iskol\u00e1ja regisztr\u00e1lt szervez\u0151k\u00e9nt a Te szedd! \u2013 \u00d6nk\u00e9ntesen a tiszta Magyarorsz\u00e1g\u00e9rt programba, \u00e9s iskolaszinten, vagyis a tagint\u00e9zm\u00e9ny valamennyi di\u00e1kja, pedag\u00f3gusa \u00e9s dolgoz\u00f3ja r\u00e9szt vett az orsz\u00e1gos akci\u00f3ban. <img fetchpriority=\"high\" decoding=\"async\" class=\"alignleft size-medium wp-image-3034\" src=\"https:\/\/altisk-mlak.edu.hu\/wp-content\/uploads\/2025\/04\/teszedd1-300x234.jpg\" alt=\"\" width=\"300\" height=\"234\" srcset=\"https:\/\/altisk-mlak.edu.hu\/wp-content\/uploads\/2025\/04\/teszedd1-300x234.jpg 300w, https:\/\/altisk-mlak.edu.hu\/wp-content\/uploads\/2025\/04\/teszedd1-1024x797.jpg 1024w, https:\/\/altisk-mlak.edu.hu\/wp-content\/uploads\/2025\/04\/teszedd1-768x598.jpg 768w, https:\/\/altisk-mlak.edu.hu\/wp-content\/uploads\/2025\/04\/teszedd1-1536x1196.jpg 1536w, https:\/\/altisk-mlak.edu.hu\/wp-content\/uploads\/2025\/04\/teszedd1-2048x1595.jpg 2048w, https:\/\/altisk-mlak.edu.hu\/wp-content\/uploads\/2025\/04\/teszedd1-600x467.jpg 600w\" sizes=\"(max-width: 300px) 100vw, 300px\" \/>K\u00e9t telep\u00fcl\u00e9s (Magyarlak, Cs\u00f6r\u00f6tnek) ter\u00fclet\u00e9t felosztottuk az oszt\u00e1lyok k\u00f6zt, \u00e9s alaposan megtiszt\u00edtottuk a telep\u00fcl\u00e9sr\u00e9szeket a szem\u00e9tt\u0151l. A h\u00e9tk\u00f6znapi aktivit\u00e1s id\u0151pontj\u00e1ban, \u00e1prilis 8-\u00e1n, kedden csak kev\u00e9s sz\u00fcl\u0151 tudott r\u00e9szt venni munkahelyi elfoglalts\u00e1g miatt, \u00edgy \u00e1prilis 12-re, szombatra is szervezt\u00fcnk egy telep\u00fcl\u00e9sszint\u0171 szem\u00e9tszed\u0151 akci\u00f3t. <img decoding=\"async\" class=\"alignright size-medium wp-image-3035\" src=\"https:\/\/altisk-mlak.edu.hu\/wp-content\/uploads\/2025\/04\/teszedd2-300x256.jpg\" alt=\"\" width=\"300\" height=\"256\" srcset=\"https:\/\/altisk-mlak.edu.hu\/wp-content\/uploads\/2025\/04\/teszedd2-300x256.jpg 300w, https:\/\/altisk-mlak.edu.hu\/wp-content\/uploads\/2025\/04\/teszedd2-1024x873.jpg 1024w, https:\/\/altisk-mlak.edu.hu\/wp-content\/uploads\/2025\/04\/teszedd2-768x655.jpg 768w, https:\/\/altisk-mlak.edu.hu\/wp-content\/uploads\/2025\/04\/teszedd2-600x511.jpg 600w, https:\/\/altisk-mlak.edu.hu\/wp-content\/uploads\/2025\/04\/teszedd2.jpg 1335w\" sizes=\"(max-width: 300px) 100vw, 300px\" \/>\u00d6rvendetes, hogy ezen a napon \u00f3vod\u00e1s \u00e9s iskol\u00e1s gyermekek, pedag\u00f3gusok, sz\u00fcl\u0151k, karit\u00e1sz \u00f6nk\u00e9ntesek, \u00f6nkorm\u00e1nyzati k\u00e9pvisel\u0151k, polg\u00e1rmesterek, egykori \u00e9s leend\u0151 tan\u00edtv\u00e1nyok egy\u00fctt tev\u00e9kenykedtek a k\u00f6rnyezet\u00fcnk megtiszt\u00edt\u00e1s\u00e1\u00e9rt. Az utak ment\u00e9n, \u00fcresen \u00e1ll\u00f3 ter\u00fcleteken, a R\u00e1ba foly\u00f3 partj\u00e1n b\u0151ven tal\u00e1ltunk elhaj\u00edtott, kidobott t\u00e1rgyakat. <img decoding=\"async\" class=\"alignleft size-medium wp-image-3035\" src=\"https:\/\/altisk-mlak.edu.hu\/wp-content\/uploads\/2025\/04\/teszedd2-300x256.jpg\" alt=\"\" width=\"300\" height=\"256\" srcset=\"https:\/\/altisk-mlak.edu.hu\/wp-content\/uploads\/2025\/04\/teszedd2-300x256.jpg 300w, https:\/\/altisk-mlak.edu.hu\/wp-content\/uploads\/2025\/04\/teszedd2-1024x873.jpg 1024w, https:\/\/altisk-mlak.edu.hu\/wp-content\/uploads\/2025\/04\/teszedd2-768x655.jpg 768w, https:\/\/altisk-mlak.edu.hu\/wp-content\/uploads\/2025\/04\/teszedd2-600x511.jpg 600w, https:\/\/altisk-mlak.edu.hu\/wp-content\/uploads\/2025\/04\/teszedd2.jpg 1335w\" sizes=\"(max-width: 300px) 100vw, 300px\" \/>Elkeser\u00edt\u0151 l\u00e1tv\u00e1nyt ny\u00fajtott a f\u00f6ld\u00f6n hever\u0151 PET palack, energiaitalos \u00e9s s\u00f6r\u00f6s doboz, nejlonzacsk\u00f3 \u00e9s \u2013t\u00e1skafoszl\u00e1nyok, m\u0171anyag- \u00e9s f\u00e9mv\u00f6dr\u00f6k, de m\u00e9g k\u00e9t kimustr\u00e1lt ker\u00e9kp\u00e1rra is bukkantak a gyerekek. Tal\u00e1ltunk t\u00f6r\u00f6tt italos \u00fcveget, melyek balesetvesz\u00e9lyesek a s\u00e9t\u00e1l\u00f3kra, t\u00far\u00e1z\u00f3kra n\u00e9zve. Meg\u00e1llap\u00edthat\u00f3, hogy az \u00f6sszegy\u0171jt\u00f6tt szem\u00e9t mennyis\u00e9ge kevesebb volt, mint az el\u0151z\u0151 \u00e9vekben, de \u00edgy is akadt b\u0151ven tennival\u00f3, tizenegy zs\u00e1k szem\u00e9t lett \u201emunk\u00e1nk eredm\u00e9nye\u201d. A zs\u00e1kokat nem t\u00f6mt\u00fck tele, mert az \u00f6sszegy\u0171jt\u00f6tt szem\u00e9t nagy s\u00fallyal b\u00edrt, \u00e9s f\u00e9l\u0151 volt, hogy a zs\u00e1k kiszakad. Megd\u00f6bbentette a gyerekeket a tem\u00e9rdek cigarettacs\u00edk, \u00e9s az, hogy mi mindent sz\u00f3rnak el\/ki felel\u0151tlen emberek, mekkora pazarl\u00e1s folyik a lakoss\u00e1g k\u00f6r\u00e9ben. Megfogadt\u00e1k, \u0151k nem tesznek ilyet.<\/p>\n","protected":false},"excerpt":{"rendered":"<p>Magyarlak-Cs\u00f6r\u00f6tnek \u00c1ltal\u00e1nos Iskol\u00e1ja regisztr\u00e1lt szervez\u0151k\u00e9nt a Te szedd! \u2013 \u00d6nk\u00e9ntesen a tiszta Magyarorsz\u00e1g\u00e9rt programba, \u00e9s iskolaszinten, vagyis a tagint\u00e9zm\u00e9ny valamennyi di\u00e1kja, pedag\u00f3gusa \u00e9s dolgoz\u00f3ja r\u00e9szt vett az orsz\u00e1gos akci\u00f3ban. K\u00e9t telep\u00fcl\u00e9s (Magyarlak,<a class=\"moretag\" href=\"https:\/\/altisk-mlak.edu.hu\/index.php\/te-szedd-2025\/\">Read More&#8230;<\/a><\/p>\n","protected":false},"author":3,"featured_media":0,"comment_status":"closed","ping_status":"closed","sticky":false,"template":"","format":"standard","meta":{"two_page_speed":[],"footnotes":""},"categories":[1],"tags":[],"class_list":["post-3033","post","type-post","status-publish","format-standard","hentry","category-egyeb"],"_links":{"self":[{"href":"https:\/\/altisk-mlak.edu.hu\/index.php\/wp-json\/wp\/v2\/posts\/3033","targetHints":{"allow":["GET"]}}],"collection":[{"href":"https:\/\/altisk-mlak.edu.hu\/index.php\/wp-json\/wp\/v2\/posts"}],"about":[{"href":"https:\/\/altisk-mlak.edu.hu\/index.php\/wp-json\/wp\/v2\/types\/post"}],"author":[{"embeddable":true,"href":"https:\/\/altisk-mlak.edu.hu\/index.php\/wp-json\/wp\/v2\/users\/3"}],"replies":[{"embeddable":true,"href":"https:\/\/altisk-mlak.edu.hu\/index.php\/wp-json\/wp\/v2\/comments?post=3033"}],"version-history":[{"count":1,"href":"https:\/\/altisk-mlak.edu.hu\/index.php\/wp-json\/wp\/v2\/posts\/3033\/revisions"}],"predecessor-version":[{"id":3037,"href":"https:\/\/altisk-mlak.edu.hu\/index.php\/wp-json\/wp\/v2\/posts\/3033\/revisions\/3037"}],"wp:attachment":[{"href":"https:\/\/altisk-mlak.edu.hu\/index.php\/wp-json\/wp\/v2\/media?parent=3033"}],"wp:term":[{"taxonomy":"category","embeddable":true,"href":"https:\/\/altisk-mlak.edu.hu\/index.php\/wp-json\/wp\/v2\/categories?post=3033"},{"taxonomy":"post_tag","embeddable":true,"href":"https:\/\/altisk-mlak.edu.hu\/index.php\/wp-json\/wp\/v2\/tags?post=3033"}],"curies":[{"name":"wp","href":"https:\/\/api.w.org\/{rel}","templated":true}]}}