{"id":3041,"date":"2025-04-25T05:54:54","date_gmt":"2025-04-25T05:54:54","guid":{"rendered":"https:\/\/altisk-mlak.edu.hu\/?p=3041"},"modified":"2025-04-25T06:03:20","modified_gmt":"2025-04-25T06:03:20","slug":"nagyheti-zarandoklat-a-boldog-brenner-janos-zarandokuton","status":"publish","type":"post","link":"https:\/\/altisk-mlak.edu.hu\/index.php\/nagyheti-zarandoklat-a-boldog-brenner-janos-zarandokuton\/","title":{"rendered":"Nagyheti zar\u00e1ndoklat a Boldog Brenner J\u00e1nos zar\u00e1ndok\u00faton"},"content":{"rendered":"<p align=\"justify\"><span lang=\"hu-HU\">2025 nagyhet\u00e9nek kedd d\u00e9lut\u00e1nj\u00e1n a Magyarlak-Cs\u00f6r\u00f6tnek \u00c1ltal\u00e1nos Iskola zar\u00e1ndokszakk\u00f6r\u00e9nek szervez\u00e9s\u00e9ben mini-zar\u00e1ndoklatra indultunk. A kis csapatba als\u00f3s \u00e9s fels\u0151s di\u00e1kok egyar\u00e1nt jelentkeztek. Lassan m\u00e1r az iskola minden tagja sz\u00e1m\u00e1ra ismer\u0151s a zar\u00e1ndokl\u00e1s, \u00edgy m\u00e1r az aut\u00f3kba fegyelmezetten, \u00f6sszeszedetten \u00fclt\u00fcnk be. <\/span><\/p>\n<p align=\"justify\"><span lang=\"hu-HU\">Kethelyre igyekezt\u00fcnk, hogy im\u00e1dkozva v\u00e9gigj\u00e1rjuk Boldog Brenner J\u00e1nos v\u00e9rtan\u00fas\u00e1g\u00e1nak \u00fatj\u00e1t. A f\u00e1jdalmas r\u00f3zsaf\u00fcz\u00e9rt k\u00e9t csoportra osztva, l\u00e1nyok \u00e9s fi\u00fak felv\u00e1ltva mondt\u00e1k st\u00e1ci\u00f3t\u00f3l st\u00e1ci\u00f3ig. A st\u00e1ci\u00f3k oszlopain\u00e1l Kov\u00e1cs Zsuzsa n\u00e9ni olvasta fel a r\u00e9szleteket Boldog Brenner J\u00e1nos napl\u00f3j\u00e1b\u00f3l, amelyeket Kiss Kati n\u00e9ni a gyerekek \u00e9let\u00e9re aktualiz\u00e1lt. A J\u00f3 P\u00e1sztor-k\u00e1poln\u00e1n\u00e1l kicsit megpihent\u00fcnk, \u00e9s uzsonn\u00e1val friss\u00edtett\u00fck fel magunkat. Ezut\u00e1n j\u00f3l kil\u00e9pve indultunk vissza a templomhoz, ahol lelkigyakorlatos szentmis\u00e9n vett\u00fcnk r\u00e9szt. A szentmise v\u00e9g\u00e9n el\u00e9nekelt\u00fck a T\u00fczed Uram, J\u00e9zus\u2026 kezdet\u0171 \u00e9neket a kethelyi h\u00edvek nagy meglepet\u00e9s\u00e9re \u00e9s tetsz\u00e9s\u00e9re, akik tapssal jutalmazt\u00e1k az \u00e9nek\u00fcnket. \u00cdgy k\u00e9sz\u00fclt a zar\u00e1ndokszakk\u00f6r a m\u00e1snapi nagyszerdai iskolai lelki napra, amelyen m\u00e1r az eg\u00e9sz iskola r\u00e9szt vett. <\/span><\/p>\n<p style=\"text-align: right;\" align=\"justify\"><em>\u00c1gnes n\u0151v\u00e9r<\/em><\/p>\n<table style=\"border-collapse: collapse; width: 100%;\">\n<tbody>\n<tr>\n<td style=\"width: 33.3333%;\"><img fetchpriority=\"high\" decoding=\"async\" class=\"alignright size-medium wp-image-3044\" src=\"https:\/\/altisk-mlak.edu.hu\/wp-content\/uploads\/2025\/04\/20250415_183827-300x169.jpg\" alt=\"\" width=\"300\" height=\"169\" srcset=\"https:\/\/altisk-mlak.edu.hu\/wp-content\/uploads\/2025\/04\/20250415_183827-300x169.jpg 300w, https:\/\/altisk-mlak.edu.hu\/wp-content\/uploads\/2025\/04\/20250415_183827-1024x576.jpg 1024w, https:\/\/altisk-mlak.edu.hu\/wp-content\/uploads\/2025\/04\/20250415_183827-768x432.jpg 768w, https:\/\/altisk-mlak.edu.hu\/wp-content\/uploads\/2025\/04\/20250415_183827-1536x864.jpg 1536w, https:\/\/altisk-mlak.edu.hu\/wp-content\/uploads\/2025\/04\/20250415_183827-1600x900.jpg 1600w, https:\/\/altisk-mlak.edu.hu\/wp-content\/uploads\/2025\/04\/20250415_183827-600x338.jpg 600w, https:\/\/altisk-mlak.edu.hu\/wp-content\/uploads\/2025\/04\/20250415_183827.jpg 2000w\" sizes=\"(max-width: 300px) 100vw, 300px\" \/><\/td>\n<td style=\"width: 33.3333%;\"><img decoding=\"async\" class=\"alignright size-medium wp-image-3042\" src=\"https:\/\/altisk-mlak.edu.hu\/wp-content\/uploads\/2025\/04\/20250415_182131-300x169.jpg\" alt=\"\" width=\"300\" height=\"169\" srcset=\"https:\/\/altisk-mlak.edu.hu\/wp-content\/uploads\/2025\/04\/20250415_182131-300x169.jpg 300w, https:\/\/altisk-mlak.edu.hu\/wp-content\/uploads\/2025\/04\/20250415_182131-1024x576.jpg 1024w, https:\/\/altisk-mlak.edu.hu\/wp-content\/uploads\/2025\/04\/20250415_182131-768x432.jpg 768w, https:\/\/altisk-mlak.edu.hu\/wp-content\/uploads\/2025\/04\/20250415_182131-1536x864.jpg 1536w, https:\/\/altisk-mlak.edu.hu\/wp-content\/uploads\/2025\/04\/20250415_182131-1600x900.jpg 1600w, https:\/\/altisk-mlak.edu.hu\/wp-content\/uploads\/2025\/04\/20250415_182131-600x338.jpg 600w, https:\/\/altisk-mlak.edu.hu\/wp-content\/uploads\/2025\/04\/20250415_182131.jpg 2000w\" sizes=\"(max-width: 300px) 100vw, 300px\" \/><\/td>\n<td style=\"width: 33.3333%;\"><img decoding=\"async\" class=\"alignright size-medium wp-image-3043\" src=\"https:\/\/altisk-mlak.edu.hu\/wp-content\/uploads\/2025\/04\/20250415_183822-300x169.jpg\" alt=\"\" width=\"300\" height=\"169\" srcset=\"https:\/\/altisk-mlak.edu.hu\/wp-content\/uploads\/2025\/04\/20250415_183822-300x169.jpg 300w, https:\/\/altisk-mlak.edu.hu\/wp-content\/uploads\/2025\/04\/20250415_183822-1024x576.jpg 1024w, https:\/\/altisk-mlak.edu.hu\/wp-content\/uploads\/2025\/04\/20250415_183822-768x432.jpg 768w, https:\/\/altisk-mlak.edu.hu\/wp-content\/uploads\/2025\/04\/20250415_183822-1536x864.jpg 1536w, https:\/\/altisk-mlak.edu.hu\/wp-content\/uploads\/2025\/04\/20250415_183822-1600x900.jpg 1600w, https:\/\/altisk-mlak.edu.hu\/wp-content\/uploads\/2025\/04\/20250415_183822-600x338.jpg 600w, https:\/\/altisk-mlak.edu.hu\/wp-content\/uploads\/2025\/04\/20250415_183822.jpg 2000w\" sizes=\"(max-width: 300px) 100vw, 300px\" \/><\/td>\n<\/tr>\n<tr>\n<td style=\"width: 33.3333%;\"><img loading=\"lazy\" decoding=\"async\" class=\"alignright size-medium wp-image-3046\" src=\"https:\/\/altisk-mlak.edu.hu\/wp-content\/uploads\/2025\/04\/20250415_183956-300x169.jpg\" alt=\"\" width=\"300\" height=\"169\" srcset=\"https:\/\/altisk-mlak.edu.hu\/wp-content\/uploads\/2025\/04\/20250415_183956-300x169.jpg 300w, https:\/\/altisk-mlak.edu.hu\/wp-content\/uploads\/2025\/04\/20250415_183956-1024x576.jpg 1024w, https:\/\/altisk-mlak.edu.hu\/wp-content\/uploads\/2025\/04\/20250415_183956-768x432.jpg 768w, https:\/\/altisk-mlak.edu.hu\/wp-content\/uploads\/2025\/04\/20250415_183956-1536x864.jpg 1536w, https:\/\/altisk-mlak.edu.hu\/wp-content\/uploads\/2025\/04\/20250415_183956-1600x900.jpg 1600w, https:\/\/altisk-mlak.edu.hu\/wp-content\/uploads\/2025\/04\/20250415_183956-600x338.jpg 600w, https:\/\/altisk-mlak.edu.hu\/wp-content\/uploads\/2025\/04\/20250415_183956.jpg 2000w\" sizes=\"(max-width: 300px) 100vw, 300px\" \/><\/td>\n<td style=\"width: 33.3333%;\"><img loading=\"lazy\" decoding=\"async\" class=\"alignright size-medium wp-image-3045\" src=\"https:\/\/altisk-mlak.edu.hu\/wp-content\/uploads\/2025\/04\/20250415_183943-169x300.jpg\" alt=\"\" width=\"169\" height=\"300\" srcset=\"https:\/\/altisk-mlak.edu.hu\/wp-content\/uploads\/2025\/04\/20250415_183943-169x300.jpg 169w, https:\/\/altisk-mlak.edu.hu\/wp-content\/uploads\/2025\/04\/20250415_183943-576x1024.jpg 576w, https:\/\/altisk-mlak.edu.hu\/wp-content\/uploads\/2025\/04\/20250415_183943-768x1365.jpg 768w, https:\/\/altisk-mlak.edu.hu\/wp-content\/uploads\/2025\/04\/20250415_183943-864x1536.jpg 864w, https:\/\/altisk-mlak.edu.hu\/wp-content\/uploads\/2025\/04\/20250415_183943-338x600.jpg 338w, https:\/\/altisk-mlak.edu.hu\/wp-content\/uploads\/2025\/04\/20250415_183943.jpg 1125w\" sizes=\"(max-width: 169px) 100vw, 169px\" \/><\/td>\n<td style=\"width: 33.3333%;\"><img loading=\"lazy\" decoding=\"async\" class=\"alignright size-medium wp-image-3047\" src=\"https:\/\/altisk-mlak.edu.hu\/wp-content\/uploads\/2025\/04\/20250415_184528-300x169.jpg\" alt=\"\" width=\"300\" height=\"169\" srcset=\"https:\/\/altisk-mlak.edu.hu\/wp-content\/uploads\/2025\/04\/20250415_184528-300x169.jpg 300w, https:\/\/altisk-mlak.edu.hu\/wp-content\/uploads\/2025\/04\/20250415_184528-1024x576.jpg 1024w, https:\/\/altisk-mlak.edu.hu\/wp-content\/uploads\/2025\/04\/20250415_184528-768x432.jpg 768w, https:\/\/altisk-mlak.edu.hu\/wp-content\/uploads\/2025\/04\/20250415_184528-1536x864.jpg 1536w, https:\/\/altisk-mlak.edu.hu\/wp-content\/uploads\/2025\/04\/20250415_184528-1600x900.jpg 1600w, https:\/\/altisk-mlak.edu.hu\/wp-content\/uploads\/2025\/04\/20250415_184528-600x338.jpg 600w, https:\/\/altisk-mlak.edu.hu\/wp-content\/uploads\/2025\/04\/20250415_184528.jpg 2000w\" sizes=\"(max-width: 300px) 100vw, 300px\" \/><\/td>\n<\/tr>\n<\/tbody>\n<\/table>\n","protected":false},"excerpt":{"rendered":"<p>2025 nagyhet\u00e9nek kedd d\u00e9lut\u00e1nj\u00e1n a Magyarlak-Cs\u00f6r\u00f6tnek \u00c1ltal\u00e1nos Iskola zar\u00e1ndokszakk\u00f6r\u00e9nek szervez\u00e9s\u00e9ben mini-zar\u00e1ndoklatra indultunk. A kis csapatba als\u00f3s \u00e9s fels\u0151s di\u00e1kok egyar\u00e1nt jelentkeztek. Lassan m\u00e1r az iskola minden tagja sz\u00e1m\u00e1ra ismer\u0151s a zar\u00e1ndokl\u00e1s, \u00edgy<a class=\"moretag\" href=\"https:\/\/altisk-mlak.edu.hu\/index.php\/nagyheti-zarandoklat-a-boldog-brenner-janos-zarandokuton\/\">Read More&#8230;<\/a><\/p>\n","protected":false},"author":3,"featured_media":0,"comment_status":"closed","ping_status":"closed","sticky":false,"template":"","format":"standard","meta":{"two_page_speed":[],"footnotes":""},"categories":[1],"tags":[],"class_list":["post-3041","post","type-post","status-publish","format-standard","hentry","category-egyeb"],"_links":{"self":[{"href":"https:\/\/altisk-mlak.edu.hu\/index.php\/wp-json\/wp\/v2\/posts\/3041","targetHints":{"allow":["GET"]}}],"collection":[{"href":"https:\/\/altisk-mlak.edu.hu\/index.php\/wp-json\/wp\/v2\/posts"}],"about":[{"href":"https:\/\/altisk-mlak.edu.hu\/index.php\/wp-json\/wp\/v2\/types\/post"}],"author":[{"embeddable":true,"href":"https:\/\/altisk-mlak.edu.hu\/index.php\/wp-json\/wp\/v2\/users\/3"}],"replies":[{"embeddable":true,"href":"https:\/\/altisk-mlak.edu.hu\/index.php\/wp-json\/wp\/v2\/comments?post=3041"}],"version-history":[{"count":1,"href":"https:\/\/altisk-mlak.edu.hu\/index.php\/wp-json\/wp\/v2\/posts\/3041\/revisions"}],"predecessor-version":[{"id":3048,"href":"https:\/\/altisk-mlak.edu.hu\/index.php\/wp-json\/wp\/v2\/posts\/3041\/revisions\/3048"}],"wp:attachment":[{"href":"https:\/\/altisk-mlak.edu.hu\/index.php\/wp-json\/wp\/v2\/media?parent=3041"}],"wp:term":[{"taxonomy":"category","embeddable":true,"href":"https:\/\/altisk-mlak.edu.hu\/index.php\/wp-json\/wp\/v2\/categories?post=3041"},{"taxonomy":"post_tag","embeddable":true,"href":"https:\/\/altisk-mlak.edu.hu\/index.php\/wp-json\/wp\/v2\/tags?post=3041"}],"curies":[{"name":"wp","href":"https:\/\/api.w.org\/{rel}","templated":true}]}}