{"id":3142,"date":"2025-05-09T06:27:07","date_gmt":"2025-05-09T06:27:07","guid":{"rendered":"https:\/\/altisk-mlak.edu.hu\/?p=3142"},"modified":"2025-05-14T06:24:03","modified_gmt":"2025-05-14T06:24:03","slug":"raba-parti-tanora","status":"publish","type":"post","link":"https:\/\/altisk-mlak.edu.hu\/index.php\/raba-parti-tanora\/","title":{"rendered":"R\u00e1ba-parti tan\u00f3ra"},"content":{"rendered":"<p><img fetchpriority=\"high\" decoding=\"async\" class=\"wp-image-3143 size-medium alignleft\" src=\"https:\/\/altisk-mlak.edu.hu\/wp-content\/uploads\/2025\/05\/bisel8-300x225.jpg\" alt=\"\" width=\"300\" height=\"225\" srcset=\"https:\/\/altisk-mlak.edu.hu\/wp-content\/uploads\/2025\/05\/bisel8-300x225.jpg 300w, https:\/\/altisk-mlak.edu.hu\/wp-content\/uploads\/2025\/05\/bisel8-1024x768.jpg 1024w, https:\/\/altisk-mlak.edu.hu\/wp-content\/uploads\/2025\/05\/bisel8-768x576.jpg 768w, https:\/\/altisk-mlak.edu.hu\/wp-content\/uploads\/2025\/05\/bisel8-1536x1152.jpg 1536w, https:\/\/altisk-mlak.edu.hu\/wp-content\/uploads\/2025\/05\/bisel8-2048x1536.jpg 2048w, https:\/\/altisk-mlak.edu.hu\/wp-content\/uploads\/2025\/05\/bisel8-600x450.jpg 600w\" sizes=\"(max-width: 300px) 100vw, 300px\" \/>M\u00e1jus 8-\u00e1n az orsz\u00e1gos BISEL-versenyre nevezett tanul\u00f3k \u00e9s mentoraik v\u00edzparti tan\u00f3r\u00e1t szerveztek iskol\u00e1nk als\u00f3 tagozatos tanul\u00f3i sz\u00e1m\u00e1ra. A szervez\u0151k mindent alaposan el\u0151k\u00e9sz\u00edtettek: Kov\u00e1cs Szil\u00e1rd b\u00e1csi, az \u0150rs\u00e9gi Nemzeti Park munkat\u00e1rsa gyalog\u00f6sv\u00e9nyt alak\u00edtott ki a megemelkedett v\u00edz\u00e1ll\u00e1s\u00fa foly\u00f3 megk\u00f6zel\u00edt\u00e9s\u00e9hez, a tanul\u00f3k gumicsizm\u00e1ban \u00e9rkeztek, a mentorok \u00faticsomagj\u00e1ba ker\u00fclt a V\u00edzbiol\u00f3giai praktikum c. k\u00e9zik\u00f6nyv, a szabv\u00e1nyos BISEL-t\u00e1bl\u00e1zat \u00e9s a szem\u00e9tgy\u0171jt\u0151 zs\u00e1k. Izgatottan indult \u00fatnak a f\u00e9lsz\u00e1z gyermek, hogy elsaj\u00e1t\u00edtsa a terepi v\u00edzvizsg\u00e1lat l\u00e9p\u00e9seit a makrogerinctelenekre f\u00f3kusz\u00e1lva. A BISEL-vizsg\u00e1lat mozzanatai a k\u00f6vetkez\u0151k voltak:<\/p>\n<ol>\n<li>mintav\u00e9tel k\u00e9zih\u00e1l\u00f3val,<\/li>\n<li>makrogerinctelenek sz\u00e9tv\u00e1logat\u00e1sa taxon\u00f3miai csoportok szerint,<\/li>\n<li>\u00e9l\u0151l\u00e9nyek azonos\u00edt\u00e1sa,<\/li>\n<li>figyelembe vehet\u0151 taxonok meg\u00e1llap\u00edt\u00e1sa,<\/li>\n<li>leg\u00e9rz\u00e9kenyebb csoport azonos\u00edt\u00e1sa,<\/li>\n<li>biotikus index meg\u00e1llap\u00edt\u00e1sa t\u00e1bl\u00e1zat seg\u00edts\u00e9g\u00e9vel,<\/li>\n<li>BI \u00e9rtelmez\u00e9se.<\/li>\n<\/ol>\n<p align=\"justify\"><img decoding=\"async\" class=\"alignleft size-thumbnail wp-image-3146\" src=\"https:\/\/altisk-mlak.edu.hu\/wp-content\/uploads\/2025\/05\/bisel-3-150x150.jpg\" alt=\"\" width=\"150\" height=\"150\" \/>A versenyz\u0151k \u00fcgyeskedtek az egyes r\u00e9szfeladatok elv\u00e9gz\u00e9s\u00e9n\u00e9l, m\u00e1r hat\u00e1roz\u00f3 n\u00e9lk\u00fcl azonos\u00edtott\u00e1k be a fajokat: bolhar\u00e1k, tegzes, \u00e1lk\u00e9r\u00e9sz, gy\u0171r\u0171sf\u00e9reg stb. A \u201ekezd\u0151k\u201d igen lelkesek voltak, \u00e9s ha megakadtak, akkor seg\u00edts\u00e9get k\u00e9rhettek a di\u00e1k- \u00e9s feln\u0151tt \u201eszak\u00e9rt\u0151kt\u0151l\u201d. <img decoding=\"async\" class=\"alignright size-thumbnail wp-image-3144\" src=\"https:\/\/altisk-mlak.edu.hu\/wp-content\/uploads\/2025\/05\/bisel7-150x150.jpg\" alt=\"\" width=\"150\" height=\"150\" \/>A jegyz\u0151k\u00f6nyv kit\u00f6lt\u00e9s\u00e9t is k\u00f6z\u00f6sen v\u00e9gezt\u00e9k. A v\u00edzvizsg\u00e1lat mellett szem\u00fcgyre vett\u00e9k a mintav\u00e9teli hely k\u00f6rnyezet\u00e9t is, \u00e9s meghat\u00e1rozt\u00e1k a v\u00edzparti n\u00f6v\u00e9ny- \u00e9s \u00e1llatfajokat. A j\u00f3 er\u0151ben l\u00e9v\u0151 fi\u00fak tereptiszt\u00edt\u00e1sra is v\u00e1llalkoztak, j\u00f3kora ter\u00fcleten kiirtott\u00e1k a jap\u00e1n keser\u0171f\u0171 \u00e1llom\u00e1nyt, ami egy t\u00e1jidegen n\u00f6v\u00e9ny, \u00e9s fokozatosan szor\u00edtja ki az \u0151shonos fajokat. <img loading=\"lazy\" decoding=\"async\" class=\"alignleft size-thumbnail wp-image-3145\" src=\"https:\/\/altisk-mlak.edu.hu\/wp-content\/uploads\/2025\/05\/bisel4-150x150.jpg\" alt=\"\" width=\"150\" height=\"150\" \/>Hasznosan, nagyon j\u00f3 hangulatban \u00e9s gyorsan eltelt a k\u00e9t tan\u00f3ra. A tanul\u00f3k sok \u00faj ismerettel, \u00e9lm\u00e9nnyel \u00e9s s\u00e1ros-vizes l\u00e1bbelikben t\u00e9rtek vissza az iskol\u00e1ba.<\/p>\n","protected":false},"excerpt":{"rendered":"<p>M\u00e1jus 8-\u00e1n az orsz\u00e1gos BISEL-versenyre nevezett tanul\u00f3k \u00e9s mentoraik v\u00edzparti tan\u00f3r\u00e1t szerveztek iskol\u00e1nk als\u00f3 tagozatos tanul\u00f3i sz\u00e1m\u00e1ra. A szervez\u0151k mindent alaposan el\u0151k\u00e9sz\u00edtettek: Kov\u00e1cs Szil\u00e1rd b\u00e1csi, az \u0150rs\u00e9gi Nemzeti Park munkat\u00e1rsa gyalog\u00f6sv\u00e9nyt alak\u00edtott<a class=\"moretag\" href=\"https:\/\/altisk-mlak.edu.hu\/index.php\/raba-parti-tanora\/\">Read More&#8230;<\/a><\/p>\n","protected":false},"author":3,"featured_media":0,"comment_status":"closed","ping_status":"closed","sticky":false,"template":"","format":"standard","meta":{"two_page_speed":[],"footnotes":""},"categories":[1],"tags":[],"class_list":["post-3142","post","type-post","status-publish","format-standard","hentry","category-egyeb"],"_links":{"self":[{"href":"https:\/\/altisk-mlak.edu.hu\/index.php\/wp-json\/wp\/v2\/posts\/3142","targetHints":{"allow":["GET"]}}],"collection":[{"href":"https:\/\/altisk-mlak.edu.hu\/index.php\/wp-json\/wp\/v2\/posts"}],"about":[{"href":"https:\/\/altisk-mlak.edu.hu\/index.php\/wp-json\/wp\/v2\/types\/post"}],"author":[{"embeddable":true,"href":"https:\/\/altisk-mlak.edu.hu\/index.php\/wp-json\/wp\/v2\/users\/3"}],"replies":[{"embeddable":true,"href":"https:\/\/altisk-mlak.edu.hu\/index.php\/wp-json\/wp\/v2\/comments?post=3142"}],"version-history":[{"count":1,"href":"https:\/\/altisk-mlak.edu.hu\/index.php\/wp-json\/wp\/v2\/posts\/3142\/revisions"}],"predecessor-version":[{"id":3147,"href":"https:\/\/altisk-mlak.edu.hu\/index.php\/wp-json\/wp\/v2\/posts\/3142\/revisions\/3147"}],"wp:attachment":[{"href":"https:\/\/altisk-mlak.edu.hu\/index.php\/wp-json\/wp\/v2\/media?parent=3142"}],"wp:term":[{"taxonomy":"category","embeddable":true,"href":"https:\/\/altisk-mlak.edu.hu\/index.php\/wp-json\/wp\/v2\/categories?post=3142"},{"taxonomy":"post_tag","embeddable":true,"href":"https:\/\/altisk-mlak.edu.hu\/index.php\/wp-json\/wp\/v2\/tags?post=3142"}],"curies":[{"name":"wp","href":"https:\/\/api.w.org\/{rel}","templated":true}]}}