{"id":3167,"date":"2025-05-14T11:53:06","date_gmt":"2025-05-14T11:53:06","guid":{"rendered":"https:\/\/altisk-mlak.edu.hu\/?p=3167"},"modified":"2025-05-19T07:56:05","modified_gmt":"2025-05-19T07:56:05","slug":"tanorak-az-egig-ero-tanteremben","status":"publish","type":"post","link":"https:\/\/altisk-mlak.edu.hu\/index.php\/tanorak-az-egig-ero-tanteremben\/","title":{"rendered":"Tan\u00f3r\u00e1k az \u00e9gig \u00e9r\u0151 tanteremben"},"content":{"rendered":"<p align=\"justify\">M\u00e1jus 13-\u00e1n a kasz\u00e1l\u00f3gy\u00fcm\u00f6lcs\u00f6s\u00f6k nemzetk\u00f6zi napj\u00e1n az \u0150rs\u00e9gi Nemzeti Park k\u00f6zrem\u0171k\u00f6d\u00e9s\u00e9vel als\u00f3saink az ausztriai Weinidylle Nat\u00farparkban, Bildein telep\u00fcl\u00e9sen egy interakt\u00edv \u00e9s term\u00e9szetpedag\u00f3giai \u00e1llom\u00e1sokkal tark\u00edtott programon vehettek r\u00e9szt. A rendezv\u00e9ny megnyit\u00f3ja ut\u00e1n 6 \u00e1llom\u00e1son forg\u00f3sz\u00ednpadszer\u0171en zajlott a j\u00e1tszva tanul\u00e1s. A csapatok a k\u00f6vetkez\u0151 t\u00e9m\u00e1kkal foglalkoztak a helysz\u00ednek megl\u00e1togat\u00e1sa sor\u00e1n:<\/p>\n<ol>\n<li>erd\u0151k, mez\u0151k \u00e1llatai<\/li>\n<li>denev\u00e9rek jellemz\u0151i<\/li>\n<li>kasz\u00e1l\u00f3gy\u00fcm\u00f6lcs\u00f6s\u00f6k madarai<\/li>\n<li>rovarok a kasz\u00e1l\u00f3gy\u00fcm\u00f6lcs\u00f6s\u00f6kben<\/li>\n<li>juhlegeltet\u00e9s<\/li>\n<li>f\u0171szern\u00f6v\u00e9nyek \u00e9s felhaszn\u00e1l\u00e1suk<\/li>\n<\/ol>\n<p>A nap folyam\u00e1n sok \u00e9lm\u00e9nyben, j\u00e1t\u00e9kban volt r\u00e9sz\u00fcnk \u00e9s hasznos ismeretekkel gazdagodhattunk a kasz\u00e1l\u00f3gy\u00fcm\u00f6lcs\u00f6s\u00f6k \u00e9l\u0151vil\u00e1g\u00e1t illet\u0151en. K\u00f6sz\u00f6nj\u00fck \u0150r-Hoffmann Eszter n\u00e9ni \u00e9s Kov\u00e1cs Szil\u00e1rd b\u00e1csi k\u00eds\u00e9ret\u00e9t. H\u00e1l\u00e1sak vagyunk az utaz\u00e1s megszervez\u00e9s\u00e9\u00e9rt, az ell\u00e1t\u00e1s\u00e9rt \u00e9s a tolm\u00e1csok munk\u00e1j\u00e1\u00e9rt.<\/p>\n<table style=\"border-collapse: collapse; width: 100%;\">\n<tbody>\n<tr>\n<td style=\"width: 33.3333%;\"><img decoding=\"async\" class=\"alignleft size-thumbnail wp-image-3171\" src=\"https:\/\/altisk-mlak.edu.hu\/wp-content\/uploads\/2025\/05\/1000005319-150x150.jpg\" alt=\"\" width=\"150\" height=\"150\" \/><\/td>\n<td style=\"width: 33.3333%;\"><img decoding=\"async\" class=\"alignleft size-thumbnail wp-image-3170\" src=\"https:\/\/altisk-mlak.edu.hu\/wp-content\/uploads\/2025\/05\/1000005309-150x150.jpg\" alt=\"\" width=\"150\" height=\"150\" \/><\/td>\n<td style=\"width: 33.3333%;\"><img decoding=\"async\" class=\"alignleft size-thumbnail wp-image-3169\" src=\"https:\/\/altisk-mlak.edu.hu\/wp-content\/uploads\/2025\/05\/1000005290-150x150.jpg\" alt=\"\" width=\"150\" height=\"150\" \/><\/td>\n<\/tr>\n<\/tbody>\n<\/table>\n<p style=\"text-align: right;\"><em>Zak\u00f3cs Veronika<\/em><\/p>\n","protected":false},"excerpt":{"rendered":"<p>M\u00e1jus 13-\u00e1n a kasz\u00e1l\u00f3gy\u00fcm\u00f6lcs\u00f6s\u00f6k nemzetk\u00f6zi napj\u00e1n az \u0150rs\u00e9gi Nemzeti Park k\u00f6zrem\u0171k\u00f6d\u00e9s\u00e9vel als\u00f3saink az ausztriai Weinidylle Nat\u00farparkban, Bildein telep\u00fcl\u00e9sen egy interakt\u00edv \u00e9s term\u00e9szetpedag\u00f3giai \u00e1llom\u00e1sokkal tark\u00edtott programon vehettek r\u00e9szt. A rendezv\u00e9ny megnyit\u00f3ja ut\u00e1n 6<a class=\"moretag\" href=\"https:\/\/altisk-mlak.edu.hu\/index.php\/tanorak-az-egig-ero-tanteremben\/\">Read More&#8230;<\/a><\/p>\n","protected":false},"author":3,"featured_media":0,"comment_status":"closed","ping_status":"closed","sticky":false,"template":"","format":"standard","meta":{"two_page_speed":[],"footnotes":""},"categories":[1],"tags":[],"class_list":["post-3167","post","type-post","status-publish","format-standard","hentry","category-egyeb"],"_links":{"self":[{"href":"https:\/\/altisk-mlak.edu.hu\/index.php\/wp-json\/wp\/v2\/posts\/3167","targetHints":{"allow":["GET"]}}],"collection":[{"href":"https:\/\/altisk-mlak.edu.hu\/index.php\/wp-json\/wp\/v2\/posts"}],"about":[{"href":"https:\/\/altisk-mlak.edu.hu\/index.php\/wp-json\/wp\/v2\/types\/post"}],"author":[{"embeddable":true,"href":"https:\/\/altisk-mlak.edu.hu\/index.php\/wp-json\/wp\/v2\/users\/3"}],"replies":[{"embeddable":true,"href":"https:\/\/altisk-mlak.edu.hu\/index.php\/wp-json\/wp\/v2\/comments?post=3167"}],"version-history":[{"count":2,"href":"https:\/\/altisk-mlak.edu.hu\/index.php\/wp-json\/wp\/v2\/posts\/3167\/revisions"}],"predecessor-version":[{"id":3172,"href":"https:\/\/altisk-mlak.edu.hu\/index.php\/wp-json\/wp\/v2\/posts\/3167\/revisions\/3172"}],"wp:attachment":[{"href":"https:\/\/altisk-mlak.edu.hu\/index.php\/wp-json\/wp\/v2\/media?parent=3167"}],"wp:term":[{"taxonomy":"category","embeddable":true,"href":"https:\/\/altisk-mlak.edu.hu\/index.php\/wp-json\/wp\/v2\/categories?post=3167"},{"taxonomy":"post_tag","embeddable":true,"href":"https:\/\/altisk-mlak.edu.hu\/index.php\/wp-json\/wp\/v2\/tags?post=3167"}],"curies":[{"name":"wp","href":"https:\/\/api.w.org\/{rel}","templated":true}]}}