{"id":3193,"date":"2025-05-28T10:42:39","date_gmt":"2025-05-28T10:42:39","guid":{"rendered":"https:\/\/altisk-mlak.edu.hu\/?p=3193"},"modified":"2025-05-30T06:34:59","modified_gmt":"2025-05-30T06:34:59","slug":"papirgyujtes-5","status":"publish","type":"post","link":"https:\/\/altisk-mlak.edu.hu\/index.php\/papirgyujtes-5\/","title":{"rendered":"Pap\u00edrgy\u0171jt\u00e9s"},"content":{"rendered":"<p align=\"center\"><span style=\"font-family: book antiqua, palatino, serif; font-size: 36pt;\">PAP\u00cdRGY\u0170JT\u00c9S<\/span><\/p>\n<p align=\"center\"><span style=\"font-family: book antiqua, palatino, serif; font-size: 14pt;\"><b><img fetchpriority=\"high\" decoding=\"async\" class=\"size-full wp-image-3194 aligncenter\" src=\"https:\/\/altisk-mlak.edu.hu\/wp-content\/uploads\/2025\/05\/papirgyujtes.jpg\" alt=\"\" width=\"192\" height=\"263\" \/>Magyarlak-Cs\u00f6r\u00f6tnek \u00c1ltal\u00e1nos Iskol\u00e1j\u00e1ban<\/b><\/span><\/p>\n<p align=\"center\"><span style=\"font-family: book antiqua, palatino, serif; font-size: 14pt;\"><b>2025. m\u00e1jus 28-t\u00f3l (szerd\u00e1t\u00f3l) j\u00fanius 4-ig (szerd\u00e1ig).<\/b><\/span><\/p>\n<p align=\"center\"><span style=\"font-family: book antiqua, palatino, serif; font-size: 14pt;\"><b>Karton kiv\u00e9tel\u00e9vel minden pap\u00edr hozhat\u00f3.<\/b><\/span><\/p>\n<p align=\"center\"><span style=\"font-family: book antiqua, palatino, serif; font-size: 14pt;\"><b>Pap\u00edr\u00e1tv\u00e9tel tan\u00edt\u00e1si napokon<\/b><\/span><\/p>\n<p align=\"center\"><span style=\"font-family: book antiqua, palatino, serif; font-size: 14pt;\"><b>7.00 h-t\u00f3l 17.00 h-ig.<\/b><\/span><\/p>\n<p align=\"center\"><span style=\"font-family: book antiqua, palatino, serif; font-size: 14pt;\"><b>Aki nem tudja a sz\u00e1ll\u00edt\u00e1st megoldani,<br \/>\naz sz\u00edveskedjen az \u00f6sszek\u00f6t\u00f6z\u00f6tt pap\u00edrt <\/b><\/span><\/p>\n<p align=\"center\"><span style=\"font-family: book antiqua, palatino, serif; font-size: 14pt;\"> <b>2025. j\u00fanius 4. (szerda) 7.30 \u00f3r\u00e1ig a h\u00e1za el\u00e9 kihelyezni.<\/b><\/span><\/p>\n","protected":false},"excerpt":{"rendered":"<p>PAP\u00cdRGY\u0170JT\u00c9S Magyarlak-Cs\u00f6r\u00f6tnek \u00c1ltal\u00e1nos Iskol\u00e1j\u00e1ban 2025. m\u00e1jus 28-t\u00f3l (szerd\u00e1t\u00f3l) j\u00fanius 4-ig (szerd\u00e1ig). Karton kiv\u00e9tel\u00e9vel minden pap\u00edr hozhat\u00f3. Pap\u00edr\u00e1tv\u00e9tel tan\u00edt\u00e1si napokon 7.00 h-t\u00f3l 17.00 h-ig. Aki nem tudja a sz\u00e1ll\u00edt\u00e1st megoldani, az sz\u00edveskedjen az<a class=\"moretag\" href=\"https:\/\/altisk-mlak.edu.hu\/index.php\/papirgyujtes-5\/\">Read More&#8230;<\/a><\/p>\n","protected":false},"author":3,"featured_media":0,"comment_status":"closed","ping_status":"closed","sticky":false,"template":"","format":"standard","meta":{"two_page_speed":[],"footnotes":""},"categories":[1],"tags":[],"class_list":["post-3193","post","type-post","status-publish","format-standard","hentry","category-egyeb"],"_links":{"self":[{"href":"https:\/\/altisk-mlak.edu.hu\/index.php\/wp-json\/wp\/v2\/posts\/3193","targetHints":{"allow":["GET"]}}],"collection":[{"href":"https:\/\/altisk-mlak.edu.hu\/index.php\/wp-json\/wp\/v2\/posts"}],"about":[{"href":"https:\/\/altisk-mlak.edu.hu\/index.php\/wp-json\/wp\/v2\/types\/post"}],"author":[{"embeddable":true,"href":"https:\/\/altisk-mlak.edu.hu\/index.php\/wp-json\/wp\/v2\/users\/3"}],"replies":[{"embeddable":true,"href":"https:\/\/altisk-mlak.edu.hu\/index.php\/wp-json\/wp\/v2\/comments?post=3193"}],"version-history":[{"count":1,"href":"https:\/\/altisk-mlak.edu.hu\/index.php\/wp-json\/wp\/v2\/posts\/3193\/revisions"}],"predecessor-version":[{"id":3195,"href":"https:\/\/altisk-mlak.edu.hu\/index.php\/wp-json\/wp\/v2\/posts\/3193\/revisions\/3195"}],"wp:attachment":[{"href":"https:\/\/altisk-mlak.edu.hu\/index.php\/wp-json\/wp\/v2\/media?parent=3193"}],"wp:term":[{"taxonomy":"category","embeddable":true,"href":"https:\/\/altisk-mlak.edu.hu\/index.php\/wp-json\/wp\/v2\/categories?post=3193"},{"taxonomy":"post_tag","embeddable":true,"href":"https:\/\/altisk-mlak.edu.hu\/index.php\/wp-json\/wp\/v2\/tags?post=3193"}],"curies":[{"name":"wp","href":"https:\/\/api.w.org\/{rel}","templated":true}]}}