{"id":3234,"date":"2025-06-05T06:24:49","date_gmt":"2025-06-05T06:24:49","guid":{"rendered":"https:\/\/altisk-mlak.edu.hu\/?p=3234"},"modified":"2025-06-05T06:28:09","modified_gmt":"2025-06-05T06:28:09","slug":"vidam-angyalok-az-egyhazmegyei-korustalalkozon","status":"publish","type":"post","link":"https:\/\/altisk-mlak.edu.hu\/index.php\/vidam-angyalok-az-egyhazmegyei-korustalalkozon\/","title":{"rendered":"Vid\u00e1m angyalok az Egyh\u00e1zmegyei K\u00f3rustal\u00e1lkoz\u00f3n"},"content":{"rendered":"<p align=\"justify\">M\u00e1jus 30-\u00e1n, p\u00e9nteken iskol\u00e1nk \u00e9nekkara, a Vid\u00e1m angyalok k\u00f3rus r\u00e9szt vett a Szombathelyi Egyh\u00e1zmegye \u00e1ltal szervezett, a Don Bosco M\u0171vel\u0151d\u00e9si Otthonban tartott I. Egyh\u00e1zmegyei Gyermek- \u00e9s Ifj\u00fas\u00e1gi K\u00f3rustal\u00e1lkoz\u00f3n. A gyermekek izgatottan k\u00e9sz\u00fcltek a fell\u00e9p\u00e9sre, Deutsch Szilvia k\u00f3rusvezet\u0151 szakszer\u0171 ir\u00e1ny\u00edt\u00e1sa mellett. Di\u00e1kjaink k\u00e9t egyh\u00e1zi \u00e9neket: Itt vagyok most j\u00f3 Uram, Er\u0151t adsz minden helyzetben \u00e9s a Vigy\u00e1zz a mad\u00e1rra! c. dalt adt\u00e1k el\u0151 nagyon \u00fcgyesen, kifejez\u0151en \u00e9nekelve. A \u201eHintsd szertesz\u00e9t a szeretet kincseit\u201d kezdet\u0171 m\u0171vet pedig a t\u00e1rsiskol\u00e1k k\u00f3rusaival egy\u00fctt \u00e9nekelt\u00e9k el. A tal\u00e1lkoz\u00f3n sok sz\u00e9p, l\u00e9lekemel\u0151 \u00e9nek hangzott el, melyet a fegyelmezett k\u00f6z\u00f6ns\u00e9g nagy tapssal jutalmazott. Minden iskola egy eml\u00e9klapot \u00e9s n\u00e9vre sz\u00f3l\u00f3 aj\u00e1nd\u00e9kot kapott. A hangversenyt k\u00f6vet\u0151en szeretetvend\u00e9gs\u00e9g v\u00e1rt benn\u00fcnket. H\u00e1l\u00e1san k\u00f6sz\u00f6nj\u00fck a lehet\u0151s\u00e9get \u00e9s az elismer\u0151 szavakat. K\u00fcl\u00f6n \u00f6r\u00f6m volt sz\u00e1munkra, hogy ezen a jeles alkalmon \u00f6lthett\u00fck magunkra el\u0151sz\u00f6r az \u00faj fell\u00e9p\u0151ruh\u00e1nkat.<\/p>\n<div id='gallery-1' class='gallery galleryid-3234 gallery-columns-2 gallery-size-thumbnail'><dl class='gallery-item'>\n\t\t\t<dt class='gallery-icon landscape'>\n\t\t\t\t<a href='https:\/\/altisk-mlak.edu.hu\/index.php\/vidam-angyalok-az-egyhazmegyei-korustalalkozon\/20250530_102835\/'><img decoding=\"async\" width=\"150\" height=\"150\" src=\"https:\/\/altisk-mlak.edu.hu\/wp-content\/uploads\/2025\/06\/20250530_102835-150x150.jpg\" class=\"attachment-thumbnail size-thumbnail\" alt=\"\" \/><\/a>\n\t\t\t<\/dt><\/dl><dl class='gallery-item'>\n\t\t\t<dt class='gallery-icon landscape'>\n\t\t\t\t<a href='https:\/\/altisk-mlak.edu.hu\/index.php\/vidam-angyalok-az-egyhazmegyei-korustalalkozon\/20250530_100428\/'><img decoding=\"async\" width=\"150\" height=\"150\" src=\"https:\/\/altisk-mlak.edu.hu\/wp-content\/uploads\/2025\/06\/20250530_100428-150x150.jpg\" class=\"attachment-thumbnail size-thumbnail\" alt=\"\" \/><\/a>\n\t\t\t<\/dt><\/dl><br style=\"clear: both\" \/><dl class='gallery-item'>\n\t\t\t<dt class='gallery-icon landscape'>\n\t\t\t\t<a href='https:\/\/altisk-mlak.edu.hu\/index.php\/vidam-angyalok-az-egyhazmegyei-korustalalkozon\/20250530_100658\/'><img decoding=\"async\" width=\"150\" height=\"150\" src=\"https:\/\/altisk-mlak.edu.hu\/wp-content\/uploads\/2025\/06\/20250530_100658-150x150.jpg\" class=\"attachment-thumbnail size-thumbnail\" alt=\"\" \/><\/a>\n\t\t\t<\/dt><\/dl><dl class='gallery-item'>\n\t\t\t<dt class='gallery-icon landscape'>\n\t\t\t\t<a href='https:\/\/altisk-mlak.edu.hu\/index.php\/vidam-angyalok-az-egyhazmegyei-korustalalkozon\/20250530_101008\/'><img loading=\"lazy\" decoding=\"async\" width=\"150\" height=\"150\" src=\"https:\/\/altisk-mlak.edu.hu\/wp-content\/uploads\/2025\/06\/20250530_101008-150x150.jpg\" class=\"attachment-thumbnail size-thumbnail\" alt=\"\" \/><\/a>\n\t\t\t<\/dt><\/dl><br style=\"clear: both\" \/><dl class='gallery-item'>\n\t\t\t<dt class='gallery-icon landscape'>\n\t\t\t\t<a href='https:\/\/altisk-mlak.edu.hu\/index.php\/vidam-angyalok-az-egyhazmegyei-korustalalkozon\/20250530_102826\/'><img loading=\"lazy\" decoding=\"async\" width=\"150\" height=\"150\" src=\"https:\/\/altisk-mlak.edu.hu\/wp-content\/uploads\/2025\/06\/20250530_102826-150x150.jpg\" class=\"attachment-thumbnail size-thumbnail\" alt=\"\" \/><\/a>\n\t\t\t<\/dt><\/dl>\n\t\t\t<br style='clear: both' \/>\n\t\t<\/div>\n\n<p style=\"text-align: right;\"><em> Mezein\u00e9 Kiss Katalin<\/em><\/p>\n","protected":false},"excerpt":{"rendered":"<p>M\u00e1jus 30-\u00e1n, p\u00e9nteken iskol\u00e1nk \u00e9nekkara, a Vid\u00e1m angyalok k\u00f3rus r\u00e9szt vett a Szombathelyi Egyh\u00e1zmegye \u00e1ltal szervezett, a Don Bosco M\u0171vel\u0151d\u00e9si Otthonban tartott I. Egyh\u00e1zmegyei Gyermek- \u00e9s Ifj\u00fas\u00e1gi K\u00f3rustal\u00e1lkoz\u00f3n. A gyermekek izgatottan k\u00e9sz\u00fcltek<a class=\"moretag\" href=\"https:\/\/altisk-mlak.edu.hu\/index.php\/vidam-angyalok-az-egyhazmegyei-korustalalkozon\/\">Read More&#8230;<\/a><\/p>\n","protected":false},"author":3,"featured_media":0,"comment_status":"closed","ping_status":"closed","sticky":false,"template":"","format":"standard","meta":{"two_page_speed":[],"footnotes":""},"categories":[1],"tags":[],"class_list":["post-3234","post","type-post","status-publish","format-standard","hentry","category-egyeb"],"_links":{"self":[{"href":"https:\/\/altisk-mlak.edu.hu\/index.php\/wp-json\/wp\/v2\/posts\/3234","targetHints":{"allow":["GET"]}}],"collection":[{"href":"https:\/\/altisk-mlak.edu.hu\/index.php\/wp-json\/wp\/v2\/posts"}],"about":[{"href":"https:\/\/altisk-mlak.edu.hu\/index.php\/wp-json\/wp\/v2\/types\/post"}],"author":[{"embeddable":true,"href":"https:\/\/altisk-mlak.edu.hu\/index.php\/wp-json\/wp\/v2\/users\/3"}],"replies":[{"embeddable":true,"href":"https:\/\/altisk-mlak.edu.hu\/index.php\/wp-json\/wp\/v2\/comments?post=3234"}],"version-history":[{"count":1,"href":"https:\/\/altisk-mlak.edu.hu\/index.php\/wp-json\/wp\/v2\/posts\/3234\/revisions"}],"predecessor-version":[{"id":3240,"href":"https:\/\/altisk-mlak.edu.hu\/index.php\/wp-json\/wp\/v2\/posts\/3234\/revisions\/3240"}],"wp:attachment":[{"href":"https:\/\/altisk-mlak.edu.hu\/index.php\/wp-json\/wp\/v2\/media?parent=3234"}],"wp:term":[{"taxonomy":"category","embeddable":true,"href":"https:\/\/altisk-mlak.edu.hu\/index.php\/wp-json\/wp\/v2\/categories?post=3234"},{"taxonomy":"post_tag","embeddable":true,"href":"https:\/\/altisk-mlak.edu.hu\/index.php\/wp-json\/wp\/v2\/tags?post=3234"}],"curies":[{"name":"wp","href":"https:\/\/api.w.org\/{rel}","templated":true}]}}