{"id":3263,"date":"2025-06-10T10:27:47","date_gmt":"2025-06-10T10:27:47","guid":{"rendered":"https:\/\/altisk-mlak.edu.hu\/?p=3263"},"modified":"2025-06-16T06:52:26","modified_gmt":"2025-06-16T06:52:26","slug":"iskolank-sikere-a-viz-az-elet-bolcsoje-c-kreativ-projektversenyen","status":"publish","type":"post","link":"https:\/\/altisk-mlak.edu.hu\/index.php\/iskolank-sikere-a-viz-az-elet-bolcsoje-c-kreativ-projektversenyen\/","title":{"rendered":"Iskol\u00e1nk sikere \u201eA v\u00edz, az \u00e9let b\u00f6lcs\u0151je\u201d c. kreat\u00edv projektversenyen"},"content":{"rendered":"<p align=\"justify\">Az \u0150rs\u00e9gi Nemzeti Park felh\u00edv\u00e1s\u00e1ra iskol\u00e1nk t\u00f6bb tanul\u00f3csoportja k\u00e9sz\u00edtett ig\u00e9nyes \u00e9s tartalmas, sok inform\u00e1ci\u00f3t k\u00f6zl\u0151 projektmunk\u00e1t. A tanul\u00f3k k\u00f6rnyezetismeret- \u00e9s term\u00e9szettudom\u00e1ny-\u00f3r\u00e1n megfigyelt\u00e9k a k\u00f6zeli vizes \u00e9l\u0151helyeket, \u00e9s meg is besz\u00e9lt\u00e9k azok term\u00e9szetbeni fontoss\u00e1g\u00e1t. A terepgyakorlatot k\u00f6vet\u0151en vizu\u00e1lisan illusztr\u00e1lt\u00e1k a megfigyel\u00e9seket: kreat\u00edv posztereket k\u00e9sz\u00edtettek vegyes technik\u00e1val (rajzol\u00e1s, fest\u00e9s, olajpasztell, koll\u00e1zs, mont\u00e1zs) \u00e9s term\u00e9szetes anyagok felhaszn\u00e1l\u00e1s\u00e1val (fa, kavics, n\u00e1d). A zs\u0171ri minden csapat munk\u00e1j\u00e1t \u00e9rt\u00e9kesnek tal\u00e1lta \u00e9s d\u00edjaz\u00e1sban r\u00e9szes\u00edtette a Pityerszeri P\u00fcnk\u00f6sd\u00f6l\u0151 rendezv\u00e9nyen.<\/p>\n<p align=\"justify\">Az al\u00e1bbi gy\u00f6ny\u00f6r\u0171 alkot\u00e1sok sz\u00fclettek a gyermeki kezek \u00e1ltal:<\/p>\n<p align=\"justify\">Sz\u00ednes \u00e9l\u0151helyek: Mezei J\u00e1zmin, Ny\u00e1ri Dominik, Hanzsek Hanna, Tak\u00e1cs Mil\u00e1n, Krajcz\u00e1r G\u00e1bor, S\u00e1rk\u00f6zi B\u00e1lint, T\u00f6lgyes M\u00e1t\u00e9, Horv\u00e1th Zita, Csicsai Csenge, Tak\u00e1cs Hanna Nat\u00e1lia (Magyarlak-Cs\u00f6r\u00f6tnek \u00c1ltal\u00e1nos Iskol\u00e1ja 1.- 3. oszt\u00e1ly), Felk\u00e9sz\u00edt\u0151 tan\u00e1r: Zak\u00f3cs Veronika<\/p>\n<p align=\"justify\">R\u00e9ka Anna, Bed\u0151cs D\u00e1vid, Benczik Botond, Guti Oliv\u00e9r, Varga \u00c1rmin (R\u00e1bagyarmati \u00c1ltal\u00e1nos Iskola), Felk\u00e9sz\u00edt\u0151 tan\u00e1r: H\u00e1rin\u00e9 D\u00fch Katalin<\/p>\n<p align=\"justify\"><img fetchpriority=\"high\" decoding=\"async\" class=\"aligncenter size-large wp-image-3270\" src=\"https:\/\/altisk-mlak.edu.hu\/wp-content\/uploads\/2025\/06\/Raba-1024x569.jpg\" alt=\"\" width=\"604\" height=\"336\" srcset=\"https:\/\/altisk-mlak.edu.hu\/wp-content\/uploads\/2025\/06\/Raba-1024x569.jpg 1024w, https:\/\/altisk-mlak.edu.hu\/wp-content\/uploads\/2025\/06\/Raba-300x167.jpg 300w, https:\/\/altisk-mlak.edu.hu\/wp-content\/uploads\/2025\/06\/Raba-768x427.jpg 768w, https:\/\/altisk-mlak.edu.hu\/wp-content\/uploads\/2025\/06\/Raba-1536x853.jpg 1536w, https:\/\/altisk-mlak.edu.hu\/wp-content\/uploads\/2025\/06\/Raba-600x333.jpg 600w, https:\/\/altisk-mlak.edu.hu\/wp-content\/uploads\/2025\/06\/Raba.jpg 1930w\" sizes=\"(max-width: 604px) 100vw, 604px\" \/><\/p>\n<p align=\"justify\">Sz\u00ednes v\u00edzi vil\u00e1g: Sekulic Zo\u00e9, Gyurkovics Mirk\u00f3, Levenda Vikt\u00f3ria, Nagy Kiara Beatrix, Somosi Hanna, Pars Noel, Czotter Gr\u00e9ta, Nider Bal\u00e1zs S\u00e1ndor, Merkli \u00c1d\u00e1m, Mesics Oliv\u00e9r, Horv\u00e1th M\u00e1t\u00e9, Tak\u00e1cs D\u00e1vid (Magyarlak-Cs\u00f6r\u00f6tnek \u00c1ltal\u00e1nos Iskol\u00e1ja, 2-4. oszt\u00e1ly), Felk\u00e9sz\u00edt\u0151 tan\u00e1r: B\u00e1lintn\u00e9 Pados Andrea<\/p>\n<p>&nbsp;<\/p>\n<table style=\"border-collapse: collapse; width: 100%;\">\n<tbody>\n<tr>\n<td style=\"width: 50%;\"><img decoding=\"async\" class=\"aligncenter size-medium wp-image-3271\" src=\"https:\/\/altisk-mlak.edu.hu\/wp-content\/uploads\/2025\/06\/Szines_vizvilag1-249x300.png\" alt=\"\" width=\"249\" height=\"300\" srcset=\"https:\/\/altisk-mlak.edu.hu\/wp-content\/uploads\/2025\/06\/Szines_vizvilag1-249x300.png 249w, https:\/\/altisk-mlak.edu.hu\/wp-content\/uploads\/2025\/06\/Szines_vizvilag1-851x1024.png 851w, https:\/\/altisk-mlak.edu.hu\/wp-content\/uploads\/2025\/06\/Szines_vizvilag1-768x924.png 768w, https:\/\/altisk-mlak.edu.hu\/wp-content\/uploads\/2025\/06\/Szines_vizvilag1-499x600.png 499w, https:\/\/altisk-mlak.edu.hu\/wp-content\/uploads\/2025\/06\/Szines_vizvilag1.png 1000w\" sizes=\"(max-width: 249px) 100vw, 249px\" \/><\/td>\n<td style=\"width: 50%;\"><img decoding=\"async\" class=\"aligncenter size-medium wp-image-3272\" src=\"https:\/\/altisk-mlak.edu.hu\/wp-content\/uploads\/2025\/06\/Szines_vizvilag2-300x250.png\" alt=\"\" width=\"300\" height=\"250\" srcset=\"https:\/\/altisk-mlak.edu.hu\/wp-content\/uploads\/2025\/06\/Szines_vizvilag2-300x250.png 300w, https:\/\/altisk-mlak.edu.hu\/wp-content\/uploads\/2025\/06\/Szines_vizvilag2-768x641.png 768w, https:\/\/altisk-mlak.edu.hu\/wp-content\/uploads\/2025\/06\/Szines_vizvilag2-600x500.png 600w, https:\/\/altisk-mlak.edu.hu\/wp-content\/uploads\/2025\/06\/Szines_vizvilag2.png 1000w\" sizes=\"(max-width: 300px) 100vw, 300px\" \/><\/td>\n<\/tr>\n<tr>\n<td colspan=\"2\"><img loading=\"lazy\" decoding=\"async\" class=\"aligncenter wp-image-3273 size-full\" src=\"https:\/\/altisk-mlak.edu.hu\/wp-content\/uploads\/2025\/06\/Szines_vizvilag3.png\" alt=\"\" width=\"1000\" height=\"500\" srcset=\"https:\/\/altisk-mlak.edu.hu\/wp-content\/uploads\/2025\/06\/Szines_vizvilag3.png 1000w, https:\/\/altisk-mlak.edu.hu\/wp-content\/uploads\/2025\/06\/Szines_vizvilag3-300x150.png 300w, https:\/\/altisk-mlak.edu.hu\/wp-content\/uploads\/2025\/06\/Szines_vizvilag3-768x384.png 768w, https:\/\/altisk-mlak.edu.hu\/wp-content\/uploads\/2025\/06\/Szines_vizvilag3-600x300.png 600w\" sizes=\"(max-width: 1000px) 100vw, 1000px\" \/><\/td>\n<\/tr>\n<\/tbody>\n<\/table>\n<p align=\"justify\">R\u00e1baparti \u00e9let: Balogh M\u00e1t\u00e9, Deli Aida Anna, Horv\u00e1th Lilla, Kakas Kriszti\u00e1n Armand\u00f3 (Magyarlak-Cs\u00f6r\u00f6tnek \u00c1ltal\u00e1nos Iskol\u00e1ja 6. oszt\u00e1ly), Felk\u00e9sz\u00edt\u0151 tan\u00e1r: M\u00e9h\u00e9sz Zolt\u00e1n.<\/p>\n<p align=\"justify\"><img loading=\"lazy\" decoding=\"async\" class=\"aligncenter size-large wp-image-3274\" src=\"https:\/\/altisk-mlak.edu.hu\/wp-content\/uploads\/2025\/06\/Raba-parti_elet-701x1024.png\" alt=\"\" width=\"604\" height=\"882\" srcset=\"https:\/\/altisk-mlak.edu.hu\/wp-content\/uploads\/2025\/06\/Raba-parti_elet-701x1024.png 701w, https:\/\/altisk-mlak.edu.hu\/wp-content\/uploads\/2025\/06\/Raba-parti_elet-205x300.png 205w, https:\/\/altisk-mlak.edu.hu\/wp-content\/uploads\/2025\/06\/Raba-parti_elet-768x1122.png 768w, https:\/\/altisk-mlak.edu.hu\/wp-content\/uploads\/2025\/06\/Raba-parti_elet-411x600.png 411w, https:\/\/altisk-mlak.edu.hu\/wp-content\/uploads\/2025\/06\/Raba-parti_elet.png 1000w\" sizes=\"(max-width: 604px) 100vw, 604px\" \/><\/p>\n<p align=\"justify\">Dics\u00e9ret illeti az \u00fcgyes kez\u0171, szorgalmas di\u00e1kokat \u00e9s a felk\u00e9sz\u00edt\u0151 tan\u00e1rokat. K\u00f6sz\u00f6nj\u00fck, hogy az \u00e9v v\u00e9gi hajr\u00e1ban is v\u00e1llalkoztak erre az \u00e9rdekes feladatra.<\/p>\n<table style=\"border-collapse: collapse; width: 100%;\">\n<tbody>\n<tr>\n<td style=\"width: 50%;\"><img loading=\"lazy\" decoding=\"async\" class=\"aligncenter size-medium wp-image-3267\" src=\"https:\/\/altisk-mlak.edu.hu\/wp-content\/uploads\/2025\/06\/rql4lIbl-300x169.jpeg\" alt=\"\" width=\"300\" height=\"169\" srcset=\"https:\/\/altisk-mlak.edu.hu\/wp-content\/uploads\/2025\/06\/rql4lIbl-300x169.jpeg 300w, https:\/\/altisk-mlak.edu.hu\/wp-content\/uploads\/2025\/06\/rql4lIbl-1024x576.jpeg 1024w, https:\/\/altisk-mlak.edu.hu\/wp-content\/uploads\/2025\/06\/rql4lIbl-768x432.jpeg 768w, https:\/\/altisk-mlak.edu.hu\/wp-content\/uploads\/2025\/06\/rql4lIbl-1536x864.jpeg 1536w, https:\/\/altisk-mlak.edu.hu\/wp-content\/uploads\/2025\/06\/rql4lIbl-1600x900.jpeg 1600w, https:\/\/altisk-mlak.edu.hu\/wp-content\/uploads\/2025\/06\/rql4lIbl-600x338.jpeg 600w, https:\/\/altisk-mlak.edu.hu\/wp-content\/uploads\/2025\/06\/rql4lIbl.jpeg 2048w\" sizes=\"(max-width: 300px) 100vw, 300px\" \/><\/td>\n<td style=\"width: 50%;\"><img loading=\"lazy\" decoding=\"async\" class=\"aligncenter size-medium wp-image-3266\" src=\"https:\/\/altisk-mlak.edu.hu\/wp-content\/uploads\/2025\/06\/zu3_9fii-300x169.jpeg\" alt=\"\" width=\"300\" height=\"169\" srcset=\"https:\/\/altisk-mlak.edu.hu\/wp-content\/uploads\/2025\/06\/zu3_9fii-300x169.jpeg 300w, https:\/\/altisk-mlak.edu.hu\/wp-content\/uploads\/2025\/06\/zu3_9fii-1024x576.jpeg 1024w, https:\/\/altisk-mlak.edu.hu\/wp-content\/uploads\/2025\/06\/zu3_9fii-768x432.jpeg 768w, https:\/\/altisk-mlak.edu.hu\/wp-content\/uploads\/2025\/06\/zu3_9fii-1536x864.jpeg 1536w, https:\/\/altisk-mlak.edu.hu\/wp-content\/uploads\/2025\/06\/zu3_9fii-1600x900.jpeg 1600w, https:\/\/altisk-mlak.edu.hu\/wp-content\/uploads\/2025\/06\/zu3_9fii-600x338.jpeg 600w, https:\/\/altisk-mlak.edu.hu\/wp-content\/uploads\/2025\/06\/zu3_9fii.jpeg 2048w\" sizes=\"(max-width: 300px) 100vw, 300px\" \/><\/td>\n<\/tr>\n<tr>\n<td style=\"width: 50%;\"><img loading=\"lazy\" decoding=\"async\" class=\"aligncenter size-medium wp-image-3265\" src=\"https:\/\/altisk-mlak.edu.hu\/wp-content\/uploads\/2025\/06\/zzNfjoPA-300x169.jpeg\" alt=\"\" width=\"300\" height=\"169\" srcset=\"https:\/\/altisk-mlak.edu.hu\/wp-content\/uploads\/2025\/06\/zzNfjoPA-300x169.jpeg 300w, https:\/\/altisk-mlak.edu.hu\/wp-content\/uploads\/2025\/06\/zzNfjoPA-1024x576.jpeg 1024w, https:\/\/altisk-mlak.edu.hu\/wp-content\/uploads\/2025\/06\/zzNfjoPA-768x432.jpeg 768w, https:\/\/altisk-mlak.edu.hu\/wp-content\/uploads\/2025\/06\/zzNfjoPA-1536x864.jpeg 1536w, https:\/\/altisk-mlak.edu.hu\/wp-content\/uploads\/2025\/06\/zzNfjoPA-1600x900.jpeg 1600w, https:\/\/altisk-mlak.edu.hu\/wp-content\/uploads\/2025\/06\/zzNfjoPA-600x338.jpeg 600w, https:\/\/altisk-mlak.edu.hu\/wp-content\/uploads\/2025\/06\/zzNfjoPA.jpeg 2048w\" sizes=\"(max-width: 300px) 100vw, 300px\" \/><\/td>\n<td style=\"width: 50%;\"><img loading=\"lazy\" decoding=\"async\" class=\"aligncenter size-medium wp-image-3264\" src=\"https:\/\/altisk-mlak.edu.hu\/wp-content\/uploads\/2025\/06\/Mq2XqL-300x169.jpeg\" alt=\"\" width=\"300\" height=\"169\" srcset=\"https:\/\/altisk-mlak.edu.hu\/wp-content\/uploads\/2025\/06\/Mq2XqL-300x169.jpeg 300w, https:\/\/altisk-mlak.edu.hu\/wp-content\/uploads\/2025\/06\/Mq2XqL-1024x576.jpeg 1024w, https:\/\/altisk-mlak.edu.hu\/wp-content\/uploads\/2025\/06\/Mq2XqL-768x432.jpeg 768w, https:\/\/altisk-mlak.edu.hu\/wp-content\/uploads\/2025\/06\/Mq2XqL-1536x864.jpeg 1536w, https:\/\/altisk-mlak.edu.hu\/wp-content\/uploads\/2025\/06\/Mq2XqL-1600x900.jpeg 1600w, https:\/\/altisk-mlak.edu.hu\/wp-content\/uploads\/2025\/06\/Mq2XqL-600x338.jpeg 600w, https:\/\/altisk-mlak.edu.hu\/wp-content\/uploads\/2025\/06\/Mq2XqL.jpeg 2048w\" sizes=\"(max-width: 300px) 100vw, 300px\" \/><\/td>\n<\/tr>\n<\/tbody>\n<\/table>\n<p style=\"text-align: right;\"><em>Mezein\u00e9 Kiss Katalin<\/em><\/p>\n","protected":false},"excerpt":{"rendered":"<p>Az \u0150rs\u00e9gi Nemzeti Park felh\u00edv\u00e1s\u00e1ra iskol\u00e1nk t\u00f6bb tanul\u00f3csoportja k\u00e9sz\u00edtett ig\u00e9nyes \u00e9s tartalmas, sok inform\u00e1ci\u00f3t k\u00f6zl\u0151 projektmunk\u00e1t. A tanul\u00f3k k\u00f6rnyezetismeret- \u00e9s term\u00e9szettudom\u00e1ny-\u00f3r\u00e1n megfigyelt\u00e9k a k\u00f6zeli vizes \u00e9l\u0151helyeket, \u00e9s meg is besz\u00e9lt\u00e9k azok term\u00e9szetbeni<a class=\"moretag\" href=\"https:\/\/altisk-mlak.edu.hu\/index.php\/iskolank-sikere-a-viz-az-elet-bolcsoje-c-kreativ-projektversenyen\/\">Read More&#8230;<\/a><\/p>\n","protected":false},"author":3,"featured_media":0,"comment_status":"closed","ping_status":"closed","sticky":false,"template":"","format":"standard","meta":{"two_page_speed":[],"footnotes":""},"categories":[1],"tags":[],"class_list":["post-3263","post","type-post","status-publish","format-standard","hentry","category-egyeb"],"_links":{"self":[{"href":"https:\/\/altisk-mlak.edu.hu\/index.php\/wp-json\/wp\/v2\/posts\/3263","targetHints":{"allow":["GET"]}}],"collection":[{"href":"https:\/\/altisk-mlak.edu.hu\/index.php\/wp-json\/wp\/v2\/posts"}],"about":[{"href":"https:\/\/altisk-mlak.edu.hu\/index.php\/wp-json\/wp\/v2\/types\/post"}],"author":[{"embeddable":true,"href":"https:\/\/altisk-mlak.edu.hu\/index.php\/wp-json\/wp\/v2\/users\/3"}],"replies":[{"embeddable":true,"href":"https:\/\/altisk-mlak.edu.hu\/index.php\/wp-json\/wp\/v2\/comments?post=3263"}],"version-history":[{"count":3,"href":"https:\/\/altisk-mlak.edu.hu\/index.php\/wp-json\/wp\/v2\/posts\/3263\/revisions"}],"predecessor-version":[{"id":3275,"href":"https:\/\/altisk-mlak.edu.hu\/index.php\/wp-json\/wp\/v2\/posts\/3263\/revisions\/3275"}],"wp:attachment":[{"href":"https:\/\/altisk-mlak.edu.hu\/index.php\/wp-json\/wp\/v2\/media?parent=3263"}],"wp:term":[{"taxonomy":"category","embeddable":true,"href":"https:\/\/altisk-mlak.edu.hu\/index.php\/wp-json\/wp\/v2\/categories?post=3263"},{"taxonomy":"post_tag","embeddable":true,"href":"https:\/\/altisk-mlak.edu.hu\/index.php\/wp-json\/wp\/v2\/tags?post=3263"}],"curies":[{"name":"wp","href":"https:\/\/api.w.org\/{rel}","templated":true}]}}