{"id":3299,"date":"2025-06-20T09:05:24","date_gmt":"2025-06-20T09:05:24","guid":{"rendered":"https:\/\/altisk-mlak.edu.hu\/?p=3299"},"modified":"2025-06-23T06:46:02","modified_gmt":"2025-06-23T06:46:02","slug":"koszonetnyilvanitas-2","status":"publish","type":"post","link":"https:\/\/altisk-mlak.edu.hu\/index.php\/koszonetnyilvanitas-2\/","title":{"rendered":"K\u00f6sz\u00f6netnyilv\u00e1n\u00edt\u00e1s"},"content":{"rendered":"<p><img fetchpriority=\"high\" decoding=\"async\" class=\"aligncenter size-large wp-image-3300\" src=\"https:\/\/altisk-mlak.edu.hu\/wp-content\/uploads\/2025\/06\/DN0f0jPg-1024x576.jpeg\" alt=\"\" width=\"604\" height=\"340\" srcset=\"https:\/\/altisk-mlak.edu.hu\/wp-content\/uploads\/2025\/06\/DN0f0jPg-1024x576.jpeg 1024w, https:\/\/altisk-mlak.edu.hu\/wp-content\/uploads\/2025\/06\/DN0f0jPg-300x169.jpeg 300w, https:\/\/altisk-mlak.edu.hu\/wp-content\/uploads\/2025\/06\/DN0f0jPg-768x432.jpeg 768w, https:\/\/altisk-mlak.edu.hu\/wp-content\/uploads\/2025\/06\/DN0f0jPg-1536x864.jpeg 1536w, https:\/\/altisk-mlak.edu.hu\/wp-content\/uploads\/2025\/06\/DN0f0jPg-1600x900.jpeg 1600w, https:\/\/altisk-mlak.edu.hu\/wp-content\/uploads\/2025\/06\/DN0f0jPg-600x338.jpeg 600w, https:\/\/altisk-mlak.edu.hu\/wp-content\/uploads\/2025\/06\/DN0f0jPg.jpeg 2048w\" sizes=\"(max-width: 604px) 100vw, 604px\" \/><\/p>\n<p style=\"text-align: justify;\">H\u00e1l\u00e1san k\u00f6sz\u00f6nj\u00fck a Mih\u00f3k Mini K\u00e9zm\u0171ves P\u00e9ks\u00e9g tulajdonosainak: Mih\u00f3k Zolt\u00e1nnak \u00e9s Ern\u00e1nak, hogy nagyon finom, k\u00e9zm\u0171ves, kov\u00e1csos keny\u00e9rrel \u00e9s pog\u00e1cs\u00e1val aj\u00e1nd\u00e9kozt\u00e1k meg iskol\u00e1nk k\u00f6z\u00f6ss\u00e9g\u00e9t a gyermeknapi programon. Nagylelk\u0171, \u00f6nzetlen adom\u00e1nyukat \u00f6r\u00f6mmel fogadt\u00e1k a gyermekek, \u00e9s j\u00f3\u00edz\u0171en fogyasztott\u00e1k el a friss, ropog\u00f3s, min\u0151s\u00e9gi p\u00e9k\u00e1rut. Kedvess\u00e9g\u00fck, szeretet\u00fck p\u00e9ldamutat\u00f3 a mai vil\u00e1gban!<\/p>\n<p>&nbsp;<\/p>\n<p>&nbsp;<\/p>\n","protected":false},"excerpt":{"rendered":"<p>H\u00e1l\u00e1san k\u00f6sz\u00f6nj\u00fck a Mih\u00f3k Mini K\u00e9zm\u0171ves P\u00e9ks\u00e9g tulajdonosainak: Mih\u00f3k Zolt\u00e1nnak \u00e9s Ern\u00e1nak, hogy nagyon finom, k\u00e9zm\u0171ves, kov\u00e1csos keny\u00e9rrel \u00e9s pog\u00e1cs\u00e1val aj\u00e1nd\u00e9kozt\u00e1k meg iskol\u00e1nk k\u00f6z\u00f6ss\u00e9g\u00e9t a gyermeknapi programon. Nagylelk\u0171, \u00f6nzetlen adom\u00e1nyukat \u00f6r\u00f6mmel fogadt\u00e1k<a class=\"moretag\" href=\"https:\/\/altisk-mlak.edu.hu\/index.php\/koszonetnyilvanitas-2\/\">Read More&#8230;<\/a><\/p>\n","protected":false},"author":3,"featured_media":0,"comment_status":"closed","ping_status":"closed","sticky":false,"template":"","format":"standard","meta":{"two_page_speed":[],"footnotes":""},"categories":[1],"tags":[],"class_list":["post-3299","post","type-post","status-publish","format-standard","hentry","category-egyeb"],"_links":{"self":[{"href":"https:\/\/altisk-mlak.edu.hu\/index.php\/wp-json\/wp\/v2\/posts\/3299","targetHints":{"allow":["GET"]}}],"collection":[{"href":"https:\/\/altisk-mlak.edu.hu\/index.php\/wp-json\/wp\/v2\/posts"}],"about":[{"href":"https:\/\/altisk-mlak.edu.hu\/index.php\/wp-json\/wp\/v2\/types\/post"}],"author":[{"embeddable":true,"href":"https:\/\/altisk-mlak.edu.hu\/index.php\/wp-json\/wp\/v2\/users\/3"}],"replies":[{"embeddable":true,"href":"https:\/\/altisk-mlak.edu.hu\/index.php\/wp-json\/wp\/v2\/comments?post=3299"}],"version-history":[{"count":1,"href":"https:\/\/altisk-mlak.edu.hu\/index.php\/wp-json\/wp\/v2\/posts\/3299\/revisions"}],"predecessor-version":[{"id":3301,"href":"https:\/\/altisk-mlak.edu.hu\/index.php\/wp-json\/wp\/v2\/posts\/3299\/revisions\/3301"}],"wp:attachment":[{"href":"https:\/\/altisk-mlak.edu.hu\/index.php\/wp-json\/wp\/v2\/media?parent=3299"}],"wp:term":[{"taxonomy":"category","embeddable":true,"href":"https:\/\/altisk-mlak.edu.hu\/index.php\/wp-json\/wp\/v2\/categories?post=3299"},{"taxonomy":"post_tag","embeddable":true,"href":"https:\/\/altisk-mlak.edu.hu\/index.php\/wp-json\/wp\/v2\/tags?post=3299"}],"curies":[{"name":"wp","href":"https:\/\/api.w.org\/{rel}","templated":true}]}}