{"id":3306,"date":"2025-06-25T07:47:38","date_gmt":"2025-06-25T07:47:38","guid":{"rendered":"https:\/\/altisk-mlak.edu.hu\/?p=3306"},"modified":"2025-06-30T07:30:58","modified_gmt":"2025-06-30T07:30:58","slug":"te-deum-2025","status":"publish","type":"post","link":"https:\/\/altisk-mlak.edu.hu\/index.php\/te-deum-2025\/","title":{"rendered":"Te Deum 2025"},"content":{"rendered":"<p align=\"justify\"><span lang=\"hu-HU\">A 2024\/2025-\u00f6s tan\u00e9v h\u00e1laad\u00f3 tan\u00e9vz\u00e1r\u00f3 szentmis\u00e9j\u00e9t j\u00fanius 22-\u00e9n, vas\u00e1rnap d\u00e9lel\u0151tt tartottuk a cs\u00f6r\u00f6tneki templomban. 10 \u00f3ra el\u0151tt m\u00e1r gy\u0171ltek a tanul\u00f3k a templom k\u00f6r\u00fcl a sz\u00fcl\u0151kkel, h\u00edvekkel egy\u00fctt. <\/span><\/p>\n<p align=\"justify\"><span lang=\"hu-HU\">10 \u00f3rakor a harang szav\u00e1ra vonult be Gyula atya a ministr\u00e1nsok lelkes kis csapat\u00e1val az olt\u00e1rhoz. Mostan\u00e1ban m\u00e1r ritka alkalom, hogy a templom zs\u00fafol\u00e1sig megtelt a h\u00edvekkel: a gyerekekkel, sz\u00fcl\u0151kkel, tan\u00e1rokkal. Az iskola minden tanul\u00f3ja a git\u00e1r k\u00eds\u00e9ret\u00e9vel \u00e9nekelte a K\u00f6sz\u00f6n\u00f6m J\u00e9zus, k\u00f6sz\u00f6n\u00f6m J\u00e9zus, K\u00f6sz\u00f6n\u00f6m Uram, hogy szeretsz engem\u2026 kezdet\u0171 \u00e9neket. Az olvasm\u00e1nyt Mesits Patr\u00edcia 7. oszt\u00e1lyos tanul\u00f3, a szentleck\u00e9t Czottern\u00e9 Szukics M\u00f3nika olvasta fel. Gyula atya a pr\u00e9dik\u00e1ci\u00f3j\u00e1ban arr\u00f3l besz\u00e9lt, hogy nemcsak a keny\u00e9r az eledel sz\u00e1munkra, hogy \u00e9lni tudjunk, hanem az a szellemi eledel is \u00e9letet ad nek\u00fcnk, amit az iskol\u00e1ban a tan\u00e9v minden egyes napj\u00e1n az iskol\u00e1ban kapunk. Az egyetemes k\u00f6ny\u00f6rg\u00e9seket Magyar Levente 5. oszt\u00e1lyos tanul\u00f3 olvasta fel. A szent\u00e1ldoz\u00e1s ut\u00e1n Mezein\u00e9 Kiss Katalin igazgat\u00f3n\u0151 mondta el tan\u00e9vz\u00e1r\u00f3 besz\u00e9d\u00e9t, amelyben arr\u00f3l besz\u00e9lt, hogy a tan\u00e9v elej\u00e9n tett elhat\u00e1roz\u00e1sunkat, hogy a \u201em\u00e9lyre evezz\u00fcnk\u201d, \u00e9s ne el\u00e9gedj\u00fcnk meg az el\u00e9g j\u00f3val, hanem mindenben t\u00f6rekedj\u00fcnk a m\u00e9g jobbra, a legjobbra, teljes\u00edtett\u00fck. Nagy l\u00e9p\u00e9st tett\u00fcnk el\u0151re a magatart\u00e1s, a szorgalom ter\u00e9n, a versenyeken val\u00f3 helyt\u00e1ll\u00e1sban. Besz\u00e9de v\u00e9g\u00e9n Kati n\u00e9ni a tan\u00e9vet lez\u00e1rta. Ezut\u00e1n el\u00e9nekelt\u00fck a h\u00e1laad\u00f3 im\u00e1ds\u00e1got, a Te Deumot. Ezt k\u00f6vette a dics\u00e9retek, oklevelek \u00e1tad\u00e1sa, amelyben sok tanul\u00f3 r\u00e9szes\u00fclt. <\/span><\/p>\n<p align=\"justify\"><span lang=\"hu-HU\">A szentmise befejez\u00e9se ut\u00e1n az oszt\u00e1lyf\u0151n\u00f6k\u00f6k \u00e1tadt\u00e1k a tanul\u00f3knak eg\u00e9sz \u00e9vi munk\u00e1juk \u00e9rt\u00e9kel\u00e9s\u00e9t, az \u00e9v v\u00e9gi bizony\u00edtv\u00e1nyt. A tan\u00e9vet Isten seg\u00edts\u00e9g\u00e9vel befejezt\u00fck, de nem kell elszakadnunk egym\u00e1st\u00f3l, hiszen n\u00e9h\u00e1ny nap m\u00falva kezd\u0151dik a hittant\u00e1bor \u00fajabb felejthetetlen \u00e9lm\u00e9nyekkel. <\/span><\/p>\n<p style=\"text-align: right;\" align=\"justify\"><em>\u00c1gnes n\u0151v\u00e9r<\/em><\/p>\n","protected":false},"excerpt":{"rendered":"<p>A 2024\/2025-\u00f6s tan\u00e9v h\u00e1laad\u00f3 tan\u00e9vz\u00e1r\u00f3 szentmis\u00e9j\u00e9t j\u00fanius 22-\u00e9n, vas\u00e1rnap d\u00e9lel\u0151tt tartottuk a cs\u00f6r\u00f6tneki templomban. 10 \u00f3ra el\u0151tt m\u00e1r gy\u0171ltek a tanul\u00f3k a templom k\u00f6r\u00fcl a sz\u00fcl\u0151kkel, h\u00edvekkel egy\u00fctt. 10 \u00f3rakor a harang<a class=\"moretag\" href=\"https:\/\/altisk-mlak.edu.hu\/index.php\/te-deum-2025\/\">Read More&#8230;<\/a><\/p>\n","protected":false},"author":3,"featured_media":0,"comment_status":"closed","ping_status":"closed","sticky":false,"template":"","format":"standard","meta":{"two_page_speed":[],"footnotes":""},"categories":[1],"tags":[],"class_list":["post-3306","post","type-post","status-publish","format-standard","hentry","category-egyeb"],"_links":{"self":[{"href":"https:\/\/altisk-mlak.edu.hu\/index.php\/wp-json\/wp\/v2\/posts\/3306","targetHints":{"allow":["GET"]}}],"collection":[{"href":"https:\/\/altisk-mlak.edu.hu\/index.php\/wp-json\/wp\/v2\/posts"}],"about":[{"href":"https:\/\/altisk-mlak.edu.hu\/index.php\/wp-json\/wp\/v2\/types\/post"}],"author":[{"embeddable":true,"href":"https:\/\/altisk-mlak.edu.hu\/index.php\/wp-json\/wp\/v2\/users\/3"}],"replies":[{"embeddable":true,"href":"https:\/\/altisk-mlak.edu.hu\/index.php\/wp-json\/wp\/v2\/comments?post=3306"}],"version-history":[{"count":1,"href":"https:\/\/altisk-mlak.edu.hu\/index.php\/wp-json\/wp\/v2\/posts\/3306\/revisions"}],"predecessor-version":[{"id":3307,"href":"https:\/\/altisk-mlak.edu.hu\/index.php\/wp-json\/wp\/v2\/posts\/3306\/revisions\/3307"}],"wp:attachment":[{"href":"https:\/\/altisk-mlak.edu.hu\/index.php\/wp-json\/wp\/v2\/media?parent=3306"}],"wp:term":[{"taxonomy":"category","embeddable":true,"href":"https:\/\/altisk-mlak.edu.hu\/index.php\/wp-json\/wp\/v2\/categories?post=3306"},{"taxonomy":"post_tag","embeddable":true,"href":"https:\/\/altisk-mlak.edu.hu\/index.php\/wp-json\/wp\/v2\/tags?post=3306"}],"curies":[{"name":"wp","href":"https:\/\/api.w.org\/{rel}","templated":true}]}}