{"id":3308,"date":"2025-06-30T07:35:29","date_gmt":"2025-06-30T07:35:29","guid":{"rendered":"https:\/\/altisk-mlak.edu.hu\/?p=3308"},"modified":"2025-06-30T07:36:37","modified_gmt":"2025-06-30T07:36:37","slug":"ballagas-2025","status":"publish","type":"post","link":"https:\/\/altisk-mlak.edu.hu\/index.php\/ballagas-2025\/","title":{"rendered":"Ballag\u00e1s 2025"},"content":{"rendered":"<p align=\"justify\"><span style=\"font-family: book antiqua, palatino, serif;\"><span style=\"font-size: medium;\">2025. j\u00fanius 20 \u2013 a egy jelent\u0151s\u00e9gteljes esem\u00e9ny napja volt iskol\u00e1nk \u00e9let\u00e9ben. Nyolcadik oszt\u00e1lyos tanul\u00f3ink ezen a napon vettek b\u00facs\u00fat az iskola falait\u00f3l, ahol nyolc \u00e9ven \u00e1t tanultak, okosodtak, nevelkedtek \u00e9s bar\u00e1ts\u00e1gokat k\u00f6t\u00f6ttek. A ballag\u00e1s egyszerre sz\u00f3lt a m\u00faltr\u00f3l \u00e9s a j\u00f6v\u0151r\u0151l, az el\u00e9rt eredm\u00e9nyekr\u0151l \u00e9s a ballag\u00f3k el\u0151tt \u00e1ll\u00f3 lehet\u0151s\u00e9gekr\u0151l, egy sz\u00e9p eml\u00e9kk\u00e9 form\u00e1lva ezt a k\u00fcl\u00f6nleges napot mindenki sz\u00e1m\u00e1ra.<\/span><\/span><\/p>\n<p align=\"justify\"><span style=\"font-family: book antiqua, palatino, serif;\"><span style=\"font-size: medium;\">Az \u00fcnneps\u00e9gen versekkel, \u00e9nekekkel, besz\u00e9dekkel \u00e9s egy \u2013 egy sz\u00e1l vir\u00e1ggal k\u00f6sz\u00f6nt\u00e9k meg v\u00e9gz\u0151seink a tan\u00e1raiknak, az iskola dolgoz\u00f3inak \u00e9s sz\u00fcleiknek a t\u00e1mogat\u00e1st. <\/span><\/span><\/p>\n<p align=\"justify\"><span style=\"font-family: book antiqua, palatino, serif;\"><span style=\"font-size: medium;\">A ballag\u00e1s azonban nemcsak lez\u00e1r\u00e1st, hanem egy \u00faj kezdetet is jelk\u00e9pez, hiszen az \u00e1ltal\u00e1nos iskol\u00e1jukt\u00f3l elk\u00f6sz\u00f6n\u0151 gyerekek izgalommal tekintenek a k\u00f6z\u00e9piskolai \u00e9vek el\u00e9, ahol \u00faj kih\u00edv\u00e1sokkal, lehet\u0151s\u00e9gekkel tal\u00e1lkoznak majd. Az \u00fcnneps\u00e9g ut\u00e1n a l\u00e1nyok kez\u00fckben vir\u00e1gokkal, sz\u00edv\u00fckben pedig azzal a tudattal hagyt\u00e1k el az iskola \u00e9p\u00fclet\u00e9t, hogy \u00e9let\u00fck egy \u00faj, izgalmas szakasza kezd\u0151dik.<\/span><\/span><\/p>\n<p align=\"justify\"><span style=\"font-family: book antiqua, palatino, serif;\"><span style=\"font-size: medium;\">Sz\u00e1munkra, pedag\u00f3gusok sz\u00e1m\u00e1ra is \u00e9rzelmes pillanatok voltak ezek, hiszen elb\u00facs\u00faztunk azokt\u00f3l a di\u00e1kokt\u00f3l, akiket \u00e9veken \u00e1t vezett\u00fcnk \u00e9s t\u00e1mogattunk, egy t\u00f6bb szempontb\u00f3l is k\u00fcl\u00f6nleges kis k\u00f6z\u00f6ss\u00e9gt\u0151l. \u00d6t f\u0151s oszt\u00e1lyl\u00e9tsz\u00e1mukkal \u0151k voltak 55 \u00e9ves iskol\u00e1nk legkisebb tanul\u00f3sz\u00e1m\u00fa b\u00facs\u00faz\u00f3 oszt\u00e1lya, \u00e9s az els\u0151 csak l\u00e1nyokb\u00f3l \u00e1ll\u00f3 oszt\u00e1ly.<\/span><\/span><\/p>\n<p align=\"justify\"><span style=\"font-family: book antiqua, palatino, serif;\">\u201e<span style=\"font-size: medium;\">Most menj, innent\u0151l n\u00e9lk\u00fclem kell boldogulnod! Te vagy az, aki nyitott szemmel \u00e9s sz\u00edvvel j\u00e1rsz a vil\u00e1gban. Te vagy az, aki \u00e9szreveszi az \u00e9let apr\u00f3 sz\u00e9ps\u00e9geit, te seg\u00edtesz j\u00f3 sz\u00edvvel, ahol \u00e9ppen kell, \u00e1ltalad lesz ez a vil\u00e1g m\u00e9g szebb \u00e9s jobb. Mi legfeljebb seg\u00edt\u00fcnk neked.\u201d \u2013 mondtam oszt\u00e1lyf\u0151n\u00f6kk\u00e9nt az elk\u00f6sz\u00f6n\u0151 besz\u00e9dem v\u00e9g\u00e9n \u00e9s Isten kegyelm\u00e9be aj\u00e1nlottam \u0151ket.<\/span><\/span><\/p>\n<p><span style=\"font-family: book antiqua, palatino, serif;\"><span style=\"font-size: medium;\">Isten \u00e1ldjon benneteket v<\/span><span style=\"font-size: medium;\">\u00e9gz\u0151s di\u00e1kjaink:<\/span><\/span><\/p>\n<p><span style=\"font-family: book antiqua, palatino, serif;\"><span style=\"font-size: medium;\">Doncsecz Vikt\u00f3ria<\/span><\/span><\/p>\n<p><span style=\"font-family: book antiqua, palatino, serif;\"><span style=\"font-size: medium;\">Horv\u00e1th Judit<\/span><\/span><\/p>\n<p><span style=\"font-family: book antiqua, palatino, serif;\"><span style=\"font-size: medium;\">Horv\u00e1th Katinka<\/span><\/span><\/p>\n<p><span style=\"font-family: book antiqua, palatino, serif;\"><span style=\"font-size: medium;\">J\u00f3zsi J\u00e1zmin<\/span><\/span><\/p>\n<p><span style=\"font-family: book antiqua, palatino, serif;\"><span style=\"font-size: medium;\">Kakas Vanessza Hajnalka<\/span><\/span><\/p>\n<p><img fetchpriority=\"high\" decoding=\"async\" class=\"aligncenter size-large wp-image-3309\" src=\"https:\/\/altisk-mlak.edu.hu\/wp-content\/uploads\/2025\/06\/tablo-2025-1024x731.jpg\" alt=\"\" width=\"604\" height=\"431\" srcset=\"https:\/\/altisk-mlak.edu.hu\/wp-content\/uploads\/2025\/06\/tablo-2025-1024x731.jpg 1024w, https:\/\/altisk-mlak.edu.hu\/wp-content\/uploads\/2025\/06\/tablo-2025-300x214.jpg 300w, https:\/\/altisk-mlak.edu.hu\/wp-content\/uploads\/2025\/06\/tablo-2025-768x548.jpg 768w, https:\/\/altisk-mlak.edu.hu\/wp-content\/uploads\/2025\/06\/tablo-2025-600x429.jpg 600w, https:\/\/altisk-mlak.edu.hu\/wp-content\/uploads\/2025\/06\/tablo-2025.jpg 1361w\" sizes=\"(max-width: 604px) 100vw, 604px\" \/><\/p>\n","protected":false},"excerpt":{"rendered":"<p>2025. j\u00fanius 20 \u2013 a egy jelent\u0151s\u00e9gteljes esem\u00e9ny napja volt iskol\u00e1nk \u00e9let\u00e9ben. Nyolcadik oszt\u00e1lyos tanul\u00f3ink ezen a napon vettek b\u00facs\u00fat az iskola falait\u00f3l, ahol nyolc \u00e9ven \u00e1t tanultak, okosodtak, nevelkedtek \u00e9s bar\u00e1ts\u00e1gokat<a class=\"moretag\" href=\"https:\/\/altisk-mlak.edu.hu\/index.php\/ballagas-2025\/\">Read More&#8230;<\/a><\/p>\n","protected":false},"author":3,"featured_media":0,"comment_status":"closed","ping_status":"closed","sticky":false,"template":"","format":"standard","meta":{"two_page_speed":[],"footnotes":""},"categories":[1],"tags":[],"class_list":["post-3308","post","type-post","status-publish","format-standard","hentry","category-egyeb"],"_links":{"self":[{"href":"https:\/\/altisk-mlak.edu.hu\/index.php\/wp-json\/wp\/v2\/posts\/3308","targetHints":{"allow":["GET"]}}],"collection":[{"href":"https:\/\/altisk-mlak.edu.hu\/index.php\/wp-json\/wp\/v2\/posts"}],"about":[{"href":"https:\/\/altisk-mlak.edu.hu\/index.php\/wp-json\/wp\/v2\/types\/post"}],"author":[{"embeddable":true,"href":"https:\/\/altisk-mlak.edu.hu\/index.php\/wp-json\/wp\/v2\/users\/3"}],"replies":[{"embeddable":true,"href":"https:\/\/altisk-mlak.edu.hu\/index.php\/wp-json\/wp\/v2\/comments?post=3308"}],"version-history":[{"count":1,"href":"https:\/\/altisk-mlak.edu.hu\/index.php\/wp-json\/wp\/v2\/posts\/3308\/revisions"}],"predecessor-version":[{"id":3310,"href":"https:\/\/altisk-mlak.edu.hu\/index.php\/wp-json\/wp\/v2\/posts\/3308\/revisions\/3310"}],"wp:attachment":[{"href":"https:\/\/altisk-mlak.edu.hu\/index.php\/wp-json\/wp\/v2\/media?parent=3308"}],"wp:term":[{"taxonomy":"category","embeddable":true,"href":"https:\/\/altisk-mlak.edu.hu\/index.php\/wp-json\/wp\/v2\/categories?post=3308"},{"taxonomy":"post_tag","embeddable":true,"href":"https:\/\/altisk-mlak.edu.hu\/index.php\/wp-json\/wp\/v2\/tags?post=3308"}],"curies":[{"name":"wp","href":"https:\/\/api.w.org\/{rel}","templated":true}]}}