{"id":3311,"date":"2025-06-30T07:37:47","date_gmt":"2025-06-30T07:37:47","guid":{"rendered":"https:\/\/altisk-mlak.edu.hu\/?p=3311"},"modified":"2025-07-01T06:11:52","modified_gmt":"2025-07-01T06:11:52","slug":"teremtesvedo-iskola-lettunk","status":"publish","type":"post","link":"https:\/\/altisk-mlak.edu.hu\/index.php\/teremtesvedo-iskola-lettunk\/","title":{"rendered":"Teremt\u00e9sv\u00e9d\u0151 iskola lett\u00fcnk"},"content":{"rendered":"<p style=\"text-align: justify;\">A Katolikus Pedag\u00f3giai Int\u00e9zet \u00e9s a Magyar Katolikus P\u00fcsp\u00f6kkari Konferencia Caritas in Veritate bizotts\u00e1ga elismerte int\u00e9zm\u00e9ny\u00fcnk kimagasl\u00f3 teremt\u00e9sv\u00e9delmi t\u00f6rekv\u00e9seit, ez\u00e9rt teremt\u00e9sv\u00e9d\u0151 c\u00edmet adom\u00e1nyozott r\u00e9sz\u00fcnkre. Az \u00d6r\u00f6k\u00f6s \u00d6koiskola c\u00edmmel rendelkez\u0151 iskol\u00e1nk k\u00f6rnyezeti nevel\u00e9si munkaterv\u00e9t teremt\u00e9sv\u00e9delmi elemekkel eg\u00e9sz\u00edtett\u00fck ki.<\/p>\n<p style=\"text-align: justify;\">A beny\u00fajtott szakmai anyag, valamint a helysz\u00edni szeml\u00e9n tapasztaltak elnyert\u00e9k a b\u00edr\u00e1l\u00f3 bizotts\u00e1g tetsz\u00e9s\u00e9t. A megtisztel\u0151 c\u00edmet h\u00e1rom \u00e9ven \u00e1t, 2028-ig birtokolhatjuk. Az oklevelet \u00e9s az eml\u00e9kt\u00e1bl\u00e1t Fekete Szabolcs Benedek p\u00fcsp\u00f6k adta \u00e1t a szombathelyi Te Deum \u00fcnnepi tan\u00e9vz\u00e1r\u00f3 szentmis\u00e9n Mezein\u00e9 Kiss Katalin tagint\u00e9zm\u00e9ny-igazgat\u00f3nak.<\/p>\n","protected":false},"excerpt":{"rendered":"<p>A Katolikus Pedag\u00f3giai Int\u00e9zet \u00e9s a Magyar Katolikus P\u00fcsp\u00f6kkari Konferencia Caritas in Veritate bizotts\u00e1ga elismerte int\u00e9zm\u00e9ny\u00fcnk kimagasl\u00f3 teremt\u00e9sv\u00e9delmi t\u00f6rekv\u00e9seit, ez\u00e9rt teremt\u00e9sv\u00e9d\u0151 c\u00edmet adom\u00e1nyozott r\u00e9sz\u00fcnkre. Az \u00d6r\u00f6k\u00f6s \u00d6koiskola c\u00edmmel rendelkez\u0151 iskol\u00e1nk k\u00f6rnyezeti nevel\u00e9si<a class=\"moretag\" href=\"https:\/\/altisk-mlak.edu.hu\/index.php\/teremtesvedo-iskola-lettunk\/\">Read More&#8230;<\/a><\/p>\n","protected":false},"author":3,"featured_media":0,"comment_status":"closed","ping_status":"closed","sticky":false,"template":"","format":"standard","meta":{"two_page_speed":[],"footnotes":""},"categories":[1],"tags":[],"class_list":["post-3311","post","type-post","status-publish","format-standard","hentry","category-egyeb"],"_links":{"self":[{"href":"https:\/\/altisk-mlak.edu.hu\/index.php\/wp-json\/wp\/v2\/posts\/3311","targetHints":{"allow":["GET"]}}],"collection":[{"href":"https:\/\/altisk-mlak.edu.hu\/index.php\/wp-json\/wp\/v2\/posts"}],"about":[{"href":"https:\/\/altisk-mlak.edu.hu\/index.php\/wp-json\/wp\/v2\/types\/post"}],"author":[{"embeddable":true,"href":"https:\/\/altisk-mlak.edu.hu\/index.php\/wp-json\/wp\/v2\/users\/3"}],"replies":[{"embeddable":true,"href":"https:\/\/altisk-mlak.edu.hu\/index.php\/wp-json\/wp\/v2\/comments?post=3311"}],"version-history":[{"count":1,"href":"https:\/\/altisk-mlak.edu.hu\/index.php\/wp-json\/wp\/v2\/posts\/3311\/revisions"}],"predecessor-version":[{"id":3312,"href":"https:\/\/altisk-mlak.edu.hu\/index.php\/wp-json\/wp\/v2\/posts\/3311\/revisions\/3312"}],"wp:attachment":[{"href":"https:\/\/altisk-mlak.edu.hu\/index.php\/wp-json\/wp\/v2\/media?parent=3311"}],"wp:term":[{"taxonomy":"category","embeddable":true,"href":"https:\/\/altisk-mlak.edu.hu\/index.php\/wp-json\/wp\/v2\/categories?post=3311"},{"taxonomy":"post_tag","embeddable":true,"href":"https:\/\/altisk-mlak.edu.hu\/index.php\/wp-json\/wp\/v2\/tags?post=3311"}],"curies":[{"name":"wp","href":"https:\/\/api.w.org\/{rel}","templated":true}]}}