{"id":3313,"date":"2025-07-01T06:20:35","date_gmt":"2025-07-01T06:20:35","guid":{"rendered":"https:\/\/altisk-mlak.edu.hu\/?p=3313"},"modified":"2025-07-01T08:38:49","modified_gmt":"2025-07-01T08:38:49","slug":"segiteni-orom-caritas-junior-csoport-alakult-a-magyarlak-csorotnek-altalanos-iskolaban","status":"publish","type":"post","link":"https:\/\/altisk-mlak.edu.hu\/index.php\/segiteni-orom-caritas-junior-csoport-alakult-a-magyarlak-csorotnek-altalanos-iskolaban\/","title":{"rendered":"\u201eSeg\u00edteni \u00f6r\u00f6m\u201d \u2013 Caritas Junior csoport alakult a Magyarlak\u2013Cs\u00f6r\u00f6tnek \u00c1ltal\u00e1nos Iskol\u00e1ban"},"content":{"rendered":"<p align=\"justify\"><span style=\"font-size: medium;\">A 2024\/2025-\u00f6s tan\u00e9v v\u00e9g\u00e9n k\u00fcl\u00f6nleges esem\u00e9nnyel gazdagodott iskol\u00e1nk hit\u00e9lete: megalakult a Szombathelyi Egyh\u00e1zmegy\u00e9ben els\u0151k\u00e9nt, a helyi Szent Antal Karit\u00e1sz Csoport t\u00e1mogat\u00e1s\u00e1val a Caritas Junior csoport. A lelkes di\u00e1kok \u00f6r\u00f6mmel kapcsol\u00f3dtak be az iskolai \u00e9s az orsz\u00e1gos Karit\u00e1sz-akci\u00f3kba, ahol saj\u00e1t \u00e9lm\u00e9nyeiken kereszt\u00fcl tapasztalhatt\u00e1k meg: seg\u00edteni nemcsak m\u00e1soknak j\u00f3, hanem \u00f6nmagunkat is gazdag\u00edtja, mert minden apr\u00f3 tett sz\u00e1m\u00edt: egy mosoly, egy kedves sz\u00f3, egy j\u00f3sz\u00e1nd\u00e9kb\u00f3l fakad\u00f3 cselekedet is f\u00e9nyt vihet valaki \u00e9let\u00e9be.<\/span><\/p>\n<p align=\"justify\"><span style=\"font-size: medium;\"><b>Szent Erzs\u00e9bet-nap \u2013 a j\u00f3s\u00e1g vir\u00e1gai<\/b><\/span><\/p>\n<p align=\"justify\"><span style=\"font-size: medium;\">Szent Erzs\u00e9bet \u00fcnnep\u00e9n di\u00e1kjaink \u00f6tven sz\u00e1l, pap\u00edrb\u00f3l hajtogatott r\u00f3zs\u00e1val, valamint a helyi p\u00e9ks\u00e9g \u00e1ltal adom\u00e1nyozott fonott kal\u00e1csokkal aj\u00e1nd\u00e9kozt\u00e1k meg a k\u00f6rnyez\u0151 falvak lak\u00f3it. A szeretetcsomagokat gyermeki kezek nagy gondoss\u00e1ggal \u00e1ll\u00edtott\u00e1k \u00f6ssze, \u00e9s minden csomagba im\u00e1ds\u00e1got tartalmaz\u00f3 szentk\u00e9p is ker\u00fclt. Az aj\u00e1nd\u00e9kokat Magyarlak, Cs\u00f6r\u00f6tnek, R\u00f6n\u00f6k \u00e9s Vasszentmih\u00e1ly telep\u00fcl\u00e9sekre juttatt\u00e1k el, szem\u00e9lyesen k\u00f6sz\u00f6ntve minden Erzs\u00e9bet nev\u0171 lak\u00f3t. Ahol csak megjelentek, a l\u00e1togat\u00e1s mosolyt, \u00f6r\u00f6mk\u00f6nnyeket, meghat\u00f3 pillanatokat hozott. \u201e<\/span><span style=\"font-size: medium;\"><i>Nagyon \u00f6r\u00fclt B\u00f6zsi n\u00e9ni a l\u00e1togat\u00e1sunknak. Azt hiszem, ma volt egy j\u00f3 cselekedetem<\/i><\/span><span style=\"font-size: medium;\">\u201d \u2013 fogalmazott egyik kis \u00f6nk\u00e9ntes\u00fcnk. A kezdem\u00e9nyez\u00e9s c\u00e9lja nem csup\u00e1n az aj\u00e1nd\u00e9koz\u00e1s \u00f6r\u00f6me volt, hanem az is, hogy felh\u00edvjuk a figyelmet Szent Erzs\u00e9bet tiszta sz\u00edv\u00e9re, im\u00e1ds\u00e1gos \u00e9let\u00e9re \u00e9s \u00e1ldozatos szeretet\u00e9re, \u00e9s ez\u00e1ltal a gyermekeket \u00f6nzetlens\u00e9gre, j\u00f3cselekedetre \u00e9s nyitott sz\u00edv\u0171 \u00e9letre nevelj\u00fck.<\/span><\/p>\n<p align=\"justify\"><span style=\"font-size: medium;\"><b>Advent \u2013 f\u00e9nyt gy\u00fajtani m\u00e1sok sz\u00edv\u00e9ben<\/b><\/span><\/p>\n<p align=\"justify\"><span style=\"font-size: medium;\">Az adventi id\u0151szakban di\u00e1kjaink ell\u00e1togattak a Magyar M\u00e1ltai Szeretetszolg\u00e1lat iv\u00e1nci int\u00e9zm\u00e9ny\u00e9be. A gyermekek a fogyat\u00e9koss\u00e1ggal \u00e9l\u0151 \u00e9s id\u0151s lak\u00f3kat saj\u00e1t k\u00e9sz\u00edt\u00e9s\u0171 asztald\u00edszekkel, gy\u00f6ngyf\u0171z\u00f6tt kar\u00e1csonyfad\u00edszekkel \u00e9s szeretettel \u00f6ssze\u00e1ll\u00edtott \u00fcnnepi m\u0171sorral lept\u00e9k meg. A tal\u00e1lkoz\u00e1sokat \u0151szinte kedvess\u00e9g, mosolyok \u00e9s meleg \u00f6lel\u00e9sek k\u00eds\u00e9rt\u00e9k, ezek az alkalmak \u00fajra \u00e9s \u00fajra meger\u0151s\u00edtik: a szeretet hat\u00e1rtalan. Nem ismer \u00e9letkort, \u00e1llapotot, mert egy tekintet, egy simogat\u00e1s vagy k\u00e9zfog\u00e1s is mindent elmond. A kapcsolat \u00e9l\u0151: az otthon lak\u00f3ival asztalitenisz-bajnoks\u00e1got \u00e9s k\u00f6lt\u00e9szet napi felolvas\u00f3 d\u00e9lut\u00e1nt is rendezt\u00fcnk a fair play \u00e9s az elfogad\u00e1s jegy\u00e9ben.<\/span><\/p>\n<p align=\"justify\"><span style=\"font-size: medium;\"><b>Szolidarit\u00e1s \u2013 eg\u00e9sz \u00e9vben jelenl\u00e9t \u00e9s seg\u00edts\u00e9g<\/b><\/span><\/p>\n<p align=\"justify\"><span style=\"font-size: medium;\">Advent idej\u00e9n t\u00f6bb doboznyi tart\u00f3s \u00e9lelmiszert gy\u0171jt\u00f6tt\u00fcnk, amelyekb\u0151l pedag\u00f3gusaink \u00e9s di\u00e1kjaink tizen\u00f6t csal\u00e1d sz\u00e1m\u00e1ra \u00e1ll\u00edtottak \u00f6ssze szem\u00e9lyre szabott szeretetcsomagokat, melyeket h\u00e1zhoz is sz\u00e1ll\u00edtottak. A nagyb\u00f6jti id\u0151szakban \u00fajabb adom\u00e1nygy\u0171jt\u00e9st szervezt\u00fcnk, hangs\u00falyozva, hogy a lelki felk\u00e9sz\u00fcl\u00e9s r\u00e9sze az \u00f6nmegtart\u00f3ztat\u00e1s mellett a nagylelk\u0171s\u00e9g is.<\/span><\/p>\n<p align=\"justify\"><span style=\"font-size: medium;\"><b>Afrika-h\u00e9t \u2013 glob\u00e1lis felel\u0151ss\u00e9gtudatra nevel\u00e9s<\/b><\/span><\/p>\n<p align=\"justify\"><span style=\"font-size: medium;\">A febru\u00e1ri Afrika-h\u00e9ten a gyermekek saj\u00e1t k\u00e9sz\u00edt\u00e9s\u0171 dobozokban gy\u0171jt\u00f6ttek p\u00e9nzadom\u00e1nyokat afrikai gyermekek t\u00e1mogat\u00e1s\u00e1ra. Volt olyan tanul\u00f3, aki a t\u00edz\u00f3rai p\u00e9nz\u00e9t, m\u00edg m\u00e1sok a teljes zsebp\u00e9nz\u00fcket adt\u00e1k a nemes c\u00e9lra. M\u00e1jusban ell\u00e1togatott hozz\u00e1nk dr. Fodor R\u00e9ka \u201eAfr\u00e9ka\u201d, aki tan\u00fas\u00e1gt\u00e9tel\u00e9vel \u00e9s szem\u00e9lyes t\u00f6rt\u00e9neteivel m\u00e9ly nyomot hagyott a gyermekek lelk\u00e9ben. K\u00f6z\u00f6ss\u00e9g\u00fcnk t\u00e1mogat\u00e1sk\u00e9ppen megv\u00e1s\u00e1rolta a doktorn\u0151 \u00e1ltal hozott \u00f6sszes k\u00f6nyvet, \u00edgy az adakoz\u00e1s \u00f6r\u00f6me is k\u00e9zzelfoghat\u00f3v\u00e1 v\u00e1lt.<\/span><\/p>\n<p align=\"justify\"><span style=\"font-size: medium;\"><b>Hittant\u00e1bor \u2013 elm\u00e9ly\u00fcl\u00e9s az irgalmas szeretetben<\/b><\/span><\/p>\n<p align=\"justify\"><span style=\"font-size: medium;\">J\u00fanius 24\u201326. k\u00f6z\u00f6tt hittant\u00e1bort szervezt\u00fcnk, amelynek k\u00f6z\u00e9ppontj\u00e1ban az irgalmas szeretet megtapasztal\u00e1sa \u00e9s gyakorl\u00e1sa \u00e1llt. A gyermekek alaposan megismert\u00e9k a Katolikus Karit\u00e1sz szolg\u00e1lat\u00e1nak m\u0171k\u00f6d\u00e9s\u00e9t, \u00e9s azt is, mik\u00e9nt kapcsol\u00f3dhatnak be \u0151k maguk is ebbe a szolg\u00e1latba. A foglalkoz\u00e1sok, im\u00e1ds\u00e1gok \u00e9s k\u00e9zm\u0171ves tev\u00e9kenys\u00e9gek mind e t\u00e9ma k\u00f6r\u00e9 \u00e9p\u00fcltek. A t\u00e1borz\u00e1r\u00f3 szentmise keret\u00e9ben, Kiss Istv\u00e1n, a Szombathelyi Egyh\u00e1zmegye Karit\u00e1sz Igazgat\u00f3j\u00e1nak vezet\u00e9s\u00e9vel 16 tanul\u00f3 tett \u00fcnnep\u00e9lyes \u00f6nk\u00e9ntes fogadalmat, s v\u00e1lt hivatalosan is a Caritas Junior gyermekmozgalom tagj\u00e1v\u00e1 sz\u00fcleik \u00e9s a h\u00edvek jelenl\u00e9t\u00e9ben.<\/span><\/p>\n<p align=\"justify\"><span style=\"font-size: medium;\"><b>P\u00e9ldamutat\u00f3 szolg\u00e1lat \u2013 szeretettel nevelni a j\u00f6v\u0151t<\/b><\/span><\/p>\n<p align=\"justify\"><span style=\"font-size: medium;\">A Caritas Junior csoport megalakul\u00e1sa nem csup\u00e1n egy esem\u00e9ny volt iskol\u00e1nk \u00e9let\u00e9ben, hanem \u00e9l\u0151 tan\u00fas\u00e1gt\u00e9tel arr\u00f3l, hogy a gyermekek sz\u00edve nyitott a j\u00f3ra, a seg\u00edt\u00e9sre, az \u00f6nzetlen szeretetre. Minden mosoly, minden szeretetcsomag, minden apr\u00f3 gesztus azt \u00fczeni: a vil\u00e1g jobb helly\u00e9 v\u00e1lhat, ha megtanulunk egym\u00e1sra figyelni. Ezek a fiatalok nemcsak adtak, \u0151k maguk is gazdagodtak: \u00e9lm\u00e9nyekkel, tapasztalatokkal, lelki er\u0151vel. \u0150k a j\u00f6v\u0151 rem\u00e9nyei. Akik egyszer elindultak a sz\u00edvb\u0151l fakad\u00f3 j\u00f3s\u00e1g \u00fatj\u00e1n, azok tal\u00e1n egy \u00e9leten \u00e1t ezen az \u00faton is maradnak. Mert seg\u00edteni \u00f6r\u00f6m, \u00e9s az \u00f6r\u00f6m szeretetet sz\u00fcl. A szeretet pedig mindig hazatal\u00e1l.<\/span><\/p>\n<table style=\"border-collapse: collapse; width: 100%;\">\n<tbody>\n<tr>\n<td style=\"width: 50%;\"><img fetchpriority=\"high\" decoding=\"async\" class=\"aligncenter wp-image-3318 size-large\" src=\"https:\/\/altisk-mlak.edu.hu\/wp-content\/uploads\/2025\/07\/Messenger_creation_4D1B733F-6ADA-45A8-A6EB-C0DB10DC3045-1-e1751350709131-1024x871.jpeg\" alt=\"\" width=\"604\" height=\"514\" srcset=\"https:\/\/altisk-mlak.edu.hu\/wp-content\/uploads\/2025\/07\/Messenger_creation_4D1B733F-6ADA-45A8-A6EB-C0DB10DC3045-1-e1751350709131-1024x871.jpeg 1024w, https:\/\/altisk-mlak.edu.hu\/wp-content\/uploads\/2025\/07\/Messenger_creation_4D1B733F-6ADA-45A8-A6EB-C0DB10DC3045-1-e1751350709131-300x255.jpeg 300w, https:\/\/altisk-mlak.edu.hu\/wp-content\/uploads\/2025\/07\/Messenger_creation_4D1B733F-6ADA-45A8-A6EB-C0DB10DC3045-1-e1751350709131-768x654.jpeg 768w, https:\/\/altisk-mlak.edu.hu\/wp-content\/uploads\/2025\/07\/Messenger_creation_4D1B733F-6ADA-45A8-A6EB-C0DB10DC3045-1-e1751350709131-600x511.jpeg 600w, https:\/\/altisk-mlak.edu.hu\/wp-content\/uploads\/2025\/07\/Messenger_creation_4D1B733F-6ADA-45A8-A6EB-C0DB10DC3045-1-e1751350709131.jpeg 1536w\" sizes=\"(max-width: 604px) 100vw, 604px\" \/><\/td>\n<td style=\"width: 50%;\"><img decoding=\"async\" class=\"aligncenter size-large wp-image-3314\" src=\"https:\/\/altisk-mlak.edu.hu\/wp-content\/uploads\/2025\/07\/IMG_20250630_131849-1024x871.jpg\" alt=\"\" width=\"604\" height=\"514\" srcset=\"https:\/\/altisk-mlak.edu.hu\/wp-content\/uploads\/2025\/07\/IMG_20250630_131849-1024x871.jpg 1024w, https:\/\/altisk-mlak.edu.hu\/wp-content\/uploads\/2025\/07\/IMG_20250630_131849-300x255.jpg 300w, https:\/\/altisk-mlak.edu.hu\/wp-content\/uploads\/2025\/07\/IMG_20250630_131849-768x653.jpg 768w, https:\/\/altisk-mlak.edu.hu\/wp-content\/uploads\/2025\/07\/IMG_20250630_131849-1536x1306.jpg 1536w, https:\/\/altisk-mlak.edu.hu\/wp-content\/uploads\/2025\/07\/IMG_20250630_131849-600x510.jpg 600w, https:\/\/altisk-mlak.edu.hu\/wp-content\/uploads\/2025\/07\/IMG_20250630_131849.jpg 1806w\" sizes=\"(max-width: 604px) 100vw, 604px\" \/><\/td>\n<\/tr>\n<tr>\n<td style=\"width: 50%;\"><img decoding=\"async\" class=\"aligncenter size-large wp-image-3317\" src=\"https:\/\/altisk-mlak.edu.hu\/wp-content\/uploads\/2025\/07\/6-1024x768.jpeg\" alt=\"\" width=\"604\" height=\"453\" srcset=\"https:\/\/altisk-mlak.edu.hu\/wp-content\/uploads\/2025\/07\/6-1024x768.jpeg 1024w, https:\/\/altisk-mlak.edu.hu\/wp-content\/uploads\/2025\/07\/6-300x225.jpeg 300w, https:\/\/altisk-mlak.edu.hu\/wp-content\/uploads\/2025\/07\/6-768x576.jpeg 768w, https:\/\/altisk-mlak.edu.hu\/wp-content\/uploads\/2025\/07\/6-1536x1152.jpeg 1536w, https:\/\/altisk-mlak.edu.hu\/wp-content\/uploads\/2025\/07\/6-600x450.jpeg 600w, https:\/\/altisk-mlak.edu.hu\/wp-content\/uploads\/2025\/07\/6.jpeg 2048w\" sizes=\"(max-width: 604px) 100vw, 604px\" \/><\/td>\n<td style=\"width: 50%;\"><img loading=\"lazy\" decoding=\"async\" class=\"wp-image-3316 size-large alignright\" src=\"https:\/\/altisk-mlak.edu.hu\/wp-content\/uploads\/2025\/07\/IMG_20250626_174410_1-scaled-e1751350783315-1024x768.jpg\" alt=\"\" width=\"604\" height=\"453\" srcset=\"https:\/\/altisk-mlak.edu.hu\/wp-content\/uploads\/2025\/07\/IMG_20250626_174410_1-scaled-e1751350783315-1024x768.jpg 1024w, https:\/\/altisk-mlak.edu.hu\/wp-content\/uploads\/2025\/07\/IMG_20250626_174410_1-scaled-e1751350783315-300x225.jpg 300w, https:\/\/altisk-mlak.edu.hu\/wp-content\/uploads\/2025\/07\/IMG_20250626_174410_1-scaled-e1751350783315-768x576.jpg 768w, https:\/\/altisk-mlak.edu.hu\/wp-content\/uploads\/2025\/07\/IMG_20250626_174410_1-scaled-e1751350783315-1536x1152.jpg 1536w, https:\/\/altisk-mlak.edu.hu\/wp-content\/uploads\/2025\/07\/IMG_20250626_174410_1-scaled-e1751350783315-2048x1536.jpg 2048w, https:\/\/altisk-mlak.edu.hu\/wp-content\/uploads\/2025\/07\/IMG_20250626_174410_1-scaled-e1751350783315-600x450.jpg 600w\" sizes=\"(max-width: 604px) 100vw, 604px\" \/><\/td>\n<\/tr>\n<\/tbody>\n<\/table>\n<p style=\"text-align: right;\" align=\"justify\"><span style=\"font-size: medium;\"><i>Mezein\u00e9 Kiss Katalin<\/i><\/span><\/p>\n","protected":false},"excerpt":{"rendered":"<p>A 2024\/2025-\u00f6s tan\u00e9v v\u00e9g\u00e9n k\u00fcl\u00f6nleges esem\u00e9nnyel gazdagodott iskol\u00e1nk hit\u00e9lete: megalakult a Szombathelyi Egyh\u00e1zmegy\u00e9ben els\u0151k\u00e9nt, a helyi Szent Antal Karit\u00e1sz Csoport t\u00e1mogat\u00e1s\u00e1val a Caritas Junior csoport. A lelkes di\u00e1kok \u00f6r\u00f6mmel kapcsol\u00f3dtak be az<a class=\"moretag\" href=\"https:\/\/altisk-mlak.edu.hu\/index.php\/segiteni-orom-caritas-junior-csoport-alakult-a-magyarlak-csorotnek-altalanos-iskolaban\/\">Read More&#8230;<\/a><\/p>\n","protected":false},"author":3,"featured_media":0,"comment_status":"closed","ping_status":"closed","sticky":false,"template":"","format":"standard","meta":{"two_page_speed":[],"footnotes":""},"categories":[1],"tags":[],"class_list":["post-3313","post","type-post","status-publish","format-standard","hentry","category-egyeb"],"_links":{"self":[{"href":"https:\/\/altisk-mlak.edu.hu\/index.php\/wp-json\/wp\/v2\/posts\/3313","targetHints":{"allow":["GET"]}}],"collection":[{"href":"https:\/\/altisk-mlak.edu.hu\/index.php\/wp-json\/wp\/v2\/posts"}],"about":[{"href":"https:\/\/altisk-mlak.edu.hu\/index.php\/wp-json\/wp\/v2\/types\/post"}],"author":[{"embeddable":true,"href":"https:\/\/altisk-mlak.edu.hu\/index.php\/wp-json\/wp\/v2\/users\/3"}],"replies":[{"embeddable":true,"href":"https:\/\/altisk-mlak.edu.hu\/index.php\/wp-json\/wp\/v2\/comments?post=3313"}],"version-history":[{"count":1,"href":"https:\/\/altisk-mlak.edu.hu\/index.php\/wp-json\/wp\/v2\/posts\/3313\/revisions"}],"predecessor-version":[{"id":3319,"href":"https:\/\/altisk-mlak.edu.hu\/index.php\/wp-json\/wp\/v2\/posts\/3313\/revisions\/3319"}],"wp:attachment":[{"href":"https:\/\/altisk-mlak.edu.hu\/index.php\/wp-json\/wp\/v2\/media?parent=3313"}],"wp:term":[{"taxonomy":"category","embeddable":true,"href":"https:\/\/altisk-mlak.edu.hu\/index.php\/wp-json\/wp\/v2\/categories?post=3313"},{"taxonomy":"post_tag","embeddable":true,"href":"https:\/\/altisk-mlak.edu.hu\/index.php\/wp-json\/wp\/v2\/tags?post=3313"}],"curies":[{"name":"wp","href":"https:\/\/api.w.org\/{rel}","templated":true}]}}