{"id":3349,"date":"2025-08-27T06:40:08","date_gmt":"2025-08-27T06:40:08","guid":{"rendered":"https:\/\/altisk-mlak.edu.hu\/?p=3349"},"modified":"2025-08-27T06:59:53","modified_gmt":"2025-08-27T06:59:53","slug":"tovabb-szepult-iskolank-a-nyari-szunetben","status":"publish","type":"post","link":"https:\/\/altisk-mlak.edu.hu\/index.php\/tovabb-szepult-iskolank-a-nyari-szunetben\/","title":{"rendered":"Tov\u00e1bb sz\u00e9p\u00fclt iskol\u00e1nk a ny\u00e1ri sz\u00fcnetben"},"content":{"rendered":"<p align=\"justify\">Fenntart\u00f3nk, a Szombathelyi Egyh\u00e1zmegye j\u00f3volt\u00e1b\u00f3l a magyarlaki tagint\u00e9zm\u00e9nyben sz\u00e1mos fel\u00faj\u00edt\u00e1s, korszer\u0171s\u00edt\u00e9s ment v\u00e9gbe. Meg\u00fajult k\u00e9t emeleti tanterem, \u00f6r\u00f6m l\u00e1tni a h\u00f3feh\u00e9rre m\u00e1zolt falakat \u00e9s a felcsiszolt, f\u00e9nyesre lakkozott parkett\u00e1t.<\/p>\n<p align=\"justify\"><img fetchpriority=\"high\" decoding=\"async\" class=\"size-medium wp-image-3353 aligncenter\" src=\"https:\/\/altisk-mlak.edu.hu\/wp-content\/uploads\/2025\/08\/felujitas0-300x225.jpg\" alt=\"\" width=\"300\" height=\"225\" srcset=\"https:\/\/altisk-mlak.edu.hu\/wp-content\/uploads\/2025\/08\/felujitas0-300x225.jpg 300w, https:\/\/altisk-mlak.edu.hu\/wp-content\/uploads\/2025\/08\/felujitas0-1024x768.jpg 1024w, https:\/\/altisk-mlak.edu.hu\/wp-content\/uploads\/2025\/08\/felujitas0-768x576.jpg 768w, https:\/\/altisk-mlak.edu.hu\/wp-content\/uploads\/2025\/08\/felujitas0-1536x1152.jpg 1536w, https:\/\/altisk-mlak.edu.hu\/wp-content\/uploads\/2025\/08\/felujitas0-600x450.jpg 600w, https:\/\/altisk-mlak.edu.hu\/wp-content\/uploads\/2025\/08\/felujitas0.jpg 2048w\" sizes=\"(max-width: 300px) 100vw, 300px\" \/>K\u00f6sz\u00f6nj\u00fck sz\u00e9pen Megyeri B\u00e1lint fest\u0151 \u00e9s Sz\u00e9p Ervin melegburkol\u00f3 ig\u00e9nyes munk\u00e1j\u00e1t.<\/p>\n<p align=\"justify\"><img decoding=\"async\" class=\"size-medium wp-image-3352 aligncenter\" src=\"https:\/\/altisk-mlak.edu.hu\/wp-content\/uploads\/2025\/08\/felujitas2-300x225.jpg\" alt=\"\" width=\"300\" height=\"225\" srcset=\"https:\/\/altisk-mlak.edu.hu\/wp-content\/uploads\/2025\/08\/felujitas2-300x225.jpg 300w, https:\/\/altisk-mlak.edu.hu\/wp-content\/uploads\/2025\/08\/felujitas2-1024x768.jpg 1024w, https:\/\/altisk-mlak.edu.hu\/wp-content\/uploads\/2025\/08\/felujitas2-768x576.jpg 768w, https:\/\/altisk-mlak.edu.hu\/wp-content\/uploads\/2025\/08\/felujitas2-1536x1152.jpg 1536w, https:\/\/altisk-mlak.edu.hu\/wp-content\/uploads\/2025\/08\/felujitas2-600x450.jpg 600w, https:\/\/altisk-mlak.edu.hu\/wp-content\/uploads\/2025\/08\/felujitas2.jpg 2048w\" sizes=\"(max-width: 300px) 100vw, 300px\" \/><\/p>\n<p align=\"justify\">A f\u00f6ldszinti \u00e9s az emeleti aul\u00e1ba \u00faj be\u00e9p\u00edtett el\u0151szobafal ker\u00fclt, melyre a gyerekek k\u00e9nyelmesen elhelyezhetik a kinti ruh\u00e1zatot. A sz\u00e9p, pasztellsz\u00edn\u0171 b\u00fatorzatot P\u00e1li P\u00e9ter helyi szakember k\u00e9sz\u00edtette.<\/p>\n<p align=\"justify\"><img decoding=\"async\" class=\"size-medium wp-image-3351 aligncenter\" src=\"https:\/\/altisk-mlak.edu.hu\/wp-content\/uploads\/2025\/08\/felujitas3-300x225.jpg\" alt=\"\" width=\"300\" height=\"225\" srcset=\"https:\/\/altisk-mlak.edu.hu\/wp-content\/uploads\/2025\/08\/felujitas3-300x225.jpg 300w, https:\/\/altisk-mlak.edu.hu\/wp-content\/uploads\/2025\/08\/felujitas3-1024x768.jpg 1024w, https:\/\/altisk-mlak.edu.hu\/wp-content\/uploads\/2025\/08\/felujitas3-768x576.jpg 768w, https:\/\/altisk-mlak.edu.hu\/wp-content\/uploads\/2025\/08\/felujitas3-1536x1152.jpg 1536w, https:\/\/altisk-mlak.edu.hu\/wp-content\/uploads\/2025\/08\/felujitas3-600x450.jpg 600w, https:\/\/altisk-mlak.edu.hu\/wp-content\/uploads\/2025\/08\/felujitas3.jpg 2048w\" sizes=\"(max-width: 300px) 100vw, 300px\" \/><\/p>\n<p align=\"justify\">Az udvari \u00e9p\u00fclet fel\u00faj\u00edt\u00e1sa is befejez\u0151d\u00f6tt a SZET Kft. j\u00f3volt\u00e1b\u00f3l.<\/p>\n<p align=\"justify\"><img loading=\"lazy\" decoding=\"async\" class=\"aligncenter size-medium wp-image-3350\" src=\"https:\/\/altisk-mlak.edu.hu\/wp-content\/uploads\/2025\/08\/felujitas5-225x300.jpg\" alt=\"\" width=\"225\" height=\"300\" srcset=\"https:\/\/altisk-mlak.edu.hu\/wp-content\/uploads\/2025\/08\/felujitas5-225x300.jpg 225w, https:\/\/altisk-mlak.edu.hu\/wp-content\/uploads\/2025\/08\/felujitas5-768x1024.jpg 768w, https:\/\/altisk-mlak.edu.hu\/wp-content\/uploads\/2025\/08\/felujitas5-1152x1536.jpg 1152w, https:\/\/altisk-mlak.edu.hu\/wp-content\/uploads\/2025\/08\/felujitas5-450x600.jpg 450w, https:\/\/altisk-mlak.edu.hu\/wp-content\/uploads\/2025\/08\/felujitas5.jpg 1536w\" sizes=\"(max-width: 225px) 100vw, 225px\" \/><\/p>\n<p align=\"justify\">A sportp\u00e1lya repedezetts\u00e9g\u00e9t a HILFI Kert Kft. jelenleg jav\u00edtja, iskolakezd\u00e9sre ez a probl\u00e9ma is megold\u00f3dik. Az iskola technikai dolgoz\u00f3i \u00e9s pedag\u00f3gusai sz\u00edvvel-l\u00e9lekkel azon f\u00e1radoznak, hogy szeptemberben sz\u00e9p, tiszta k\u00f6rnyezet fogadja a visszat\u00e9r\u0151 \u00e9s \u00faj gyermekeket. H\u00e1l\u00e1sak vagyunk odaad\u00f3 munk\u00e1juk\u00e9rt!<\/p>\n<p style=\"text-align: right;\"><i>Mezein\u00e9 Kiss Katalin<\/i><\/p>\n","protected":false},"excerpt":{"rendered":"<p>Fenntart\u00f3nk, a Szombathelyi Egyh\u00e1zmegye j\u00f3volt\u00e1b\u00f3l a magyarlaki tagint\u00e9zm\u00e9nyben sz\u00e1mos fel\u00faj\u00edt\u00e1s, korszer\u0171s\u00edt\u00e9s ment v\u00e9gbe. Meg\u00fajult k\u00e9t emeleti tanterem, \u00f6r\u00f6m l\u00e1tni a h\u00f3feh\u00e9rre m\u00e1zolt falakat \u00e9s a felcsiszolt, f\u00e9nyesre lakkozott parkett\u00e1t. K\u00f6sz\u00f6nj\u00fck sz\u00e9pen Megyeri<a class=\"moretag\" href=\"https:\/\/altisk-mlak.edu.hu\/index.php\/tovabb-szepult-iskolank-a-nyari-szunetben\/\">Read More&#8230;<\/a><\/p>\n","protected":false},"author":3,"featured_media":0,"comment_status":"closed","ping_status":"closed","sticky":false,"template":"","format":"standard","meta":{"two_page_speed":[],"footnotes":""},"categories":[1],"tags":[],"class_list":["post-3349","post","type-post","status-publish","format-standard","hentry","category-egyeb"],"_links":{"self":[{"href":"https:\/\/altisk-mlak.edu.hu\/index.php\/wp-json\/wp\/v2\/posts\/3349","targetHints":{"allow":["GET"]}}],"collection":[{"href":"https:\/\/altisk-mlak.edu.hu\/index.php\/wp-json\/wp\/v2\/posts"}],"about":[{"href":"https:\/\/altisk-mlak.edu.hu\/index.php\/wp-json\/wp\/v2\/types\/post"}],"author":[{"embeddable":true,"href":"https:\/\/altisk-mlak.edu.hu\/index.php\/wp-json\/wp\/v2\/users\/3"}],"replies":[{"embeddable":true,"href":"https:\/\/altisk-mlak.edu.hu\/index.php\/wp-json\/wp\/v2\/comments?post=3349"}],"version-history":[{"count":1,"href":"https:\/\/altisk-mlak.edu.hu\/index.php\/wp-json\/wp\/v2\/posts\/3349\/revisions"}],"predecessor-version":[{"id":3354,"href":"https:\/\/altisk-mlak.edu.hu\/index.php\/wp-json\/wp\/v2\/posts\/3349\/revisions\/3354"}],"wp:attachment":[{"href":"https:\/\/altisk-mlak.edu.hu\/index.php\/wp-json\/wp\/v2\/media?parent=3349"}],"wp:term":[{"taxonomy":"category","embeddable":true,"href":"https:\/\/altisk-mlak.edu.hu\/index.php\/wp-json\/wp\/v2\/categories?post=3349"},{"taxonomy":"post_tag","embeddable":true,"href":"https:\/\/altisk-mlak.edu.hu\/index.php\/wp-json\/wp\/v2\/tags?post=3349"}],"curies":[{"name":"wp","href":"https:\/\/api.w.org\/{rel}","templated":true}]}}