{"id":3384,"date":"2025-09-03T08:11:21","date_gmt":"2025-09-03T08:11:21","guid":{"rendered":"https:\/\/altisk-mlak.edu.hu\/?p=3384"},"modified":"2025-09-03T08:15:00","modified_gmt":"2025-09-03T08:15:00","slug":"polgarorok-es-iskolarendor-a-gyerekek-szolgalataban","status":"publish","type":"post","link":"https:\/\/altisk-mlak.edu.hu\/index.php\/polgarorok-es-iskolarendor-a-gyerekek-szolgalataban\/","title":{"rendered":"Polg\u00e1r\u0151r\u00f6k \u00e9s iskolarend\u0151r a gyerekek szolg\u00e1lat\u00e1ban"},"content":{"rendered":"<table style=\"border-collapse: collapse; width: 100%;\">\n<tbody>\n<tr>\n<td style=\"width: 50%;\"><img fetchpriority=\"high\" decoding=\"async\" class=\"aligncenter wp-image-3387 size-medium\" src=\"https:\/\/altisk-mlak.edu.hu\/wp-content\/uploads\/2025\/09\/IMG_20250901_080356-e1756886972872-249x300.jpg\" alt=\"\" width=\"249\" height=\"300\" srcset=\"https:\/\/altisk-mlak.edu.hu\/wp-content\/uploads\/2025\/09\/IMG_20250901_080356-e1756886972872-249x300.jpg 249w, https:\/\/altisk-mlak.edu.hu\/wp-content\/uploads\/2025\/09\/IMG_20250901_080356-e1756886972872-851x1024.jpg 851w, https:\/\/altisk-mlak.edu.hu\/wp-content\/uploads\/2025\/09\/IMG_20250901_080356-e1756886972872-768x924.jpg 768w, https:\/\/altisk-mlak.edu.hu\/wp-content\/uploads\/2025\/09\/IMG_20250901_080356-e1756886972872-498x600.jpg 498w, https:\/\/altisk-mlak.edu.hu\/wp-content\/uploads\/2025\/09\/IMG_20250901_080356-e1756886972872.jpg 1060w\" sizes=\"(max-width: 249px) 100vw, 249px\" \/><\/td>\n<td style=\"width: 50%;\"><img decoding=\"async\" class=\"aligncenter size-medium wp-image-3386\" src=\"https:\/\/altisk-mlak.edu.hu\/wp-content\/uploads\/2025\/09\/IMG_20250901_080140h-300x296.jpg\" alt=\"\" width=\"300\" height=\"296\" srcset=\"https:\/\/altisk-mlak.edu.hu\/wp-content\/uploads\/2025\/09\/IMG_20250901_080140h-300x296.jpg 300w, https:\/\/altisk-mlak.edu.hu\/wp-content\/uploads\/2025\/09\/IMG_20250901_080140h-1024x1011.jpg 1024w, https:\/\/altisk-mlak.edu.hu\/wp-content\/uploads\/2025\/09\/IMG_20250901_080140h-768x758.jpg 768w, https:\/\/altisk-mlak.edu.hu\/wp-content\/uploads\/2025\/09\/IMG_20250901_080140h-1536x1516.jpg 1536w, https:\/\/altisk-mlak.edu.hu\/wp-content\/uploads\/2025\/09\/IMG_20250901_080140h-2048x2022.jpg 2048w, https:\/\/altisk-mlak.edu.hu\/wp-content\/uploads\/2025\/09\/IMG_20250901_080140h-600x592.jpg 600w\" sizes=\"(max-width: 300px) 100vw, 300px\" \/><\/td>\n<\/tr>\n<\/tbody>\n<\/table>\n<p align=\"justify\"><img decoding=\"async\" class=\"alignright size-medium wp-image-3385\" src=\"https:\/\/altisk-mlak.edu.hu\/wp-content\/uploads\/2025\/09\/IMG_20250901_080005m-165x300.jpg\" alt=\"\" width=\"165\" height=\"300\" srcset=\"https:\/\/altisk-mlak.edu.hu\/wp-content\/uploads\/2025\/09\/IMG_20250901_080005m-165x300.jpg 165w, https:\/\/altisk-mlak.edu.hu\/wp-content\/uploads\/2025\/09\/IMG_20250901_080005m-563x1024.jpg 563w, https:\/\/altisk-mlak.edu.hu\/wp-content\/uploads\/2025\/09\/IMG_20250901_080005m-768x1397.jpg 768w, https:\/\/altisk-mlak.edu.hu\/wp-content\/uploads\/2025\/09\/IMG_20250901_080005m-844x1536.jpg 844w, https:\/\/altisk-mlak.edu.hu\/wp-content\/uploads\/2025\/09\/IMG_20250901_080005m-1126x2048.jpg 1126w, https:\/\/altisk-mlak.edu.hu\/wp-content\/uploads\/2025\/09\/IMG_20250901_080005m-330x600.jpg 330w, https:\/\/altisk-mlak.edu.hu\/wp-content\/uploads\/2025\/09\/IMG_20250901_080005m-scaled.jpg 1407w\" sizes=\"(max-width: 165px) 100vw, 165px\" \/>Az els\u0151 tan\u00edt\u00e1si napon iskol\u00e1nk kapuja el\u0151tt a Cs\u00f6r\u00f6tneki Polg\u00e1r\u0151rs\u00e9g \u00e9s N\u00e9meth G\u00e1bor iskolarend\u0151r jelenl\u00e9t\u00e9vel seg\u00edtette a gyermekek biztons\u00e1gos \u00e9rkez\u00e9s\u00e9t. A forgalmas reggeli \u00f3r\u00e1kban k\u00fcl\u00f6n\u00f6sen nagy jelent\u0151s\u00e9ge van annak, hogy a gyerekek biztons\u00e1gosan \u00e1tkelhessenek az \u00fattesten, \u00e9s nyugodt k\u00f6r\u00fclm\u00e9nyek k\u00f6z\u00f6tt kezd\u0151dhessen sz\u00e1mukra az \u00faj tan\u00e9v. Az iskolarend\u0151r ezen fel\u00fcl kedves meglepet\u00e9ssel is k\u00e9sz\u00fclt: k\u00f6zleked\u00e9sbiztons\u00e1gi t\u00e1rgyakat hozott aj\u00e1nd\u00e9kba az els\u0151s di\u00e1koknak, amelyek nemcsak hasznosak, hanem j\u00e1t\u00e9kos form\u00e1ban seg\u00edtik a k\u00f6zleked\u00e9si szab\u00e1lyok elsaj\u00e1t\u00edt\u00e1s\u00e1t is. Ez\u00faton szeretn\u00e9nk kifejezni h\u00e1l\u00e1nkat mind a polg\u00e1r\u0151rs\u00e9g, mind az iskolarend\u0151r fel\u00e9, akik munk\u00e1jukkal, figyelmess\u00e9g\u00fckkel \u00e9s p\u00e9ldamutat\u00e1sukkal hozz\u00e1j\u00e1rultak a tan\u00e9v biztons\u00e1gos \u00e9s \u00f6r\u00f6mteli ind\u00edt\u00e1s\u00e1hoz.<\/p>\n<p style=\"text-align: right;\" align=\"justify\"><em>Mezein\u00e9 Kiss Katalin<\/em><\/p>\n","protected":false},"excerpt":{"rendered":"<p>Az els\u0151 tan\u00edt\u00e1si napon iskol\u00e1nk kapuja el\u0151tt a Cs\u00f6r\u00f6tneki Polg\u00e1r\u0151rs\u00e9g \u00e9s N\u00e9meth G\u00e1bor iskolarend\u0151r jelenl\u00e9t\u00e9vel seg\u00edtette a gyermekek biztons\u00e1gos \u00e9rkez\u00e9s\u00e9t. A forgalmas reggeli \u00f3r\u00e1kban k\u00fcl\u00f6n\u00f6sen nagy jelent\u0151s\u00e9ge van annak, hogy a gyerekek<a class=\"moretag\" href=\"https:\/\/altisk-mlak.edu.hu\/index.php\/polgarorok-es-iskolarendor-a-gyerekek-szolgalataban\/\">Read More&#8230;<\/a><\/p>\n","protected":false},"author":3,"featured_media":0,"comment_status":"closed","ping_status":"closed","sticky":false,"template":"","format":"standard","meta":{"two_page_speed":[],"footnotes":""},"categories":[1],"tags":[],"class_list":["post-3384","post","type-post","status-publish","format-standard","hentry","category-egyeb"],"_links":{"self":[{"href":"https:\/\/altisk-mlak.edu.hu\/index.php\/wp-json\/wp\/v2\/posts\/3384","targetHints":{"allow":["GET"]}}],"collection":[{"href":"https:\/\/altisk-mlak.edu.hu\/index.php\/wp-json\/wp\/v2\/posts"}],"about":[{"href":"https:\/\/altisk-mlak.edu.hu\/index.php\/wp-json\/wp\/v2\/types\/post"}],"author":[{"embeddable":true,"href":"https:\/\/altisk-mlak.edu.hu\/index.php\/wp-json\/wp\/v2\/users\/3"}],"replies":[{"embeddable":true,"href":"https:\/\/altisk-mlak.edu.hu\/index.php\/wp-json\/wp\/v2\/comments?post=3384"}],"version-history":[{"count":1,"href":"https:\/\/altisk-mlak.edu.hu\/index.php\/wp-json\/wp\/v2\/posts\/3384\/revisions"}],"predecessor-version":[{"id":3388,"href":"https:\/\/altisk-mlak.edu.hu\/index.php\/wp-json\/wp\/v2\/posts\/3384\/revisions\/3388"}],"wp:attachment":[{"href":"https:\/\/altisk-mlak.edu.hu\/index.php\/wp-json\/wp\/v2\/media?parent=3384"}],"wp:term":[{"taxonomy":"category","embeddable":true,"href":"https:\/\/altisk-mlak.edu.hu\/index.php\/wp-json\/wp\/v2\/categories?post=3384"},{"taxonomy":"post_tag","embeddable":true,"href":"https:\/\/altisk-mlak.edu.hu\/index.php\/wp-json\/wp\/v2\/tags?post=3384"}],"curies":[{"name":"wp","href":"https:\/\/api.w.org\/{rel}","templated":true}]}}