{"id":3389,"date":"2025-09-03T08:20:58","date_gmt":"2025-09-03T08:20:58","guid":{"rendered":"https:\/\/altisk-mlak.edu.hu\/?p=3389"},"modified":"2025-09-03T08:21:28","modified_gmt":"2025-09-03T08:21:28","slug":"veni-sancte-es-tanevnyito-unnepseg-a-csorotneki-orok-ige-templomban","status":"publish","type":"post","link":"https:\/\/altisk-mlak.edu.hu\/index.php\/veni-sancte-es-tanevnyito-unnepseg-a-csorotneki-orok-ige-templomban\/","title":{"rendered":"Veni Sancte \u00e9s tan\u00e9vnyit\u00f3 \u00fcnneps\u00e9g a cs\u00f6r\u00f6tneki \u00d6r\u00f6k Ige templomban"},"content":{"rendered":"<p align=\"justify\"><img fetchpriority=\"high\" decoding=\"async\" class=\"alignleft size-medium wp-image-3390\" src=\"https:\/\/altisk-mlak.edu.hu\/wp-content\/uploads\/2025\/09\/IMG_20250901_083952-300x225.jpg\" alt=\"\" width=\"300\" height=\"225\" srcset=\"https:\/\/altisk-mlak.edu.hu\/wp-content\/uploads\/2025\/09\/IMG_20250901_083952-300x225.jpg 300w, https:\/\/altisk-mlak.edu.hu\/wp-content\/uploads\/2025\/09\/IMG_20250901_083952-1024x769.jpg 1024w, https:\/\/altisk-mlak.edu.hu\/wp-content\/uploads\/2025\/09\/IMG_20250901_083952-768x577.jpg 768w, https:\/\/altisk-mlak.edu.hu\/wp-content\/uploads\/2025\/09\/IMG_20250901_083952-1536x1154.jpg 1536w, https:\/\/altisk-mlak.edu.hu\/wp-content\/uploads\/2025\/09\/IMG_20250901_083952-2048x1538.jpg 2048w, https:\/\/altisk-mlak.edu.hu\/wp-content\/uploads\/2025\/09\/IMG_20250901_083952-600x451.jpg 600w\" sizes=\"(max-width: 300px) 100vw, 300px\" \/>Szeptember 1-j\u00e9n a reggeli cseng\u0151sz\u00f3ra az eg\u00e9sz iskola \u00fatra kelt. A legkisebbek b\u00fcszk\u00e9n, h\u00e1tukon az \u00faj iskolat\u00e1sk\u00e1val, a fels\u0151bb \u00e9vfolyamosok k\u00eds\u00e9ret\u00e9ben vonultak \u00e1t a cs\u00f6r\u00f6tneki \u00d6r\u00f6k Ige templomba. A gyermekek, pedag\u00f3gusok, sz\u00fcl\u0151k, nagysz\u00fcl\u0151k \u00e9s testv\u00e9rek egy\u00fctt t\u00f6lt\u00f6tt\u00e9k meg Isten h\u00e1z\u00e1t, ahol a kis ministr\u00e1nsok szinte alig f\u00e9rtek el a szent\u00e9lyben. A szentmise a \u201eJ\u00f6jj, Szentl\u00e9lek \u00daristen\u2026\u201d \u00e9nekkel kezd\u0151d\u00f6tt, amelyben k\u00e9rt\u00fck, hogy a Szentl\u00e9lek vezesse \u00e9s er\u0151s\u00edtse az iskola k\u00f6z\u00f6ss\u00e9g\u00e9t a tan\u00e9v minden napj\u00e1n.<\/p>\n<p align=\"justify\"><img decoding=\"async\" class=\"alignright size-medium wp-image-3391\" src=\"https:\/\/altisk-mlak.edu.hu\/wp-content\/uploads\/2025\/09\/IMG_20250901_090818-225x300.jpg\" alt=\"\" width=\"225\" height=\"300\" srcset=\"https:\/\/altisk-mlak.edu.hu\/wp-content\/uploads\/2025\/09\/IMG_20250901_090818-225x300.jpg 225w, https:\/\/altisk-mlak.edu.hu\/wp-content\/uploads\/2025\/09\/IMG_20250901_090818-768x1024.jpg 768w, https:\/\/altisk-mlak.edu.hu\/wp-content\/uploads\/2025\/09\/IMG_20250901_090818-1152x1536.jpg 1152w, https:\/\/altisk-mlak.edu.hu\/wp-content\/uploads\/2025\/09\/IMG_20250901_090818-1536x2048.jpg 1536w, https:\/\/altisk-mlak.edu.hu\/wp-content\/uploads\/2025\/09\/IMG_20250901_090818-450x600.jpg 450w, https:\/\/altisk-mlak.edu.hu\/wp-content\/uploads\/2025\/09\/IMG_20250901_090818-scaled.jpg 1920w\" sizes=\"(max-width: 225px) 100vw, 225px\" \/>Gyula atya szentbesz\u00e9d\u00e9ben arr\u00f3l besz\u00e9lt, hogy mindannyian v\u00e1gyunk valamire: tud\u00e1sra, szeretetre, biztons\u00e1gra \u00e9s Isten az, aki minden hi\u00e1nyunkat bet\u00f6lti.<\/p>\n<p align=\"justify\"><img decoding=\"async\" class=\"size-medium wp-image-3392 alignleft\" src=\"https:\/\/altisk-mlak.edu.hu\/wp-content\/uploads\/2025\/09\/IMG_20250901_091013-225x300.jpg\" alt=\"\" width=\"225\" height=\"300\" srcset=\"https:\/\/altisk-mlak.edu.hu\/wp-content\/uploads\/2025\/09\/IMG_20250901_091013-225x300.jpg 225w, https:\/\/altisk-mlak.edu.hu\/wp-content\/uploads\/2025\/09\/IMG_20250901_091013-768x1024.jpg 768w, https:\/\/altisk-mlak.edu.hu\/wp-content\/uploads\/2025\/09\/IMG_20250901_091013-1152x1536.jpg 1152w, https:\/\/altisk-mlak.edu.hu\/wp-content\/uploads\/2025\/09\/IMG_20250901_091013-1536x2048.jpg 1536w, https:\/\/altisk-mlak.edu.hu\/wp-content\/uploads\/2025\/09\/IMG_20250901_091013-450x600.jpg 450w, https:\/\/altisk-mlak.edu.hu\/wp-content\/uploads\/2025\/09\/IMG_20250901_091013-scaled.jpg 1920w\" sizes=\"(max-width: 225px) 100vw, 225px\" \/><\/p>\n<p align=\"justify\">A szent\u00e1ldoz\u00e1s ut\u00e1n kezdet\u00e9t vette a tan\u00e9vnyit\u00f3 \u00fcnneps\u00e9g. Mezein\u00e9 Kiss Katalin tagint\u00e9zm\u00e9ny-igazgat\u00f3 egy bibliai ig\u00e9t v\u00e1lasztott mott\u00f3ul: \u201eMinden dolgotok szeretetben menjen v\u00e9gbe\u201d (1Kor 16,14). E r\u00f6vid, de mindent mag\u00e1ban foglal\u00f3 mondat ir\u00e1nyt mutat tanul\u00e1sban, tan\u00edt\u00e1sban, j\u00e1t\u00e9kban \u00e9s munk\u00e1ban egyar\u00e1nt. <img loading=\"lazy\" decoding=\"async\" class=\"alignright size-medium wp-image-3393\" src=\"https:\/\/altisk-mlak.edu.hu\/wp-content\/uploads\/2025\/09\/IMG_20250901_091851t-300x252.jpg\" alt=\"\" width=\"300\" height=\"252\" srcset=\"https:\/\/altisk-mlak.edu.hu\/wp-content\/uploads\/2025\/09\/IMG_20250901_091851t-300x252.jpg 300w, https:\/\/altisk-mlak.edu.hu\/wp-content\/uploads\/2025\/09\/IMG_20250901_091851t-1024x860.jpg 1024w, https:\/\/altisk-mlak.edu.hu\/wp-content\/uploads\/2025\/09\/IMG_20250901_091851t-768x645.jpg 768w, https:\/\/altisk-mlak.edu.hu\/wp-content\/uploads\/2025\/09\/IMG_20250901_091851t-1536x1290.jpg 1536w, https:\/\/altisk-mlak.edu.hu\/wp-content\/uploads\/2025\/09\/IMG_20250901_091851t-2048x1720.jpg 2048w, https:\/\/altisk-mlak.edu.hu\/wp-content\/uploads\/2025\/09\/IMG_20250901_091851t-600x504.jpg 600w\" sizes=\"(max-width: 300px) 100vw, 300px\" \/>Az igazgat\u00f3 els\u0151k\u00e9nt az els\u0151s\u00f6ket k\u00f6sz\u00f6nt\u00f6tte, biztatva \u0151ket, hogy fogadj\u00e1k szeretettel az iskol\u00e1t, ahol nemcsak tud\u00e1st, hanem bar\u00e1tokat \u00e9s k\u00f6z\u00f6ss\u00e9get is tal\u00e1lnak. Ezut\u00e1n a nyolcadikosokat k\u00e9rte, hogy nagytestv\u00e9rk\u00e9nt seg\u00edts\u00e9k \u00e9s t\u00e1mogass\u00e1k a kicsiket, majd \u00f6r\u00f6mmel mutatta be az iskola \u00faj tan\u00e1r\u00e1t, Csipszer P\u00e9tert. A sz\u00fcl\u0151ket arra buzd\u00edtotta, hogy tov\u00e1bbra is legyenek akt\u00edv r\u00e9szesei az iskola \u00e9let\u00e9nek, a pedag\u00f3gusokat pedig eml\u00e9keztette: minden szeretettel kimondott sz\u00f3, t\u00fcrelmes pillant\u00e1s \u00e9s b\u00e1tor\u00edt\u00f3 gesztus maradand\u00f3 nyomot hagy a gyermekekben, m\u00e9g ha ez nem mindig l\u00e1tszik azonnal.<\/p>\n<p align=\"justify\">Besz\u00e9d\u00e9t egy szeml\u00e9letes hasonlattal z\u00e1rta: \u201eAz \u00faj tan\u00e9v olyan, mint egy tiszta f\u00fczet: \u00fcres lapjai arra v\u00e1rnak, hogy megt\u00f6lts\u00fck tud\u00e1ssal, bar\u00e1ts\u00e1ggal, kitart\u00e1ssal \u00e9s szeretettel. Ha \u00edgy tesz\u00fcnk, ez az \u00e9v nemcsak sikeres, hanem \u00e1ldott is lesz.\u201d \u00c1ldott \u00e9s \u00f6r\u00f6mteli tan\u00e9vet k\u00edv\u00e1nt mindenkinek, majd megnyitotta a 2025\/2026-os tan\u00e9vet.<\/p>\n<p align=\"justify\">Az \u00fcnneps\u00e9g v\u00e9g\u00e9n a nyolcadikosok k\u00f6sz\u00f6nt\u0151vel \u00e9s aj\u00e1nd\u00e9kkal kedveskedtek a kis els\u0151s\u00f6knek, akik csillog\u00f3 szemmel adt\u00e1k el\u0151 megtanult vers\u00fcket, majd izgatottan t\u00e9rtek vissza az iskol\u00e1ba, hogy megismerkedjenek az \u00faj k\u00f6rnyezettel. A tan\u00edt\u00f3 n\u00e9ni seg\u00edts\u00e9g\u00e9vel elpakolt\u00e1k a felszerel\u00e9seket, vid\u00e1m ismerked\u0151s j\u00e1t\u00e9kokkal t\u00f6lt\u00f6tt\u00e9k el az els\u0151 napot, v\u00e9g\u00fcl minden kisdi\u00e1k suliv\u00e1r\u00f3 aj\u00e1nd\u00e9kot kapott. A sz\u00fcl\u0151k meghat\u00f3dva \u00e1llap\u00edtott\u00e1k meg, hogy gyermekeik \u00e9let\u00e9ben lez\u00e1rult az \u00f3vod\u00e1s korszak, \u00e9s kezdet\u00e9t vette egy \u00faj, izgalmas \u00e9letszakasz.<\/p>\n<p align=\"justify\"><img loading=\"lazy\" decoding=\"async\" class=\"aligncenter size-medium wp-image-3394\" src=\"https:\/\/altisk-mlak.edu.hu\/wp-content\/uploads\/2025\/09\/IMG_20250901_093320h-300x287.jpg\" alt=\"\" width=\"300\" height=\"287\" srcset=\"https:\/\/altisk-mlak.edu.hu\/wp-content\/uploads\/2025\/09\/IMG_20250901_093320h-300x287.jpg 300w, https:\/\/altisk-mlak.edu.hu\/wp-content\/uploads\/2025\/09\/IMG_20250901_093320h-1024x980.jpg 1024w, https:\/\/altisk-mlak.edu.hu\/wp-content\/uploads\/2025\/09\/IMG_20250901_093320h-768x735.jpg 768w, https:\/\/altisk-mlak.edu.hu\/wp-content\/uploads\/2025\/09\/IMG_20250901_093320h-1536x1469.jpg 1536w, https:\/\/altisk-mlak.edu.hu\/wp-content\/uploads\/2025\/09\/IMG_20250901_093320h-2048x1959.jpg 2048w, https:\/\/altisk-mlak.edu.hu\/wp-content\/uploads\/2025\/09\/IMG_20250901_093320h-600x574.jpg 600w\" sizes=\"(max-width: 300px) 100vw, 300px\" \/><\/p>\n<p align=\"justify\">K\u00edv\u00e1njuk, hogy a tanul\u00e1s \u00f6r\u00f6m legyen minden kisdi\u00e1k sz\u00e1m\u00e1ra, \u00e9s az \u00faj tan\u00e9v \u00e1ldott \u00e9s sikeres legyen az eg\u00e9sz k\u00f6z\u00f6ss\u00e9gnek!<\/p>\n<p style=\"text-align: right;\"><em>B\u00e1lintn\u00e9 Pados Andrea<\/em><\/p>\n","protected":false},"excerpt":{"rendered":"<p>Szeptember 1-j\u00e9n a reggeli cseng\u0151sz\u00f3ra az eg\u00e9sz iskola \u00fatra kelt. A legkisebbek b\u00fcszk\u00e9n, h\u00e1tukon az \u00faj iskolat\u00e1sk\u00e1val, a fels\u0151bb \u00e9vfolyamosok k\u00eds\u00e9ret\u00e9ben vonultak \u00e1t a cs\u00f6r\u00f6tneki \u00d6r\u00f6k Ige templomba. A gyermekek, pedag\u00f3gusok, sz\u00fcl\u0151k,<a class=\"moretag\" href=\"https:\/\/altisk-mlak.edu.hu\/index.php\/veni-sancte-es-tanevnyito-unnepseg-a-csorotneki-orok-ige-templomban\/\">Read More&#8230;<\/a><\/p>\n","protected":false},"author":3,"featured_media":0,"comment_status":"closed","ping_status":"closed","sticky":false,"template":"","format":"standard","meta":{"two_page_speed":[],"footnotes":""},"categories":[1],"tags":[],"class_list":["post-3389","post","type-post","status-publish","format-standard","hentry","category-egyeb"],"_links":{"self":[{"href":"https:\/\/altisk-mlak.edu.hu\/index.php\/wp-json\/wp\/v2\/posts\/3389","targetHints":{"allow":["GET"]}}],"collection":[{"href":"https:\/\/altisk-mlak.edu.hu\/index.php\/wp-json\/wp\/v2\/posts"}],"about":[{"href":"https:\/\/altisk-mlak.edu.hu\/index.php\/wp-json\/wp\/v2\/types\/post"}],"author":[{"embeddable":true,"href":"https:\/\/altisk-mlak.edu.hu\/index.php\/wp-json\/wp\/v2\/users\/3"}],"replies":[{"embeddable":true,"href":"https:\/\/altisk-mlak.edu.hu\/index.php\/wp-json\/wp\/v2\/comments?post=3389"}],"version-history":[{"count":1,"href":"https:\/\/altisk-mlak.edu.hu\/index.php\/wp-json\/wp\/v2\/posts\/3389\/revisions"}],"predecessor-version":[{"id":3395,"href":"https:\/\/altisk-mlak.edu.hu\/index.php\/wp-json\/wp\/v2\/posts\/3389\/revisions\/3395"}],"wp:attachment":[{"href":"https:\/\/altisk-mlak.edu.hu\/index.php\/wp-json\/wp\/v2\/media?parent=3389"}],"wp:term":[{"taxonomy":"category","embeddable":true,"href":"https:\/\/altisk-mlak.edu.hu\/index.php\/wp-json\/wp\/v2\/categories?post=3389"},{"taxonomy":"post_tag","embeddable":true,"href":"https:\/\/altisk-mlak.edu.hu\/index.php\/wp-json\/wp\/v2\/tags?post=3389"}],"curies":[{"name":"wp","href":"https:\/\/api.w.org\/{rel}","templated":true}]}}