{"id":3396,"date":"2025-09-03T08:29:21","date_gmt":"2025-09-03T08:29:21","guid":{"rendered":"https:\/\/altisk-mlak.edu.hu\/?p=3396"},"modified":"2025-09-08T08:59:38","modified_gmt":"2025-09-08T08:59:38","slug":"dijatado-a-tanevnyiton","status":"publish","type":"post","link":"https:\/\/altisk-mlak.edu.hu\/index.php\/dijatado-a-tanevnyiton\/","title":{"rendered":"D\u00edj\u00e1tad\u00f3 a tan\u00e9vnyit\u00f3n"},"content":{"rendered":"<p align=\"justify\"><img fetchpriority=\"high\" decoding=\"async\" class=\"aligncenter size-medium wp-image-3397\" src=\"https:\/\/altisk-mlak.edu.hu\/wp-content\/uploads\/2025\/09\/IMG_20250901_092529h-300x286.jpg\" alt=\"\" width=\"300\" height=\"286\" srcset=\"https:\/\/altisk-mlak.edu.hu\/wp-content\/uploads\/2025\/09\/IMG_20250901_092529h-300x286.jpg 300w, https:\/\/altisk-mlak.edu.hu\/wp-content\/uploads\/2025\/09\/IMG_20250901_092529h-1024x975.jpg 1024w, https:\/\/altisk-mlak.edu.hu\/wp-content\/uploads\/2025\/09\/IMG_20250901_092529h-768x731.jpg 768w, https:\/\/altisk-mlak.edu.hu\/wp-content\/uploads\/2025\/09\/IMG_20250901_092529h-1536x1462.jpg 1536w, https:\/\/altisk-mlak.edu.hu\/wp-content\/uploads\/2025\/09\/IMG_20250901_092529h-2048x1950.jpg 2048w, https:\/\/altisk-mlak.edu.hu\/wp-content\/uploads\/2025\/09\/IMG_20250901_092529h-600x571.jpg 600w\" sizes=\"(max-width: 300px) 100vw, 300px\" \/><\/p>\n<p align=\"justify\"><span style=\"font-family: Times New Roman, serif;\"><span style=\"font-size: medium;\"><span style=\"font-family: Arial, sans-serif;\"><span style=\"font-size: small;\">Az \u00fcnnep\u00e9lyes tan\u00e9vnyit\u00f3 keret\u00e9ben sor ker\u00fclt az <\/span><\/span><strong><span style=\"font-family: Arial, sans-serif;\"><span style=\"font-size: small;\">\u201eEg\u00e9szs\u00e9g, mint \u00e9rt\u00e9k!\u201d<\/span><\/span><\/strong><span style=\"font-family: Arial, sans-serif;\"><span style=\"font-size: small;\"> c\u00edm\u0171 rajzp\u00e1ly\u00e1zat d\u00edj\u00e1tad\u00e1s\u00e1ra is. A Magyar Eg\u00e9szs\u00e9g\u00fcgyi Szakdolgoz\u00f3i Kamara Orsz\u00e1gos Szakk\u00e9pz\u00e9si Oktat\u00e1si \u00e9s Tov\u00e1bbk\u00e9pz\u00e9si Igazgat\u00f3s\u00e1ga \u00e1ltal meghirdetett versenyen iskol\u00e1nk t\u00f6bb tanul\u00f3ja is dobog\u00f3s helyez\u00e9st \u00e9rt el.<\/span><\/span><\/span><\/span><\/p>\n<p><span style=\"font-family: Times New Roman, serif;\"><span style=\"font-size: medium;\"><span style=\"font-family: Arial, sans-serif;\"><span style=\"font-size: small;\">Az eredm\u00e9nyek a k\u00f6vetkez\u0151k:<\/span><\/span><\/span><\/span><\/p>\n<ul>\n<li><span style=\"font-family: Times New Roman, serif;\"><span style=\"font-size: medium;\"><strong><span style=\"font-family: Arial, sans-serif;\"><span style=\"font-size: small;\">I. korcsoport, 2. helyez\u00e9s:<\/span><\/span><\/strong><span style=\"font-family: Arial, sans-serif;\"><span style=\"font-size: small;\"> Varga D\u00e1niel<\/span><\/span><\/span><\/span><\/li>\n<li><span style=\"font-family: Times New Roman, serif;\"><span style=\"font-size: medium;\"><strong><span style=\"font-family: Arial, sans-serif;\"><span style=\"font-size: small;\">II. korcsoport, 1. helyez\u00e9s:<\/span><\/span><\/strong><span style=\"font-family: Arial, sans-serif;\"><span style=\"font-size: small;\"> Tak\u00e1cs D\u00e1vid<\/span><\/span><\/span><\/span><\/li>\n<li><span style=\"font-family: Times New Roman, serif;\"><span style=\"font-size: medium;\"><strong><span style=\"font-family: Arial, sans-serif;\"><span style=\"font-size: small;\">II. korcsoport, 3. helyez\u00e9s:<\/span><\/span><\/strong><span style=\"font-family: Arial, sans-serif;\"><span style=\"font-size: small;\"> Horv\u00e1th M\u00e1t\u00e9<\/span><\/span><\/span><\/span><\/li>\n<\/ul>\n<table style=\"border-collapse: collapse; width: 100%;\">\n<tbody>\n<tr>\n<td style=\"width: 33.3333%;\"><img decoding=\"async\" class=\"aligncenter size-medium wp-image-3400\" src=\"https:\/\/altisk-mlak.edu.hu\/wp-content\/uploads\/2025\/09\/IMG_20250901_092317-300x265.jpg\" alt=\"\" width=\"300\" height=\"265\" srcset=\"https:\/\/altisk-mlak.edu.hu\/wp-content\/uploads\/2025\/09\/IMG_20250901_092317-300x265.jpg 300w, https:\/\/altisk-mlak.edu.hu\/wp-content\/uploads\/2025\/09\/IMG_20250901_092317-1024x903.jpg 1024w, https:\/\/altisk-mlak.edu.hu\/wp-content\/uploads\/2025\/09\/IMG_20250901_092317-768x677.jpg 768w, https:\/\/altisk-mlak.edu.hu\/wp-content\/uploads\/2025\/09\/IMG_20250901_092317-1536x1355.jpg 1536w, https:\/\/altisk-mlak.edu.hu\/wp-content\/uploads\/2025\/09\/IMG_20250901_092317-2048x1807.jpg 2048w, https:\/\/altisk-mlak.edu.hu\/wp-content\/uploads\/2025\/09\/IMG_20250901_092317-600x529.jpg 600w\" sizes=\"(max-width: 300px) 100vw, 300px\" \/><\/td>\n<td style=\"width: 33.3333%;\"><img decoding=\"async\" class=\"aligncenter size-medium wp-image-3399\" src=\"https:\/\/altisk-mlak.edu.hu\/wp-content\/uploads\/2025\/09\/IMG_20250901_092358j-300x268.jpg\" alt=\"\" width=\"300\" height=\"268\" srcset=\"https:\/\/altisk-mlak.edu.hu\/wp-content\/uploads\/2025\/09\/IMG_20250901_092358j-300x268.jpg 300w, https:\/\/altisk-mlak.edu.hu\/wp-content\/uploads\/2025\/09\/IMG_20250901_092358j-1024x913.jpg 1024w, https:\/\/altisk-mlak.edu.hu\/wp-content\/uploads\/2025\/09\/IMG_20250901_092358j-768x685.jpg 768w, https:\/\/altisk-mlak.edu.hu\/wp-content\/uploads\/2025\/09\/IMG_20250901_092358j-1536x1370.jpg 1536w, https:\/\/altisk-mlak.edu.hu\/wp-content\/uploads\/2025\/09\/IMG_20250901_092358j-2048x1827.jpg 2048w, https:\/\/altisk-mlak.edu.hu\/wp-content\/uploads\/2025\/09\/IMG_20250901_092358j-600x535.jpg 600w\" sizes=\"(max-width: 300px) 100vw, 300px\" \/><\/td>\n<td style=\"width: 33.3333%;\"><img loading=\"lazy\" decoding=\"async\" class=\"aligncenter size-medium wp-image-3398\" src=\"https:\/\/altisk-mlak.edu.hu\/wp-content\/uploads\/2025\/09\/IMG_20250901_092418-300x225.jpg\" alt=\"\" width=\"300\" height=\"225\" srcset=\"https:\/\/altisk-mlak.edu.hu\/wp-content\/uploads\/2025\/09\/IMG_20250901_092418-300x225.jpg 300w, https:\/\/altisk-mlak.edu.hu\/wp-content\/uploads\/2025\/09\/IMG_20250901_092418-1024x768.jpg 1024w, https:\/\/altisk-mlak.edu.hu\/wp-content\/uploads\/2025\/09\/IMG_20250901_092418-768x576.jpg 768w, https:\/\/altisk-mlak.edu.hu\/wp-content\/uploads\/2025\/09\/IMG_20250901_092418-1536x1152.jpg 1536w, https:\/\/altisk-mlak.edu.hu\/wp-content\/uploads\/2025\/09\/IMG_20250901_092418-2048x1536.jpg 2048w, https:\/\/altisk-mlak.edu.hu\/wp-content\/uploads\/2025\/09\/IMG_20250901_092418-600x450.jpg 600w\" sizes=\"(max-width: 300px) 100vw, 300px\" \/><\/td>\n<\/tr>\n<\/tbody>\n<\/table>\n<p style=\"text-align: left;\" align=\"justify\"><span style=\"font-family: Times New Roman, serif;\"><span style=\"font-size: medium;\"><span style=\"font-family: Arial, sans-serif;\"><span style=\"font-size: small;\">A d\u00edjakat Szab\u00f3 P\u00e9tern\u00e9, a MESZK Vas V\u00e1rmegyei Ter\u00fcleti Szervezet\u00e9nek eln\u00f6ke adta \u00e1t.<br \/>\nSz\u00edvb\u0151l gratul\u00e1lunk a tanul\u00f3knak, valamint felk\u00e9sz\u00edt\u0151 tan\u00e1raiknak, <\/span><\/span><strong><span style=\"font-family: Arial, sans-serif;\"><span style=\"font-size: small;\">H\u00e1rin\u00e9 D\u00fch Katalinnak \u00e9s B\u00e1lintn\u00e9 Pados Andre\u00e1nak<\/span><\/span><\/strong><span style=\"font-family: Arial, sans-serif;\"><span style=\"font-size: small;\">!<\/span><\/span><\/span><\/span><\/p>\n<p style=\"text-align: right;\" align=\"justify\"><em>Mezein\u00e9 Kiss Katalin<\/em><\/p>\n","protected":false},"excerpt":{"rendered":"<p>Az \u00fcnnep\u00e9lyes tan\u00e9vnyit\u00f3 keret\u00e9ben sor ker\u00fclt az \u201eEg\u00e9szs\u00e9g, mint \u00e9rt\u00e9k!\u201d c\u00edm\u0171 rajzp\u00e1ly\u00e1zat d\u00edj\u00e1tad\u00e1s\u00e1ra is. A Magyar Eg\u00e9szs\u00e9g\u00fcgyi Szakdolgoz\u00f3i Kamara Orsz\u00e1gos Szakk\u00e9pz\u00e9si Oktat\u00e1si \u00e9s Tov\u00e1bbk\u00e9pz\u00e9si Igazgat\u00f3s\u00e1ga \u00e1ltal meghirdetett versenyen iskol\u00e1nk t\u00f6bb tanul\u00f3ja is<a class=\"moretag\" href=\"https:\/\/altisk-mlak.edu.hu\/index.php\/dijatado-a-tanevnyiton\/\">Read More&#8230;<\/a><\/p>\n","protected":false},"author":3,"featured_media":0,"comment_status":"closed","ping_status":"closed","sticky":false,"template":"","format":"standard","meta":{"two_page_speed":[],"footnotes":""},"categories":[1],"tags":[],"class_list":["post-3396","post","type-post","status-publish","format-standard","hentry","category-egyeb"],"_links":{"self":[{"href":"https:\/\/altisk-mlak.edu.hu\/index.php\/wp-json\/wp\/v2\/posts\/3396","targetHints":{"allow":["GET"]}}],"collection":[{"href":"https:\/\/altisk-mlak.edu.hu\/index.php\/wp-json\/wp\/v2\/posts"}],"about":[{"href":"https:\/\/altisk-mlak.edu.hu\/index.php\/wp-json\/wp\/v2\/types\/post"}],"author":[{"embeddable":true,"href":"https:\/\/altisk-mlak.edu.hu\/index.php\/wp-json\/wp\/v2\/users\/3"}],"replies":[{"embeddable":true,"href":"https:\/\/altisk-mlak.edu.hu\/index.php\/wp-json\/wp\/v2\/comments?post=3396"}],"version-history":[{"count":1,"href":"https:\/\/altisk-mlak.edu.hu\/index.php\/wp-json\/wp\/v2\/posts\/3396\/revisions"}],"predecessor-version":[{"id":3401,"href":"https:\/\/altisk-mlak.edu.hu\/index.php\/wp-json\/wp\/v2\/posts\/3396\/revisions\/3401"}],"wp:attachment":[{"href":"https:\/\/altisk-mlak.edu.hu\/index.php\/wp-json\/wp\/v2\/media?parent=3396"}],"wp:term":[{"taxonomy":"category","embeddable":true,"href":"https:\/\/altisk-mlak.edu.hu\/index.php\/wp-json\/wp\/v2\/categories?post=3396"},{"taxonomy":"post_tag","embeddable":true,"href":"https:\/\/altisk-mlak.edu.hu\/index.php\/wp-json\/wp\/v2\/tags?post=3396"}],"curies":[{"name":"wp","href":"https:\/\/api.w.org\/{rel}","templated":true}]}}