{"id":3419,"date":"2025-09-09T06:29:21","date_gmt":"2025-09-09T06:29:21","guid":{"rendered":"https:\/\/altisk-mlak.edu.hu\/?p=3419"},"modified":"2025-09-15T10:39:04","modified_gmt":"2025-09-15T10:39:04","slug":"kozos-torna-a-fizioterapia-vilagnapjan","status":"publish","type":"post","link":"https:\/\/altisk-mlak.edu.hu\/index.php\/kozos-torna-a-fizioterapia-vilagnapjan\/","title":{"rendered":"K\u00f6z\u00f6s torna a Fizioter\u00e1pia Vil\u00e1gnapj\u00e1n"},"content":{"rendered":"<p style=\"text-align: justify;\"><span style=\"font-family: arial, helvetica, sans-serif;\"><span style=\"font-size: medium;\">Szeptember 8-\u00e1n a Fizioter\u00e1pia Vil\u00e1gnapj\u00e1t \u00fcnnepelj\u00fck. E jeles alkalomb\u00f3l T\u00f3th M\u00e1rtonn\u00e9 gy\u00f3gytorn\u00e1sz tartott vid\u00e1m, eg\u00e9szs\u00e9gmeg\u0151rz\u0151 torn\u00e1t az iskolak\u00f6z\u00f6ss\u00e9gnek az iskola sportp\u00e1ly\u00e1j\u00e1n. A gyakorlatok sor\u00e1n mindenki \u00e1tmozgathatta mag\u00e1t, \u00e9s megtapasztalhatta, mennyire fontos a rendszeres testmozg\u00e1s a mindennapokban.<\/span><\/span><\/p>\n<table style=\"border-collapse: collapse; width: 100%;\">\n<tbody>\n<tr>\n<td style=\"width: 50%;\"><span style=\"font-family: arial, helvetica, sans-serif;\"><img fetchpriority=\"high\" decoding=\"async\" class=\"aligncenter size-medium wp-image-3423\" src=\"https:\/\/altisk-mlak.edu.hu\/wp-content\/uploads\/2025\/09\/4-300x213.jpg\" alt=\"\" width=\"300\" height=\"213\" \/><\/span><\/td>\n<td style=\"width: 50%;\"><span style=\"font-family: arial, helvetica, sans-serif;\"><img decoding=\"async\" class=\"aligncenter size-medium wp-image-3422\" src=\"https:\/\/altisk-mlak.edu.hu\/wp-content\/uploads\/2025\/09\/6-300x225.jpg\" alt=\"\" width=\"300\" height=\"225\" srcset=\"https:\/\/altisk-mlak.edu.hu\/wp-content\/uploads\/2025\/09\/6-300x225.jpg 300w, https:\/\/altisk-mlak.edu.hu\/wp-content\/uploads\/2025\/09\/6-1024x768.jpg 1024w, https:\/\/altisk-mlak.edu.hu\/wp-content\/uploads\/2025\/09\/6-768x576.jpg 768w, https:\/\/altisk-mlak.edu.hu\/wp-content\/uploads\/2025\/09\/6-1536x1152.jpg 1536w, https:\/\/altisk-mlak.edu.hu\/wp-content\/uploads\/2025\/09\/6-600x450.jpg 600w, https:\/\/altisk-mlak.edu.hu\/wp-content\/uploads\/2025\/09\/6.jpg 2000w\" sizes=\"(max-width: 300px) 100vw, 300px\" \/><\/span><\/td>\n<\/tr>\n<\/tbody>\n<\/table>\n<p style=\"text-align: justify;\"><span style=\"font-family: arial, helvetica, sans-serif;\"><span style=\"font-size: medium;\">A torn\u00e1ba nemcsak a tanul\u00f3k, hanem tan\u00edt\u00f3ink \u00e9s tan\u00e1raink is akt\u00edvan bekapcsol\u00f3dtak, \u00edgy az esem\u00e9ny igazi k\u00f6z\u00f6ss\u00e9gi \u00e9lm\u00e9nny\u00e9 v\u00e1lt. A k\u00f6z\u00f6s mozg\u00e1s j\u00f3 hangulatban telt: biztat\u00e1s, \u00f6r\u00f6m, lelkesed\u00e9s k\u00eds\u00e9rte a gyakorlatokat, melyek hasznosak \u00e9s \u00e9lvezetesek voltak.<\/span><\/span><\/p>\n<table style=\"border-collapse: collapse; width: 100%;\">\n<tbody>\n<tr>\n<td style=\"width: 50%;\"><span style=\"font-family: arial, helvetica, sans-serif;\"><img decoding=\"async\" class=\"aligncenter size-medium wp-image-3421\" src=\"https:\/\/altisk-mlak.edu.hu\/wp-content\/uploads\/2025\/09\/7-300x225.jpg\" alt=\"\" width=\"300\" height=\"225\" srcset=\"https:\/\/altisk-mlak.edu.hu\/wp-content\/uploads\/2025\/09\/7-300x225.jpg 300w, https:\/\/altisk-mlak.edu.hu\/wp-content\/uploads\/2025\/09\/7-1024x768.jpg 1024w, https:\/\/altisk-mlak.edu.hu\/wp-content\/uploads\/2025\/09\/7-768x576.jpg 768w, https:\/\/altisk-mlak.edu.hu\/wp-content\/uploads\/2025\/09\/7-1536x1152.jpg 1536w, https:\/\/altisk-mlak.edu.hu\/wp-content\/uploads\/2025\/09\/7-600x450.jpg 600w, https:\/\/altisk-mlak.edu.hu\/wp-content\/uploads\/2025\/09\/7.jpg 2000w\" sizes=\"(max-width: 300px) 100vw, 300px\" \/><\/span><\/td>\n<td style=\"width: 50%;\"><span style=\"font-family: arial, helvetica, sans-serif;\"><img loading=\"lazy\" decoding=\"async\" class=\"aligncenter size-medium wp-image-3420\" src=\"https:\/\/altisk-mlak.edu.hu\/wp-content\/uploads\/2025\/09\/8-300x225.jpg\" alt=\"\" width=\"300\" height=\"225\" srcset=\"https:\/\/altisk-mlak.edu.hu\/wp-content\/uploads\/2025\/09\/8-300x225.jpg 300w, https:\/\/altisk-mlak.edu.hu\/wp-content\/uploads\/2025\/09\/8-1024x768.jpg 1024w, https:\/\/altisk-mlak.edu.hu\/wp-content\/uploads\/2025\/09\/8-768x576.jpg 768w, https:\/\/altisk-mlak.edu.hu\/wp-content\/uploads\/2025\/09\/8-1536x1152.jpg 1536w, https:\/\/altisk-mlak.edu.hu\/wp-content\/uploads\/2025\/09\/8-600x450.jpg 600w, https:\/\/altisk-mlak.edu.hu\/wp-content\/uploads\/2025\/09\/8.jpg 2000w\" sizes=\"(max-width: 300px) 100vw, 300px\" \/><\/span><\/td>\n<\/tr>\n<\/tbody>\n<\/table>\n<p style=\"text-align: justify;\"><span style=\"font-family: arial, helvetica, sans-serif;\"><span style=\"font-size: medium;\">Ez a nap eml\u00e9keztetett benn\u00fcnket arra, hogy az eg\u00e9szs\u00e9g meg\u0151rz\u00e9se k\u00f6z\u00f6s felel\u0151ss\u00e9g\u00fcnk, \u00e9s a mozg\u00e1s \u00f6r\u00f6m\u00e9t b\u00e1rmely \u00e9letkorban megtapasztalhatjuk. A rendhagy\u00f3 torna\u00f3ra ut\u00e1n mindenki felfriss\u00fclve, j\u00f3kedv\u0171en t\u00e9rt vissza a tan\u00f3r\u00e1kra. A program a szentgotth\u00e1rdi EFI t\u00e1mogat\u00e1s\u00e1val val\u00f3sult meg. K\u00f6sz\u00f6nj\u00fck sz\u00e9pen a lehet\u0151s\u00e9get!<\/span><\/span><\/p>\n<p style=\"text-align: right;\"><span style=\"font-family: arial, helvetica, sans-serif;\"><span style=\"font-size: medium;\"><strong><i>Mezein\u00e9 Kiss Katalin<\/i><\/strong><\/span><\/span><\/p>\n<p align=\"justify\">\n","protected":false},"excerpt":{"rendered":"<p>Szeptember 8-\u00e1n a Fizioter\u00e1pia Vil\u00e1gnapj\u00e1t \u00fcnnepelj\u00fck. E jeles alkalomb\u00f3l T\u00f3th M\u00e1rtonn\u00e9 gy\u00f3gytorn\u00e1sz tartott vid\u00e1m, eg\u00e9szs\u00e9gmeg\u0151rz\u0151 torn\u00e1t az iskolak\u00f6z\u00f6ss\u00e9gnek az iskola sportp\u00e1ly\u00e1j\u00e1n. A gyakorlatok sor\u00e1n mindenki \u00e1tmozgathatta mag\u00e1t, \u00e9s megtapasztalhatta, mennyire fontos a<a class=\"moretag\" href=\"https:\/\/altisk-mlak.edu.hu\/index.php\/kozos-torna-a-fizioterapia-vilagnapjan\/\">Read More&#8230;<\/a><\/p>\n","protected":false},"author":3,"featured_media":0,"comment_status":"closed","ping_status":"closed","sticky":false,"template":"","format":"standard","meta":{"two_page_speed":[],"footnotes":""},"categories":[1],"tags":[],"class_list":["post-3419","post","type-post","status-publish","format-standard","hentry","category-egyeb"],"_links":{"self":[{"href":"https:\/\/altisk-mlak.edu.hu\/index.php\/wp-json\/wp\/v2\/posts\/3419","targetHints":{"allow":["GET"]}}],"collection":[{"href":"https:\/\/altisk-mlak.edu.hu\/index.php\/wp-json\/wp\/v2\/posts"}],"about":[{"href":"https:\/\/altisk-mlak.edu.hu\/index.php\/wp-json\/wp\/v2\/types\/post"}],"author":[{"embeddable":true,"href":"https:\/\/altisk-mlak.edu.hu\/index.php\/wp-json\/wp\/v2\/users\/3"}],"replies":[{"embeddable":true,"href":"https:\/\/altisk-mlak.edu.hu\/index.php\/wp-json\/wp\/v2\/comments?post=3419"}],"version-history":[{"count":1,"href":"https:\/\/altisk-mlak.edu.hu\/index.php\/wp-json\/wp\/v2\/posts\/3419\/revisions"}],"predecessor-version":[{"id":3424,"href":"https:\/\/altisk-mlak.edu.hu\/index.php\/wp-json\/wp\/v2\/posts\/3419\/revisions\/3424"}],"wp:attachment":[{"href":"https:\/\/altisk-mlak.edu.hu\/index.php\/wp-json\/wp\/v2\/media?parent=3419"}],"wp:term":[{"taxonomy":"category","embeddable":true,"href":"https:\/\/altisk-mlak.edu.hu\/index.php\/wp-json\/wp\/v2\/categories?post=3419"},{"taxonomy":"post_tag","embeddable":true,"href":"https:\/\/altisk-mlak.edu.hu\/index.php\/wp-json\/wp\/v2\/tags?post=3419"}],"curies":[{"name":"wp","href":"https:\/\/api.w.org\/{rel}","templated":true}]}}