{"id":3425,"date":"2025-09-15T10:41:13","date_gmt":"2025-09-15T10:41:13","guid":{"rendered":"https:\/\/altisk-mlak.edu.hu\/?p=3425"},"modified":"2025-09-19T12:28:15","modified_gmt":"2025-09-19T12:28:15","slug":"a-ronoki-erseki-szentmisen-szolgaltunk","status":"publish","type":"post","link":"https:\/\/altisk-mlak.edu.hu\/index.php\/a-ronoki-erseki-szentmisen-szolgaltunk\/","title":{"rendered":"A r\u00f6n\u00f6ki \u00e9rseki szentmis\u00e9n szolg\u00e1ltunk"},"content":{"rendered":"<p align=\"justify\"><span style=\"font-size: medium;\"><img fetchpriority=\"high\" decoding=\"async\" class=\"aligncenter size-medium wp-image-3427\" src=\"https:\/\/altisk-mlak.edu.hu\/wp-content\/uploads\/2025\/09\/erseki-mise-1-300x225.jpg\" alt=\"\" width=\"300\" height=\"225\" srcset=\"https:\/\/altisk-mlak.edu.hu\/wp-content\/uploads\/2025\/09\/erseki-mise-1-300x225.jpg 300w, https:\/\/altisk-mlak.edu.hu\/wp-content\/uploads\/2025\/09\/erseki-mise-1-1024x768.jpg 1024w, https:\/\/altisk-mlak.edu.hu\/wp-content\/uploads\/2025\/09\/erseki-mise-1-768x576.jpg 768w, https:\/\/altisk-mlak.edu.hu\/wp-content\/uploads\/2025\/09\/erseki-mise-1-1536x1152.jpg 1536w, https:\/\/altisk-mlak.edu.hu\/wp-content\/uploads\/2025\/09\/erseki-mise-1-600x450.jpg 600w, https:\/\/altisk-mlak.edu.hu\/wp-content\/uploads\/2025\/09\/erseki-mise-1.jpg 2048w\" sizes=\"(max-width: 300px) 100vw, 300px\" \/>A Szombathelyi Egyh\u00e1zmegye megh\u00edv\u00e1s\u00e1ra iskol\u00e1nk k\u00f3rusa szolg\u00e1latot ny\u00fajtott a Szent Kereszt felmagasztal\u00e1sa \u00fcnnep\u00e9n a r\u00f6n\u00f6ki Szent Imre templomban. Az \u00fcnnepi szentmis\u00e9t M\u00e1rfi Gyula nyugalmazott veszpr\u00e9mi \u00e9rsek celebr\u00e1lta. A Vid\u00e1m angyalok gyermekk\u00f3rus Deutsch Szilvia karnagy vezet\u00e9s\u00e9vel felaj\u00e1nl\u00e1skor a \u201eJ\u00e9zus \u00e9letem, er\u0151m, b\u00e9k\u00e9m\u201d, \u00e1ldoz\u00e1skor \u201e\u00d3, h\u00e1la, \u00dar J\u00e9zus\u201d \u00e9s \u201eJ\u00e9zus, te \u00e9gi sz\u00e9p\u201d, kivonul\u00e1skor a \u201eHintsd szertesz\u00e9t\u201d c. \u00e9nekeket adta el\u0151. H\u00e1l\u00e1s sz\u00edvvel k\u00f6sz\u00f6nj\u00fck a megtisztel\u0151 megh\u00edv\u00e1st, a gyermekek tiszta sz\u00edvb\u0151l fakad\u00f3 \u00e9nek\u00e9t, valamint a sz\u00fcl\u0151k \u00e1ldozatos seg\u00edts\u00e9g\u00e9t. A k\u00f6z\u00f6ss\u00e9gben \u00e1t\u00e9lt pillanatok \u00fajra meger\u0151s\u00edtettek benn\u00fcnket abban, hogy Krisztus szeretete az, ami igaz\u00e1n \u00f6sszek\u00f6t \u00e9s felemel minket.<\/span><\/p>\n<p style=\"text-align: right;\"><i>Mezein\u00e9 Kiss Katalin<\/i><\/p>\n<p>&nbsp;<\/p>\n","protected":false},"excerpt":{"rendered":"<p>A Szombathelyi Egyh\u00e1zmegye megh\u00edv\u00e1s\u00e1ra iskol\u00e1nk k\u00f3rusa szolg\u00e1latot ny\u00fajtott a Szent Kereszt felmagasztal\u00e1sa \u00fcnnep\u00e9n a r\u00f6n\u00f6ki Szent Imre templomban. Az \u00fcnnepi szentmis\u00e9t M\u00e1rfi Gyula nyugalmazott veszpr\u00e9mi \u00e9rsek celebr\u00e1lta. A Vid\u00e1m angyalok gyermekk\u00f3rus Deutsch<a class=\"moretag\" href=\"https:\/\/altisk-mlak.edu.hu\/index.php\/a-ronoki-erseki-szentmisen-szolgaltunk\/\">Read More&#8230;<\/a><\/p>\n","protected":false},"author":3,"featured_media":0,"comment_status":"closed","ping_status":"closed","sticky":false,"template":"","format":"standard","meta":{"two_page_speed":[],"footnotes":""},"categories":[1],"tags":[],"class_list":["post-3425","post","type-post","status-publish","format-standard","hentry","category-egyeb"],"_links":{"self":[{"href":"https:\/\/altisk-mlak.edu.hu\/index.php\/wp-json\/wp\/v2\/posts\/3425","targetHints":{"allow":["GET"]}}],"collection":[{"href":"https:\/\/altisk-mlak.edu.hu\/index.php\/wp-json\/wp\/v2\/posts"}],"about":[{"href":"https:\/\/altisk-mlak.edu.hu\/index.php\/wp-json\/wp\/v2\/types\/post"}],"author":[{"embeddable":true,"href":"https:\/\/altisk-mlak.edu.hu\/index.php\/wp-json\/wp\/v2\/users\/3"}],"replies":[{"embeddable":true,"href":"https:\/\/altisk-mlak.edu.hu\/index.php\/wp-json\/wp\/v2\/comments?post=3425"}],"version-history":[{"count":1,"href":"https:\/\/altisk-mlak.edu.hu\/index.php\/wp-json\/wp\/v2\/posts\/3425\/revisions"}],"predecessor-version":[{"id":3428,"href":"https:\/\/altisk-mlak.edu.hu\/index.php\/wp-json\/wp\/v2\/posts\/3425\/revisions\/3428"}],"wp:attachment":[{"href":"https:\/\/altisk-mlak.edu.hu\/index.php\/wp-json\/wp\/v2\/media?parent=3425"}],"wp:term":[{"taxonomy":"category","embeddable":true,"href":"https:\/\/altisk-mlak.edu.hu\/index.php\/wp-json\/wp\/v2\/categories?post=3425"},{"taxonomy":"post_tag","embeddable":true,"href":"https:\/\/altisk-mlak.edu.hu\/index.php\/wp-json\/wp\/v2\/tags?post=3425"}],"curies":[{"name":"wp","href":"https:\/\/api.w.org\/{rel}","templated":true}]}}