{"id":3451,"date":"2025-09-30T09:18:47","date_gmt":"2025-09-30T09:18:47","guid":{"rendered":"https:\/\/altisk-mlak.edu.hu\/?p=3451"},"modified":"2025-09-30T09:33:28","modified_gmt":"2025-09-30T09:33:28","slug":"kutatok-ejszakajan-jartunk-2","status":"publish","type":"post","link":"https:\/\/altisk-mlak.edu.hu\/index.php\/kutatok-ejszakajan-jartunk-2\/","title":{"rendered":"Kutat\u00f3k \u00e9jszak\u00e1j\u00e1n j\u00e1rtunk"},"content":{"rendered":"<p align=\"justify\"><span style=\"font-size: medium;\">Szeptember 26-\u00e1n iskol\u00e1nk tizenh\u00e1rom f\u0151vel vett r\u00e9szt a Szent Gotth\u00e1rd Gimn\u00e1zium \u00e1ltal szervezett Kutat\u00f3k \u00e9jszak\u00e1ja c\u00edm\u0171 programon. A megnyit\u00f3 18 \u00f3rakor kezd\u0151d\u00f6tt a gimn\u00e1zium aul\u00e1j\u00e1ban. <img fetchpriority=\"high\" decoding=\"async\" class=\"alignleft size-large wp-image-3452\" src=\"https:\/\/altisk-mlak.edu.hu\/wp-content\/uploads\/2025\/09\/IMG_20250926_182041-1024x533.jpg\" alt=\"\" width=\"604\" height=\"314\" srcset=\"https:\/\/altisk-mlak.edu.hu\/wp-content\/uploads\/2025\/09\/IMG_20250926_182041-1024x533.jpg 1024w, https:\/\/altisk-mlak.edu.hu\/wp-content\/uploads\/2025\/09\/IMG_20250926_182041-300x156.jpg 300w, https:\/\/altisk-mlak.edu.hu\/wp-content\/uploads\/2025\/09\/IMG_20250926_182041-768x400.jpg 768w, https:\/\/altisk-mlak.edu.hu\/wp-content\/uploads\/2025\/09\/IMG_20250926_182041-1536x800.jpg 1536w, https:\/\/altisk-mlak.edu.hu\/wp-content\/uploads\/2025\/09\/IMG_20250926_182041-2048x1066.jpg 2048w, https:\/\/altisk-mlak.edu.hu\/wp-content\/uploads\/2025\/09\/IMG_20250926_182041-600x312.jpg 600w\" sizes=\"(max-width: 604px) 100vw, 604px\" \/>Ezt k\u00f6vet\u0151en felment\u00fcnk a tavaly \u00e1tadott, vadonat\u00faj berendez\u00e9sekkel \u00e9s technik\u00e1val felszerelt, csodasz\u00e9p term\u00e9szettudom\u00e1nyi el\u0151ad\u00f3ba, ahol N\u00e9meth Zolt\u00e1n tan\u00e1r \u00far l\u00e1tv\u00e1nyos k\u00eds\u00e9rleteket mutatott be az \u00e9rdekl\u0151d\u0151knek. A f\u00e9ny- \u00e9s hanghat\u00e1ssal j\u00e1r\u00f3 reakci\u00f3k teljesen leny\u0171g\u00f6ztek benn\u00fcnket, ahogy B\u00e9la atya tortas\u00fct\u00e9se is. <\/span><\/p>\n<table style=\"border-collapse: collapse; width: 100%;\">\n<tbody>\n<tr>\n<td style=\"width: 50%;\"><img decoding=\"async\" class=\"alignleft size-medium wp-image-3453\" src=\"https:\/\/altisk-mlak.edu.hu\/wp-content\/uploads\/2025\/09\/IMG_20250926_205913-226x300.jpg\" alt=\"\" width=\"226\" height=\"300\" srcset=\"https:\/\/altisk-mlak.edu.hu\/wp-content\/uploads\/2025\/09\/IMG_20250926_205913-226x300.jpg 226w, https:\/\/altisk-mlak.edu.hu\/wp-content\/uploads\/2025\/09\/IMG_20250926_205913-771x1024.jpg 771w, https:\/\/altisk-mlak.edu.hu\/wp-content\/uploads\/2025\/09\/IMG_20250926_205913-768x1020.jpg 768w, https:\/\/altisk-mlak.edu.hu\/wp-content\/uploads\/2025\/09\/IMG_20250926_205913-1156x1536.jpg 1156w, https:\/\/altisk-mlak.edu.hu\/wp-content\/uploads\/2025\/09\/IMG_20250926_205913-1541x2048.jpg 1541w, https:\/\/altisk-mlak.edu.hu\/wp-content\/uploads\/2025\/09\/IMG_20250926_205913-452x600.jpg 452w, https:\/\/altisk-mlak.edu.hu\/wp-content\/uploads\/2025\/09\/IMG_20250926_205913-scaled.jpg 1927w\" sizes=\"(max-width: 226px) 100vw, 226px\" \/><\/td>\n<td style=\"width: 50%;\"><img decoding=\"async\" class=\"alignright size-medium wp-image-3454\" src=\"https:\/\/altisk-mlak.edu.hu\/wp-content\/uploads\/2025\/09\/IMG_20250926_205954-274x300.jpg\" alt=\"\" width=\"274\" height=\"300\" srcset=\"https:\/\/altisk-mlak.edu.hu\/wp-content\/uploads\/2025\/09\/IMG_20250926_205954-274x300.jpg 274w, https:\/\/altisk-mlak.edu.hu\/wp-content\/uploads\/2025\/09\/IMG_20250926_205954-936x1024.jpg 936w, https:\/\/altisk-mlak.edu.hu\/wp-content\/uploads\/2025\/09\/IMG_20250926_205954-768x840.jpg 768w, https:\/\/altisk-mlak.edu.hu\/wp-content\/uploads\/2025\/09\/IMG_20250926_205954-1405x1536.jpg 1405w, https:\/\/altisk-mlak.edu.hu\/wp-content\/uploads\/2025\/09\/IMG_20250926_205954-1873x2048.jpg 1873w, https:\/\/altisk-mlak.edu.hu\/wp-content\/uploads\/2025\/09\/IMG_20250926_205954-549x600.jpg 549w, https:\/\/altisk-mlak.edu.hu\/wp-content\/uploads\/2025\/09\/IMG_20250926_205954.jpg 1968w\" sizes=\"(max-width: 274px) 100vw, 274px\" \/><\/td>\n<\/tr>\n<\/tbody>\n<\/table>\n<p align=\"justify\"><span style=\"font-size: medium;\">Az atya viccesen megmutatta nek\u00fcnk, hogyan ne s\u00fcss\u00fcnk citromtort\u00e1t laborban. Az egyik k\u00eds\u00e9rlet\u00e9hez Mesics Oliv\u00e9rt v\u00e1lasztotta ki seg\u00edt\u0151t\u00e1rsnak. Oliv\u00e9r \u00fcgyesen felverte a toj\u00e1sfeh\u00e9rj\u00e9t, toj\u00e1shabja \u00e1llta a pr\u00f3b\u00e1t, feje f\u00f6l\u00e9 emelve is a t\u00e1lban maradt. Az atya arra biztatott benn\u00fcnket, ha m\u00e9gse siker\u00fclne a s\u00fctem\u00e9ny\u00fcnk, akkor menj\u00fcnk be a sp\u00e1jzba, \u00e9s vegy\u00fck ki a h\u0171t\u0151b\u0151l az el\u0151re megv\u00e1s\u00e1rolt \u00e9dess\u00e9get, abban nem csal\u00f3dunk. \u0150 is ezt tette, de csak a csomagol\u00e1st mutatta meg, \u00edgy citromtorta n\u00e9lk\u00fcl maradtunk. <\/span><\/p>\n<p align=\"justify\"><img loading=\"lazy\" decoding=\"async\" class=\"alignright wp-image-3455 size-medium\" src=\"https:\/\/altisk-mlak.edu.hu\/wp-content\/uploads\/2025\/09\/IMG_20250926_182406-e1759224258481-300x193.jpg\" alt=\"\" width=\"300\" height=\"193\" srcset=\"https:\/\/altisk-mlak.edu.hu\/wp-content\/uploads\/2025\/09\/IMG_20250926_182406-e1759224258481-300x193.jpg 300w, https:\/\/altisk-mlak.edu.hu\/wp-content\/uploads\/2025\/09\/IMG_20250926_182406-e1759224258481-1024x657.jpg 1024w, https:\/\/altisk-mlak.edu.hu\/wp-content\/uploads\/2025\/09\/IMG_20250926_182406-e1759224258481-768x493.jpg 768w, https:\/\/altisk-mlak.edu.hu\/wp-content\/uploads\/2025\/09\/IMG_20250926_182406-e1759224258481-1536x986.jpg 1536w, https:\/\/altisk-mlak.edu.hu\/wp-content\/uploads\/2025\/09\/IMG_20250926_182406-e1759224258481-2048x1314.jpg 2048w, https:\/\/altisk-mlak.edu.hu\/wp-content\/uploads\/2025\/09\/IMG_20250926_182406-e1759224258481-600x385.jpg 600w\" sizes=\"(max-width: 300px) 100vw, 300px\" \/><\/p>\n<p align=\"justify\"><span style=\"font-size: medium;\">Az emeleti el\u0151ad\u00f3ban komoly t\u00e9m\u00e1r\u00f3l esett sz\u00f3. D\u00e9ri P\u00e9ter atya Mindszenty b\u00edboros p\u00e9ldaad\u00f3, tan\u00fas\u00e1gtev\u0151 \u00e9let\u00e9r\u0151l, rend\u00edthetetlen hit\u00e9r\u0151l \u00e9s szil\u00e1rd jellem\u00e9r\u0151l mes\u00e9lt a hallgat\u00f3s\u00e1gnak. Az este nagyon kellemesen telt, sok \u00faj ismerettel, \u00e9lm\u00e9nnyel t\u00e9rt\u00fcnk haza. K\u00f6sz\u00f6nj\u00fck sz\u00e9pen a lehet\u0151s\u00e9get! <\/span><\/p>\n<p style=\"text-align: right;\"><em><span style=\"font-size: medium;\">Mezein\u00e9 Kiss Katalin<\/span><\/em><\/p>\n","protected":false},"excerpt":{"rendered":"<p>Szeptember 26-\u00e1n iskol\u00e1nk tizenh\u00e1rom f\u0151vel vett r\u00e9szt a Szent Gotth\u00e1rd Gimn\u00e1zium \u00e1ltal szervezett Kutat\u00f3k \u00e9jszak\u00e1ja c\u00edm\u0171 programon. A megnyit\u00f3 18 \u00f3rakor kezd\u0151d\u00f6tt a gimn\u00e1zium aul\u00e1j\u00e1ban. Ezt k\u00f6vet\u0151en felment\u00fcnk a tavaly \u00e1tadott, vadonat\u00faj<a class=\"moretag\" href=\"https:\/\/altisk-mlak.edu.hu\/index.php\/kutatok-ejszakajan-jartunk-2\/\">Read More&#8230;<\/a><\/p>\n","protected":false},"author":3,"featured_media":0,"comment_status":"closed","ping_status":"closed","sticky":false,"template":"","format":"standard","meta":{"two_page_speed":[],"footnotes":""},"categories":[1],"tags":[],"class_list":["post-3451","post","type-post","status-publish","format-standard","hentry","category-egyeb"],"_links":{"self":[{"href":"https:\/\/altisk-mlak.edu.hu\/index.php\/wp-json\/wp\/v2\/posts\/3451","targetHints":{"allow":["GET"]}}],"collection":[{"href":"https:\/\/altisk-mlak.edu.hu\/index.php\/wp-json\/wp\/v2\/posts"}],"about":[{"href":"https:\/\/altisk-mlak.edu.hu\/index.php\/wp-json\/wp\/v2\/types\/post"}],"author":[{"embeddable":true,"href":"https:\/\/altisk-mlak.edu.hu\/index.php\/wp-json\/wp\/v2\/users\/3"}],"replies":[{"embeddable":true,"href":"https:\/\/altisk-mlak.edu.hu\/index.php\/wp-json\/wp\/v2\/comments?post=3451"}],"version-history":[{"count":3,"href":"https:\/\/altisk-mlak.edu.hu\/index.php\/wp-json\/wp\/v2\/posts\/3451\/revisions"}],"predecessor-version":[{"id":3458,"href":"https:\/\/altisk-mlak.edu.hu\/index.php\/wp-json\/wp\/v2\/posts\/3451\/revisions\/3458"}],"wp:attachment":[{"href":"https:\/\/altisk-mlak.edu.hu\/index.php\/wp-json\/wp\/v2\/media?parent=3451"}],"wp:term":[{"taxonomy":"category","embeddable":true,"href":"https:\/\/altisk-mlak.edu.hu\/index.php\/wp-json\/wp\/v2\/categories?post=3451"},{"taxonomy":"post_tag","embeddable":true,"href":"https:\/\/altisk-mlak.edu.hu\/index.php\/wp-json\/wp\/v2\/tags?post=3451"}],"curies":[{"name":"wp","href":"https:\/\/api.w.org\/{rel}","templated":true}]}}