{"id":3459,"date":"2025-09-30T09:40:26","date_gmt":"2025-09-30T09:40:26","guid":{"rendered":"https:\/\/altisk-mlak.edu.hu\/?p=3459"},"modified":"2025-10-01T09:18:46","modified_gmt":"2025-10-01T09:18:46","slug":"ugyesen-szerepeltunk-a-csorotneki-szureti-mulatsagon-2","status":"publish","type":"post","link":"https:\/\/altisk-mlak.edu.hu\/index.php\/ugyesen-szerepeltunk-a-csorotneki-szureti-mulatsagon-2\/","title":{"rendered":"\u00dcgyesen szerepelt\u00fcnk a Cs\u00f6r\u00f6tneki Sz\u00fcreti Mulats\u00e1gon"},"content":{"rendered":"<p align=\"justify\">A Magyarlak-Cs\u00f6r\u00f6tnek \u00c1ltal\u00e1nos Iskola \u00e9let\u00e9ben kiemelt szerepet kap a hagyom\u00e1nyok \u0151rz\u00e9se \u00e9s az \u00e9rt\u00e9kment\u00e9s, \u00edgy m\u00e1r \u00e9vek \u00f3ta akt\u00edv szerepet v\u00e1llalunk az \u00e9rintett telep\u00fcl\u00e9sek (Magyarlak, Cs\u00f6r\u00f6tnek) nagyrendezv\u00e9nyein. Szeptember 27-\u00e9n a 20. Cs\u00f6r\u00f6tneki Sz\u00fcreti Vigadalomban vett\u00fcnk r\u00e9szt: csatlakoztunk a n\u00e9pes sz\u00fcreti felvonul\u00e1shoz \u00e9s a kultur\u00e1lis m\u0171sorban is szerepelt\u00fcnk. A rendezv\u00e9nyen deb\u00fct\u00e1lt a k\u00e9t hete alakult n\u00e9pt\u00e1nccsoportunk.<\/p>\n<table style=\"border-collapse: collapse; width: 100%;\">\n<tbody>\n<tr>\n<td style=\"width: 50%;\"><img fetchpriority=\"high\" decoding=\"async\" class=\"aligncenter size-medium wp-image-3463\" src=\"https:\/\/altisk-mlak.edu.hu\/wp-content\/uploads\/2025\/09\/1000014741-300x246.jpg\" alt=\"\" width=\"300\" height=\"246\" srcset=\"https:\/\/altisk-mlak.edu.hu\/wp-content\/uploads\/2025\/09\/1000014741-300x246.jpg 300w, https:\/\/altisk-mlak.edu.hu\/wp-content\/uploads\/2025\/09\/1000014741-1024x838.jpg 1024w, https:\/\/altisk-mlak.edu.hu\/wp-content\/uploads\/2025\/09\/1000014741-768x629.jpg 768w, https:\/\/altisk-mlak.edu.hu\/wp-content\/uploads\/2025\/09\/1000014741-600x491.jpg 600w, https:\/\/altisk-mlak.edu.hu\/wp-content\/uploads\/2025\/09\/1000014741.jpg 1500w\" sizes=\"(max-width: 300px) 100vw, 300px\" \/><\/td>\n<td style=\"width: 50%;\"><img decoding=\"async\" class=\"aligncenter size-medium wp-image-3462\" src=\"https:\/\/altisk-mlak.edu.hu\/wp-content\/uploads\/2025\/09\/1000014740-300x200.jpg\" alt=\"\" width=\"300\" height=\"200\" srcset=\"https:\/\/altisk-mlak.edu.hu\/wp-content\/uploads\/2025\/09\/1000014740-300x200.jpg 300w, https:\/\/altisk-mlak.edu.hu\/wp-content\/uploads\/2025\/09\/1000014740-1024x682.jpg 1024w, https:\/\/altisk-mlak.edu.hu\/wp-content\/uploads\/2025\/09\/1000014740-768x511.jpg 768w, https:\/\/altisk-mlak.edu.hu\/wp-content\/uploads\/2025\/09\/1000014740-600x400.jpg 600w, https:\/\/altisk-mlak.edu.hu\/wp-content\/uploads\/2025\/09\/1000014740-272x182.jpg 272w, https:\/\/altisk-mlak.edu.hu\/wp-content\/uploads\/2025\/09\/1000014740.jpg 1500w\" sizes=\"(max-width: 300px) 100vw, 300px\" \/><\/td>\n<\/tr>\n<tr>\n<td style=\"width: 50%;\"><img decoding=\"async\" class=\"aligncenter size-medium wp-image-3461\" src=\"https:\/\/altisk-mlak.edu.hu\/wp-content\/uploads\/2025\/09\/1000014718-300x157.jpg\" alt=\"\" width=\"300\" height=\"157\" srcset=\"https:\/\/altisk-mlak.edu.hu\/wp-content\/uploads\/2025\/09\/1000014718-300x157.jpg 300w, https:\/\/altisk-mlak.edu.hu\/wp-content\/uploads\/2025\/09\/1000014718-1024x536.jpg 1024w, https:\/\/altisk-mlak.edu.hu\/wp-content\/uploads\/2025\/09\/1000014718-768x402.jpg 768w, https:\/\/altisk-mlak.edu.hu\/wp-content\/uploads\/2025\/09\/1000014718-600x314.jpg 600w, https:\/\/altisk-mlak.edu.hu\/wp-content\/uploads\/2025\/09\/1000014718.jpg 1175w\" sizes=\"(max-width: 300px) 100vw, 300px\" \/><\/td>\n<td style=\"width: 50%;\"><img loading=\"lazy\" decoding=\"async\" class=\"aligncenter size-medium wp-image-3460\" src=\"https:\/\/altisk-mlak.edu.hu\/wp-content\/uploads\/2025\/09\/1000014743-300x183.jpg\" alt=\"\" width=\"300\" height=\"183\" srcset=\"https:\/\/altisk-mlak.edu.hu\/wp-content\/uploads\/2025\/09\/1000014743-300x183.jpg 300w, https:\/\/altisk-mlak.edu.hu\/wp-content\/uploads\/2025\/09\/1000014743-1024x625.jpg 1024w, https:\/\/altisk-mlak.edu.hu\/wp-content\/uploads\/2025\/09\/1000014743-768x469.jpg 768w, https:\/\/altisk-mlak.edu.hu\/wp-content\/uploads\/2025\/09\/1000014743-600x366.jpg 600w, https:\/\/altisk-mlak.edu.hu\/wp-content\/uploads\/2025\/09\/1000014743.jpg 1081w\" sizes=\"(max-width: 300px) 100vw, 300px\" \/><\/td>\n<\/tr>\n<\/tbody>\n<\/table>\n<p align=\"justify\">Erre az alkalomra h\u00e1rom n\u00e9pi j\u00e1t\u00e9kkal k\u00e9sz\u00fcltek a gyermekek, melyeket alkalomhoz ill\u0151, sz\u00fcreti n\u00e9pdalok k\u00eds\u00e9rtek. A tanul\u00f3kat H\u00e1rin\u00e9 D\u00fch Katalin tan\u00edt\u00f3n\u0151 k\u00e9sz\u00edtette fel. Dics\u00e9ret illeti a csoport tagjait, hogy a t\u00e1ncban \u00edgy remekeltek, \u00e9s megmutatt\u00e1k, hogy kis id\u0151 alatt is milyen sok mindent meg lehet tanulni az iskol\u00e1ban.<\/p>\n<p style=\"text-align: right;\"><em>Mezein\u00e9 Kiss Katalin<\/em><\/p>\n","protected":false},"excerpt":{"rendered":"<p>A Magyarlak-Cs\u00f6r\u00f6tnek \u00c1ltal\u00e1nos Iskola \u00e9let\u00e9ben kiemelt szerepet kap a hagyom\u00e1nyok \u0151rz\u00e9se \u00e9s az \u00e9rt\u00e9kment\u00e9s, \u00edgy m\u00e1r \u00e9vek \u00f3ta akt\u00edv szerepet v\u00e1llalunk az \u00e9rintett telep\u00fcl\u00e9sek (Magyarlak, Cs\u00f6r\u00f6tnek) nagyrendezv\u00e9nyein. Szeptember 27-\u00e9n a 20. Cs\u00f6r\u00f6tneki<a class=\"moretag\" href=\"https:\/\/altisk-mlak.edu.hu\/index.php\/ugyesen-szerepeltunk-a-csorotneki-szureti-mulatsagon-2\/\">Read More&#8230;<\/a><\/p>\n","protected":false},"author":3,"featured_media":0,"comment_status":"closed","ping_status":"closed","sticky":false,"template":"","format":"standard","meta":{"two_page_speed":[],"footnotes":""},"categories":[1],"tags":[],"class_list":["post-3459","post","type-post","status-publish","format-standard","hentry","category-egyeb"],"_links":{"self":[{"href":"https:\/\/altisk-mlak.edu.hu\/index.php\/wp-json\/wp\/v2\/posts\/3459","targetHints":{"allow":["GET"]}}],"collection":[{"href":"https:\/\/altisk-mlak.edu.hu\/index.php\/wp-json\/wp\/v2\/posts"}],"about":[{"href":"https:\/\/altisk-mlak.edu.hu\/index.php\/wp-json\/wp\/v2\/types\/post"}],"author":[{"embeddable":true,"href":"https:\/\/altisk-mlak.edu.hu\/index.php\/wp-json\/wp\/v2\/users\/3"}],"replies":[{"embeddable":true,"href":"https:\/\/altisk-mlak.edu.hu\/index.php\/wp-json\/wp\/v2\/comments?post=3459"}],"version-history":[{"count":1,"href":"https:\/\/altisk-mlak.edu.hu\/index.php\/wp-json\/wp\/v2\/posts\/3459\/revisions"}],"predecessor-version":[{"id":3464,"href":"https:\/\/altisk-mlak.edu.hu\/index.php\/wp-json\/wp\/v2\/posts\/3459\/revisions\/3464"}],"wp:attachment":[{"href":"https:\/\/altisk-mlak.edu.hu\/index.php\/wp-json\/wp\/v2\/media?parent=3459"}],"wp:term":[{"taxonomy":"category","embeddable":true,"href":"https:\/\/altisk-mlak.edu.hu\/index.php\/wp-json\/wp\/v2\/categories?post=3459"},{"taxonomy":"post_tag","embeddable":true,"href":"https:\/\/altisk-mlak.edu.hu\/index.php\/wp-json\/wp\/v2\/tags?post=3459"}],"curies":[{"name":"wp","href":"https:\/\/api.w.org\/{rel}","templated":true}]}}