{"id":3501,"date":"2025-10-06T07:08:16","date_gmt":"2025-10-06T07:08:16","guid":{"rendered":"https:\/\/altisk-mlak.edu.hu\/?p=3501"},"modified":"2025-10-07T11:33:54","modified_gmt":"2025-10-07T11:33:54","slug":"mese-mese-matka-a-magyar-nepmese-napja","status":"publish","type":"post","link":"https:\/\/altisk-mlak.edu.hu\/index.php\/mese-mese-matka-a-magyar-nepmese-napja\/","title":{"rendered":",,Mese, mese m\u00e1tka&#8230; &#8221; A Magyar N\u00e9pmese Napja"},"content":{"rendered":"<p align=\"justify\"><img fetchpriority=\"high\" decoding=\"async\" class=\"alignleft size-medium wp-image-3506\" src=\"https:\/\/altisk-mlak.edu.hu\/wp-content\/uploads\/2025\/10\/1000015000-226x300.jpg\" alt=\"\" width=\"226\" height=\"300\" srcset=\"https:\/\/altisk-mlak.edu.hu\/wp-content\/uploads\/2025\/10\/1000015000-226x300.jpg 226w, https:\/\/altisk-mlak.edu.hu\/wp-content\/uploads\/2025\/10\/1000015000-771x1024.jpg 771w, https:\/\/altisk-mlak.edu.hu\/wp-content\/uploads\/2025\/10\/1000015000-768x1019.jpg 768w, https:\/\/altisk-mlak.edu.hu\/wp-content\/uploads\/2025\/10\/1000015000-1157x1536.jpg 1157w, https:\/\/altisk-mlak.edu.hu\/wp-content\/uploads\/2025\/10\/1000015000-1543x2048.jpg 1543w, https:\/\/altisk-mlak.edu.hu\/wp-content\/uploads\/2025\/10\/1000015000-452x600.jpg 452w, https:\/\/altisk-mlak.edu.hu\/wp-content\/uploads\/2025\/10\/1000015000-scaled.jpg 1929w\" sizes=\"(max-width: 226px) 100vw, 226px\" \/><\/p>\n<p align=\"justify\">2025. szeptember 30-\u00e1n, \u201eA Magyar N\u00e9pmese Napja\u201d alkalm\u00e1b\u00f3l a Magyarlak-Cs\u00f6r\u00f6tnek \u00c1ltal\u00e1nos Iskola als\u00f3 tagozatos kisdi\u00e1kjai a Kalimpa Sz\u00ednh\u00e1z S\u00f3mese c. el\u0151ad\u00e1s\u00e1t tekintette meg a R\u00e1bagyarmati Kult\u00farh\u00e1z nagyterm\u00e9ben. A n\u00e9pmes\u00e9k vil\u00e1ga ma is arra tan\u00edt benn\u00fcnket, hogyan \u0151rizz\u00fck meg \u00e9s adjuk tov\u00e1bb kultur\u00e1lis \u00e9rt\u00e9keinket a feln\u00f6vekv\u0151 gener\u00e1ci\u00f3k sz\u00e1m\u00e1ra. A sz\u00ednvonalas b\u00e1bj\u00e1t\u00e9kon kereszt\u00fcl a mes\u00e9ben szerepl\u0151 sz\u00f3fordulatokkal, r\u00e9gies sz\u00f3haszn\u00e1lattal gazdagodott a gyermekek sz\u00f3kincse. A j\u00e1t\u00e9k k\u00f6zben felcsend\u00fcl\u0151 n\u00e9pdalok seg\u00edtett\u00e9k az \u00e9rzelmi r\u00e1hangol\u00f3d\u00e1st, feloldott\u00e1k a fesz\u00fclts\u00e9get \u00e9s az igazs\u00e1goss\u00e1g meg\u00e9rt\u00e9s\u00e9t is t\u00e1mogatt\u00e1k. A n\u00e9pmes\u00e9k sokr\u00e9t\u0171 fejleszt\u0151 hat\u00e1sa felbecs\u00fclhetetlen kincs, ez\u00e9rt minden alkalmat meg kell ragadni, hogy tanul\u00f3ink ebbe a var\u00e1zslatos vil\u00e1gba min\u00e9l gyakrabban elmer\u00fclhessenek. Ez a d\u00e9lel\u0151tt csod\u00e1latos p\u00e9lda volt erre. K\u00f6sz\u00f6nj\u00fck sz\u00e9pen a lehet\u0151s\u00e9get!<\/p>\n<p style=\"text-align: right;\" align=\"justify\"><em>B\u00e1lintn\u00e9 Pados Andrea<\/em><\/p>\n<table style=\"border-collapse: collapse; width: 100%;\">\n<tbody>\n<tr>\n<td style=\"width: 50%;\"><img decoding=\"async\" class=\"aligncenter size-medium wp-image-3505\" src=\"https:\/\/altisk-mlak.edu.hu\/wp-content\/uploads\/2025\/10\/1000015001-300x257.jpg\" alt=\"\" width=\"300\" height=\"257\" srcset=\"https:\/\/altisk-mlak.edu.hu\/wp-content\/uploads\/2025\/10\/1000015001-300x257.jpg 300w, https:\/\/altisk-mlak.edu.hu\/wp-content\/uploads\/2025\/10\/1000015001-1024x876.jpg 1024w, https:\/\/altisk-mlak.edu.hu\/wp-content\/uploads\/2025\/10\/1000015001-768x657.jpg 768w, https:\/\/altisk-mlak.edu.hu\/wp-content\/uploads\/2025\/10\/1000015001-1536x1314.jpg 1536w, https:\/\/altisk-mlak.edu.hu\/wp-content\/uploads\/2025\/10\/1000015001-2048x1752.jpg 2048w, https:\/\/altisk-mlak.edu.hu\/wp-content\/uploads\/2025\/10\/1000015001-600x513.jpg 600w\" sizes=\"(max-width: 300px) 100vw, 300px\" \/><\/td>\n<td style=\"width: 50%;\"><img decoding=\"async\" class=\"aligncenter size-medium wp-image-3504\" src=\"https:\/\/altisk-mlak.edu.hu\/wp-content\/uploads\/2025\/10\/1000014992-225x300.jpg\" alt=\"\" width=\"225\" height=\"300\" srcset=\"https:\/\/altisk-mlak.edu.hu\/wp-content\/uploads\/2025\/10\/1000014992-225x300.jpg 225w, https:\/\/altisk-mlak.edu.hu\/wp-content\/uploads\/2025\/10\/1000014992-768x1024.jpg 768w, https:\/\/altisk-mlak.edu.hu\/wp-content\/uploads\/2025\/10\/1000014992-1152x1536.jpg 1152w, https:\/\/altisk-mlak.edu.hu\/wp-content\/uploads\/2025\/10\/1000014992-1536x2048.jpg 1536w, https:\/\/altisk-mlak.edu.hu\/wp-content\/uploads\/2025\/10\/1000014992-450x600.jpg 450w, https:\/\/altisk-mlak.edu.hu\/wp-content\/uploads\/2025\/10\/1000014992-scaled.jpg 1920w\" sizes=\"(max-width: 225px) 100vw, 225px\" \/><\/td>\n<\/tr>\n<tr>\n<td style=\"width: 50%;\"><img loading=\"lazy\" decoding=\"async\" class=\"aligncenter size-medium wp-image-3503\" src=\"https:\/\/altisk-mlak.edu.hu\/wp-content\/uploads\/2025\/10\/1000014988-225x300.jpg\" alt=\"\" width=\"225\" height=\"300\" srcset=\"https:\/\/altisk-mlak.edu.hu\/wp-content\/uploads\/2025\/10\/1000014988-225x300.jpg 225w, https:\/\/altisk-mlak.edu.hu\/wp-content\/uploads\/2025\/10\/1000014988-768x1024.jpg 768w, https:\/\/altisk-mlak.edu.hu\/wp-content\/uploads\/2025\/10\/1000014988-1152x1536.jpg 1152w, https:\/\/altisk-mlak.edu.hu\/wp-content\/uploads\/2025\/10\/1000014988-1536x2048.jpg 1536w, https:\/\/altisk-mlak.edu.hu\/wp-content\/uploads\/2025\/10\/1000014988-450x600.jpg 450w, https:\/\/altisk-mlak.edu.hu\/wp-content\/uploads\/2025\/10\/1000014988-scaled.jpg 1920w\" sizes=\"(max-width: 225px) 100vw, 225px\" \/><\/td>\n<td style=\"width: 50%;\"><img loading=\"lazy\" decoding=\"async\" class=\"aligncenter size-medium wp-image-3502\" src=\"https:\/\/altisk-mlak.edu.hu\/wp-content\/uploads\/2025\/10\/1000014986-225x300.jpg\" alt=\"\" width=\"225\" height=\"300\" srcset=\"https:\/\/altisk-mlak.edu.hu\/wp-content\/uploads\/2025\/10\/1000014986-225x300.jpg 225w, https:\/\/altisk-mlak.edu.hu\/wp-content\/uploads\/2025\/10\/1000014986-768x1024.jpg 768w, https:\/\/altisk-mlak.edu.hu\/wp-content\/uploads\/2025\/10\/1000014986-1152x1536.jpg 1152w, https:\/\/altisk-mlak.edu.hu\/wp-content\/uploads\/2025\/10\/1000014986-1536x2048.jpg 1536w, https:\/\/altisk-mlak.edu.hu\/wp-content\/uploads\/2025\/10\/1000014986-450x600.jpg 450w, https:\/\/altisk-mlak.edu.hu\/wp-content\/uploads\/2025\/10\/1000014986-scaled.jpg 1920w\" sizes=\"(max-width: 225px) 100vw, 225px\" \/><\/td>\n<\/tr>\n<\/tbody>\n<\/table>\n<p align=\"justify\">\n","protected":false},"excerpt":{"rendered":"<p>2025. szeptember 30-\u00e1n, \u201eA Magyar N\u00e9pmese Napja\u201d alkalm\u00e1b\u00f3l a Magyarlak-Cs\u00f6r\u00f6tnek \u00c1ltal\u00e1nos Iskola als\u00f3 tagozatos kisdi\u00e1kjai a Kalimpa Sz\u00ednh\u00e1z S\u00f3mese c. el\u0151ad\u00e1s\u00e1t tekintette meg a R\u00e1bagyarmati Kult\u00farh\u00e1z nagyterm\u00e9ben. A n\u00e9pmes\u00e9k vil\u00e1ga ma is<a class=\"moretag\" href=\"https:\/\/altisk-mlak.edu.hu\/index.php\/mese-mese-matka-a-magyar-nepmese-napja\/\">Read More&#8230;<\/a><\/p>\n","protected":false},"author":3,"featured_media":0,"comment_status":"closed","ping_status":"closed","sticky":false,"template":"","format":"standard","meta":{"two_page_speed":[],"footnotes":""},"categories":[1],"tags":[],"class_list":["post-3501","post","type-post","status-publish","format-standard","hentry","category-egyeb"],"_links":{"self":[{"href":"https:\/\/altisk-mlak.edu.hu\/index.php\/wp-json\/wp\/v2\/posts\/3501","targetHints":{"allow":["GET"]}}],"collection":[{"href":"https:\/\/altisk-mlak.edu.hu\/index.php\/wp-json\/wp\/v2\/posts"}],"about":[{"href":"https:\/\/altisk-mlak.edu.hu\/index.php\/wp-json\/wp\/v2\/types\/post"}],"author":[{"embeddable":true,"href":"https:\/\/altisk-mlak.edu.hu\/index.php\/wp-json\/wp\/v2\/users\/3"}],"replies":[{"embeddable":true,"href":"https:\/\/altisk-mlak.edu.hu\/index.php\/wp-json\/wp\/v2\/comments?post=3501"}],"version-history":[{"count":3,"href":"https:\/\/altisk-mlak.edu.hu\/index.php\/wp-json\/wp\/v2\/posts\/3501\/revisions"}],"predecessor-version":[{"id":3509,"href":"https:\/\/altisk-mlak.edu.hu\/index.php\/wp-json\/wp\/v2\/posts\/3501\/revisions\/3509"}],"wp:attachment":[{"href":"https:\/\/altisk-mlak.edu.hu\/index.php\/wp-json\/wp\/v2\/media?parent=3501"}],"wp:term":[{"taxonomy":"category","embeddable":true,"href":"https:\/\/altisk-mlak.edu.hu\/index.php\/wp-json\/wp\/v2\/categories?post=3501"},{"taxonomy":"post_tag","embeddable":true,"href":"https:\/\/altisk-mlak.edu.hu\/index.php\/wp-json\/wp\/v2\/tags?post=3501"}],"curies":[{"name":"wp","href":"https:\/\/api.w.org\/{rel}","templated":true}]}}