{"id":3510,"date":"2025-10-07T11:39:02","date_gmt":"2025-10-07T11:39:02","guid":{"rendered":"https:\/\/altisk-mlak.edu.hu\/?p=3510"},"modified":"2025-10-07T11:39:16","modified_gmt":"2025-10-07T11:39:16","slug":"termenyaldas-es-halaadas-a-teremtesvedelmi-napon","status":"publish","type":"post","link":"https:\/\/altisk-mlak.edu.hu\/index.php\/termenyaldas-es-halaadas-a-teremtesvedelmi-napon\/","title":{"rendered":"Term\u00e9ny\u00e1ld\u00e1s \u00e9s h\u00e1laad\u00e1s a Teremt\u00e9sv\u00e9delmi napon"},"content":{"rendered":"<p align=\"justify\"><img fetchpriority=\"high\" decoding=\"async\" class=\"alignleft size-medium wp-image-3512\" src=\"https:\/\/altisk-mlak.edu.hu\/wp-content\/uploads\/2025\/10\/dee416a7-aa48-4b26-b4bd-6ee5cc4750eb-300x225.jpg\" alt=\"\" width=\"300\" height=\"225\" srcset=\"https:\/\/altisk-mlak.edu.hu\/wp-content\/uploads\/2025\/10\/dee416a7-aa48-4b26-b4bd-6ee5cc4750eb-300x225.jpg 300w, https:\/\/altisk-mlak.edu.hu\/wp-content\/uploads\/2025\/10\/dee416a7-aa48-4b26-b4bd-6ee5cc4750eb-1024x768.jpg 1024w, https:\/\/altisk-mlak.edu.hu\/wp-content\/uploads\/2025\/10\/dee416a7-aa48-4b26-b4bd-6ee5cc4750eb-768x576.jpg 768w, https:\/\/altisk-mlak.edu.hu\/wp-content\/uploads\/2025\/10\/dee416a7-aa48-4b26-b4bd-6ee5cc4750eb-1536x1152.jpg 1536w, https:\/\/altisk-mlak.edu.hu\/wp-content\/uploads\/2025\/10\/dee416a7-aa48-4b26-b4bd-6ee5cc4750eb-600x450.jpg 600w, https:\/\/altisk-mlak.edu.hu\/wp-content\/uploads\/2025\/10\/dee416a7-aa48-4b26-b4bd-6ee5cc4750eb.jpg 2048w\" sizes=\"(max-width: 300px) 100vw, 300px\" \/>Szeptember 30-\u00e1n, kedd reggel az els\u0151 tan\u00edt\u00e1si percekben k\u00f6z\u00f6sen eml\u00e9kezt\u00fcnk meg a Teremt\u00e9sv\u00e9delem napj\u00e1r\u00f3l. Az aula emeleti r\u00e9sz\u00e9ben Kov\u00e1cs Zsuzsa n\u00e9ni gy\u00f6ny\u00f6r\u0171, t\u00f6bbszintes olt\u00e1rt \u00e1ll\u00edtott \u00f6ssze az iskolakert term\u00e9nyeib\u0151l, valamint a di\u00e1kok \u00e1ltal otthonr\u00f3l hozott gy\u00fcm\u00f6lcs\u00f6kb\u0151l \u00e9s z\u00f6lds\u00e9gekb\u0151l. A r\u00f6vid liturgia a \u201eMinden, mi \u00e9l, csak T\u00e9ged hirdet\u2026\u201d kezdet\u0171 \u00e9nekkel indult, majd Gyula atya az olt\u00e1r k\u00f6zep\u00e9n olvashat\u00f3 \u201eAz \u00dar adta\u201d felirat kapcs\u00e1n osztotta meg gondolatait.<\/p>\n<table style=\"border-collapse: collapse; width: 100%;\">\n<tbody>\n<tr>\n<td style=\"width: 50%;\"><img decoding=\"async\" class=\"alignleft size-medium wp-image-3513\" src=\"https:\/\/altisk-mlak.edu.hu\/wp-content\/uploads\/2025\/10\/e231c6a1-6ef4-4a84-bf81-89a47baa6d22-300x225.jpg\" alt=\"\" width=\"300\" height=\"225\" srcset=\"https:\/\/altisk-mlak.edu.hu\/wp-content\/uploads\/2025\/10\/e231c6a1-6ef4-4a84-bf81-89a47baa6d22-300x225.jpg 300w, https:\/\/altisk-mlak.edu.hu\/wp-content\/uploads\/2025\/10\/e231c6a1-6ef4-4a84-bf81-89a47baa6d22-1024x768.jpg 1024w, https:\/\/altisk-mlak.edu.hu\/wp-content\/uploads\/2025\/10\/e231c6a1-6ef4-4a84-bf81-89a47baa6d22-768x576.jpg 768w, https:\/\/altisk-mlak.edu.hu\/wp-content\/uploads\/2025\/10\/e231c6a1-6ef4-4a84-bf81-89a47baa6d22-1536x1152.jpg 1536w, https:\/\/altisk-mlak.edu.hu\/wp-content\/uploads\/2025\/10\/e231c6a1-6ef4-4a84-bf81-89a47baa6d22-600x450.jpg 600w, https:\/\/altisk-mlak.edu.hu\/wp-content\/uploads\/2025\/10\/e231c6a1-6ef4-4a84-bf81-89a47baa6d22.jpg 2048w\" sizes=\"(max-width: 300px) 100vw, 300px\" \/><\/td>\n<td style=\"width: 50%;\"><img decoding=\"async\" class=\"alignleft size-medium wp-image-3511\" src=\"https:\/\/altisk-mlak.edu.hu\/wp-content\/uploads\/2025\/10\/85716e5c-1c2c-479f-bba3-e55c57e3e120-300x225.jpg\" alt=\"\" width=\"300\" height=\"225\" srcset=\"https:\/\/altisk-mlak.edu.hu\/wp-content\/uploads\/2025\/10\/85716e5c-1c2c-479f-bba3-e55c57e3e120-300x225.jpg 300w, https:\/\/altisk-mlak.edu.hu\/wp-content\/uploads\/2025\/10\/85716e5c-1c2c-479f-bba3-e55c57e3e120-1024x768.jpg 1024w, https:\/\/altisk-mlak.edu.hu\/wp-content\/uploads\/2025\/10\/85716e5c-1c2c-479f-bba3-e55c57e3e120-768x576.jpg 768w, https:\/\/altisk-mlak.edu.hu\/wp-content\/uploads\/2025\/10\/85716e5c-1c2c-479f-bba3-e55c57e3e120-1536x1152.jpg 1536w, https:\/\/altisk-mlak.edu.hu\/wp-content\/uploads\/2025\/10\/85716e5c-1c2c-479f-bba3-e55c57e3e120-600x450.jpg 600w, https:\/\/altisk-mlak.edu.hu\/wp-content\/uploads\/2025\/10\/85716e5c-1c2c-479f-bba3-e55c57e3e120.jpg 2048w\" sizes=\"(max-width: 300px) 100vw, 300px\" \/><\/td>\n<\/tr>\n<\/tbody>\n<\/table>\n<p align=\"justify\">Eml\u00e9keztetett r\u00e1, hogy mindaz, amink van, Isten aj\u00e1nd\u00e9ka, ez\u00e9rt sz\u00edvb\u0151l kell h\u00e1l\u00e1t adnunk \u00e9rte. Az \u00e1ld\u00e1s szavai ut\u00e1n a term\u00e9nyeket, valamint az \u00f6sszegy\u0171lt tanul\u00f3kat \u00e9s tan\u00e1rokat is meghintette szentelt v\u00edzzel. A k\u00f6z\u00f6s im\u00e1ds\u00e1got keresztvet\u00e9ssel z\u00e1rtuk, h\u00e1l\u00e1val a Teremt\u0151 fel\u00e9 mindaz\u00e9rt, amivel \u00e9let\u00fcnket gazdag\u00edtja.<\/p>\n<p style=\"text-align: right;\" align=\"justify\">\n","protected":false},"excerpt":{"rendered":"<p>Szeptember 30-\u00e1n, kedd reggel az els\u0151 tan\u00edt\u00e1si percekben k\u00f6z\u00f6sen eml\u00e9kezt\u00fcnk meg a Teremt\u00e9sv\u00e9delem napj\u00e1r\u00f3l. Az aula emeleti r\u00e9sz\u00e9ben Kov\u00e1cs Zsuzsa n\u00e9ni gy\u00f6ny\u00f6r\u0171, t\u00f6bbszintes olt\u00e1rt \u00e1ll\u00edtott \u00f6ssze az iskolakert term\u00e9nyeib\u0151l, valamint a di\u00e1kok<a class=\"moretag\" href=\"https:\/\/altisk-mlak.edu.hu\/index.php\/termenyaldas-es-halaadas-a-teremtesvedelmi-napon\/\">Read More&#8230;<\/a><\/p>\n","protected":false},"author":3,"featured_media":0,"comment_status":"closed","ping_status":"closed","sticky":false,"template":"","format":"standard","meta":{"two_page_speed":[],"footnotes":""},"categories":[1],"tags":[],"class_list":["post-3510","post","type-post","status-publish","format-standard","hentry","category-egyeb"],"_links":{"self":[{"href":"https:\/\/altisk-mlak.edu.hu\/index.php\/wp-json\/wp\/v2\/posts\/3510","targetHints":{"allow":["GET"]}}],"collection":[{"href":"https:\/\/altisk-mlak.edu.hu\/index.php\/wp-json\/wp\/v2\/posts"}],"about":[{"href":"https:\/\/altisk-mlak.edu.hu\/index.php\/wp-json\/wp\/v2\/types\/post"}],"author":[{"embeddable":true,"href":"https:\/\/altisk-mlak.edu.hu\/index.php\/wp-json\/wp\/v2\/users\/3"}],"replies":[{"embeddable":true,"href":"https:\/\/altisk-mlak.edu.hu\/index.php\/wp-json\/wp\/v2\/comments?post=3510"}],"version-history":[{"count":1,"href":"https:\/\/altisk-mlak.edu.hu\/index.php\/wp-json\/wp\/v2\/posts\/3510\/revisions"}],"predecessor-version":[{"id":3514,"href":"https:\/\/altisk-mlak.edu.hu\/index.php\/wp-json\/wp\/v2\/posts\/3510\/revisions\/3514"}],"wp:attachment":[{"href":"https:\/\/altisk-mlak.edu.hu\/index.php\/wp-json\/wp\/v2\/media?parent=3510"}],"wp:term":[{"taxonomy":"category","embeddable":true,"href":"https:\/\/altisk-mlak.edu.hu\/index.php\/wp-json\/wp\/v2\/categories?post=3510"},{"taxonomy":"post_tag","embeddable":true,"href":"https:\/\/altisk-mlak.edu.hu\/index.php\/wp-json\/wp\/v2\/tags?post=3510"}],"curies":[{"name":"wp","href":"https:\/\/api.w.org\/{rel}","templated":true}]}}