{"id":3515,"date":"2025-10-07T11:47:04","date_gmt":"2025-10-07T11:47:04","guid":{"rendered":"https:\/\/altisk-mlak.edu.hu\/?p=3515"},"modified":"2025-10-08T06:03:54","modified_gmt":"2025-10-08T06:03:54","slug":"szabadsag-egyenloseg-testveriseg","status":"publish","type":"post","link":"https:\/\/altisk-mlak.edu.hu\/index.php\/szabadsag-egyenloseg-testveriseg\/","title":{"rendered":"Szabads\u00e1g, egyenl\u0151s\u00e9g, testv\u00e9ris\u00e9g!"},"content":{"rendered":"<p align=\"justify\"><img decoding=\"async\" class=\"alignleft wp-image-3518 size-thumbnail\" src=\"https:\/\/altisk-mlak.edu.hu\/wp-content\/uploads\/2025\/10\/IMG_20251006_215219-150x150.jpg\" alt=\"\" width=\"150\" height=\"150\" \/>Ma, okt\u00f3ber 6-\u00e1n nemzeti gy\u00e1sznap van Magyarorsz\u00e1gon. Kicsi m\u0171sorunkkal m\u00e9lt\u00f3k\u00e9ppen eml\u00e9kezt\u00fcnk meg iskol\u00e1nkban az aradi v\u00e9rtan\u00fakr\u00f3l, \u00e9s a t\u00f6bbi \u00e1ldozatr\u00f3l. Sokan v\u00e9r\u00fcket \u00e9s \u00e9let\u00fcket \u00e1ldozt\u00e1k a magyar n\u00e9p szabads\u00e1g\u00e1\u00e9rt az 1848-49-es forradalom \u00e9s szabads\u00e1gharc alatt, \u00e9s a lever\u00e9s\u00e9t k\u00f6vet\u0151 megtorl\u00e1s sor\u00e1n. K\u00f6sz\u00f6nj\u00fck a magyar szakk\u00f6r\u00f6s\u00f6knek \u00e9s az \u00e9nekkarosoknak a szerepl\u00e9s\u00e9t, a felk\u00e9sz\u00edt\u0151 tan\u00e1roknak a munk\u00e1j\u00e1t.<\/p>\n<table style=\"border-collapse: collapse; width: 100%; height: 28px;\">\n<tbody>\n<tr style=\"height: 28px;\">\n<td style=\"width: 50%; height: 28px;\"><img fetchpriority=\"high\" decoding=\"async\" class=\"alignleft size-medium wp-image-3517\" src=\"https:\/\/altisk-mlak.edu.hu\/wp-content\/uploads\/2025\/10\/IMG_20251006_215048-300x200.jpg\" alt=\"\" width=\"300\" height=\"200\" srcset=\"https:\/\/altisk-mlak.edu.hu\/wp-content\/uploads\/2025\/10\/IMG_20251006_215048-300x200.jpg 300w, https:\/\/altisk-mlak.edu.hu\/wp-content\/uploads\/2025\/10\/IMG_20251006_215048-1024x684.jpg 1024w, https:\/\/altisk-mlak.edu.hu\/wp-content\/uploads\/2025\/10\/IMG_20251006_215048-768x513.jpg 768w, https:\/\/altisk-mlak.edu.hu\/wp-content\/uploads\/2025\/10\/IMG_20251006_215048-1536x1026.jpg 1536w, https:\/\/altisk-mlak.edu.hu\/wp-content\/uploads\/2025\/10\/IMG_20251006_215048-2048x1368.jpg 2048w, https:\/\/altisk-mlak.edu.hu\/wp-content\/uploads\/2025\/10\/IMG_20251006_215048-600x401.jpg 600w, https:\/\/altisk-mlak.edu.hu\/wp-content\/uploads\/2025\/10\/IMG_20251006_215048-272x182.jpg 272w\" sizes=\"(max-width: 300px) 100vw, 300px\" \/><\/td>\n<td style=\"width: 50%; height: 28px;\"><img decoding=\"async\" class=\"alignleft wp-image-3516 size-medium\" src=\"https:\/\/altisk-mlak.edu.hu\/wp-content\/uploads\/2025\/10\/IMG_20251006_214633-e1759837577862-300x197.jpg\" alt=\"\" width=\"300\" height=\"197\" srcset=\"https:\/\/altisk-mlak.edu.hu\/wp-content\/uploads\/2025\/10\/IMG_20251006_214633-e1759837577862-300x197.jpg 300w, https:\/\/altisk-mlak.edu.hu\/wp-content\/uploads\/2025\/10\/IMG_20251006_214633-e1759837577862-1024x673.jpg 1024w, https:\/\/altisk-mlak.edu.hu\/wp-content\/uploads\/2025\/10\/IMG_20251006_214633-e1759837577862-768x505.jpg 768w, https:\/\/altisk-mlak.edu.hu\/wp-content\/uploads\/2025\/10\/IMG_20251006_214633-e1759837577862-1536x1009.jpg 1536w, https:\/\/altisk-mlak.edu.hu\/wp-content\/uploads\/2025\/10\/IMG_20251006_214633-e1759837577862-2048x1346.jpg 2048w, https:\/\/altisk-mlak.edu.hu\/wp-content\/uploads\/2025\/10\/IMG_20251006_214633-e1759837577862-600x394.jpg 600w\" sizes=\"(max-width: 300px) 100vw, 300px\" \/><\/td>\n<\/tr>\n<\/tbody>\n<\/table>\n<p style=\"text-align: right;\"><em>T\u00f3thn\u00e9 Tak\u00e1cs Hajnalka<\/em><\/p>\n","protected":false},"excerpt":{"rendered":"<p>Ma, okt\u00f3ber 6-\u00e1n nemzeti gy\u00e1sznap van Magyarorsz\u00e1gon. Kicsi m\u0171sorunkkal m\u00e9lt\u00f3k\u00e9ppen eml\u00e9kezt\u00fcnk meg iskol\u00e1nkban az aradi v\u00e9rtan\u00fakr\u00f3l, \u00e9s a t\u00f6bbi \u00e1ldozatr\u00f3l. Sokan v\u00e9r\u00fcket \u00e9s \u00e9let\u00fcket \u00e1ldozt\u00e1k a magyar n\u00e9p szabads\u00e1g\u00e1\u00e9rt az 1848-49-es forradalom<a class=\"moretag\" href=\"https:\/\/altisk-mlak.edu.hu\/index.php\/szabadsag-egyenloseg-testveriseg\/\">Read More&#8230;<\/a><\/p>\n","protected":false},"author":3,"featured_media":0,"comment_status":"closed","ping_status":"closed","sticky":false,"template":"","format":"standard","meta":{"two_page_speed":[],"footnotes":""},"categories":[1],"tags":[],"class_list":["post-3515","post","type-post","status-publish","format-standard","hentry","category-egyeb"],"_links":{"self":[{"href":"https:\/\/altisk-mlak.edu.hu\/index.php\/wp-json\/wp\/v2\/posts\/3515","targetHints":{"allow":["GET"]}}],"collection":[{"href":"https:\/\/altisk-mlak.edu.hu\/index.php\/wp-json\/wp\/v2\/posts"}],"about":[{"href":"https:\/\/altisk-mlak.edu.hu\/index.php\/wp-json\/wp\/v2\/types\/post"}],"author":[{"embeddable":true,"href":"https:\/\/altisk-mlak.edu.hu\/index.php\/wp-json\/wp\/v2\/users\/3"}],"replies":[{"embeddable":true,"href":"https:\/\/altisk-mlak.edu.hu\/index.php\/wp-json\/wp\/v2\/comments?post=3515"}],"version-history":[{"count":1,"href":"https:\/\/altisk-mlak.edu.hu\/index.php\/wp-json\/wp\/v2\/posts\/3515\/revisions"}],"predecessor-version":[{"id":3519,"href":"https:\/\/altisk-mlak.edu.hu\/index.php\/wp-json\/wp\/v2\/posts\/3515\/revisions\/3519"}],"wp:attachment":[{"href":"https:\/\/altisk-mlak.edu.hu\/index.php\/wp-json\/wp\/v2\/media?parent=3515"}],"wp:term":[{"taxonomy":"category","embeddable":true,"href":"https:\/\/altisk-mlak.edu.hu\/index.php\/wp-json\/wp\/v2\/categories?post=3515"},{"taxonomy":"post_tag","embeddable":true,"href":"https:\/\/altisk-mlak.edu.hu\/index.php\/wp-json\/wp\/v2\/tags?post=3515"}],"curies":[{"name":"wp","href":"https:\/\/api.w.org\/{rel}","templated":true}]}}