{"id":3546,"date":"2025-10-13T06:43:01","date_gmt":"2025-10-13T06:43:01","guid":{"rendered":"https:\/\/altisk-mlak.edu.hu\/?p=3546"},"modified":"2025-10-15T10:00:25","modified_gmt":"2025-10-15T10:00:25","slug":"szent-erzsebet-unnepe-a-sziv-forradalmanak-uzenetevel","status":"publish","type":"post","link":"https:\/\/altisk-mlak.edu.hu\/index.php\/szent-erzsebet-unnepe-a-sziv-forradalmanak-uzenetevel\/","title":{"rendered":"Szent Erzs\u00e9bet \u00fcnnepe \u2013 a sz\u00edv forradalm\u00e1nak \u00fczenet\u00e9vel"},"content":{"rendered":"<p><img fetchpriority=\"high\" decoding=\"async\" class=\"aligncenter size-large wp-image-3547\" src=\"https:\/\/altisk-mlak.edu.hu\/wp-content\/uploads\/2025\/10\/karitasz-1024x576.jpeg\" alt=\"\" width=\"604\" height=\"340\" srcset=\"https:\/\/altisk-mlak.edu.hu\/wp-content\/uploads\/2025\/10\/karitasz-1024x576.jpeg 1024w, https:\/\/altisk-mlak.edu.hu\/wp-content\/uploads\/2025\/10\/karitasz-300x169.jpeg 300w, https:\/\/altisk-mlak.edu.hu\/wp-content\/uploads\/2025\/10\/karitasz-768x432.jpeg 768w, https:\/\/altisk-mlak.edu.hu\/wp-content\/uploads\/2025\/10\/karitasz-1536x864.jpeg 1536w, https:\/\/altisk-mlak.edu.hu\/wp-content\/uploads\/2025\/10\/karitasz-1600x900.jpeg 1600w, https:\/\/altisk-mlak.edu.hu\/wp-content\/uploads\/2025\/10\/karitasz-600x338.jpeg 600w, https:\/\/altisk-mlak.edu.hu\/wp-content\/uploads\/2025\/10\/karitasz.jpeg 2048w\" sizes=\"(max-width: 604px) 100vw, 604px\" \/><\/p>\n<p align=\"justify\">Okt\u00f3ber 11-\u00e9n, szombaton a Karit\u00e1sz csal\u00e1d tagjai \u00e9s t\u00e1mogat\u00f3ik k\u00f6z\u00f6sen \u00fcnnepelt\u00e9k Szent Erzs\u00e9bet napj\u00e1t Szombathelyen. Az idei \u00e9vben a megszokott hagyom\u00e1nyokt\u00f3l kiss\u00e9 elt\u00e9r\u0151en, de ugyanazzal a szeretettel \u00e9s k\u00f6z\u00f6ss\u00e9gi lelk\u00fclettel gy\u0171lt\u00fcnk \u00f6ssze, hogy egy\u00fctt adjunk h\u00e1l\u00e1t \u00e9s er\u0151s\u00f6dj\u00fcnk a szolg\u00e1l\u00f3 szeretetben.<\/p>\n<p align=\"justify\">A nap els\u0151 esem\u00e9nyek\u00e9nt 11.30 \u00f3rakor ker\u00fclt sor a Gy\u0151rv\u00e1ri Edith Csal\u00e1dseg\u00edt\u0151 K\u00f6zpont (Szombathely, Holl\u00e1n Ern\u0151 u. 14.) \u00fajonnan kialak\u00edtott helyis\u00e9geinek meg\u00e1ld\u00e1s\u00e1ra. Az \u00fcnnep\u00e9lyes alkalmon a Karit\u00e1sz munkat\u00e1rsai \u00e9s \u00f6nk\u00e9ntesei vettek r\u00e9szt, akik nap mint nap a r\u00e1szorul\u00f3k\u00e9rt, a neh\u00e9z helyzetben \u00e9l\u0151k\u00e9rt dolgoznak. A meg\u00e1ld\u00e1s im\u00e1ds\u00e1gos l\u00e9gk\u00f6rben zajlott, \u00e9s minden jelenl\u00e9v\u0151 sz\u00e1m\u00e1ra meger\u0151s\u00edt\u00e9st jelentett abban, hogy a seg\u00edt\u0151 munka nem csup\u00e1n hivat\u00e1s, hanem krisztusi k\u00fcldet\u00e9s is.<\/p>\n<p align=\"justify\">Ezt k\u00f6vet\u0151en Fekete Szabolcs Benedek p\u00fcsp\u00f6k \u00far mutatott be \u00fcnnepi szentmis\u00e9t a Sarl\u00f3s Boldogasszony-sz\u00e9kesegyh\u00e1zban. Hom\u00edli\u00e1j\u00e1ban a \u201esz\u00edv forradalm\u00e1r\u00f3l\u201d besz\u00e9lt, arr\u00f3l a bens\u0151 \u00e1talakul\u00e1sr\u00f3l, amelynek nyom\u00e1n a szeretet, az irgalom \u00e9s az egy\u00fctt\u00e9rz\u00e9s form\u00e1lja \u00e1t az emberi \u00e9letet. P\u00fcsp\u00f6k atya r\u00e1mutatott: ahogyan Szent Erzs\u00e9bet \u00e1tl\u00e9pte a palota falait, hogy a szeg\u00e9nyek \u00e9s betegek k\u00f6z\u00f6tt szolg\u00e1ljon, \u00fagy nek\u00fcnk is meg kell tanulnunk kil\u00e9pni saj\u00e1t k\u00e9nyelm\u00fcnk, megszok\u00e1saink, vagy ak\u00e1r k\u00f6z\u00f6ny\u00fcnk \u00e9s rohan\u00f3 \u00e9let\u00fcnk falai k\u00f6z\u00fcl. Csak \u00edgy v\u00e1lhat a sz\u00edv forradalma val\u00f3di, krisztusi cselekv\u00e9ss\u00e9 a vil\u00e1gban. A szentmis\u00e9n a Szent Antal Karit\u00e1szcsoport, valamint a Magyarlak\u2013Cs\u00f6r\u00f6tnek \u00c1ltal\u00e1nos Iskola Caritas Junior csoportja is k\u00e9pviseltette mag\u00e1t, jelezve, hogy a szolg\u00e1l\u00f3 szeretet \u00f6r\u00f6me \u00e9s felel\u0151ss\u00e9ge koroszt\u00e1lyt\u00f3l f\u00fcggetlen\u00fcl \u00f6sszekapcsolja a k\u00f6z\u00f6ss\u00e9get. A szentmis\u00e9t k\u00f6vet\u0151en sor ker\u00fclt a d\u00edjazottak \u00e9s kiemelt t\u00e1mogat\u00f3k k\u00f6sz\u00f6nt\u00e9s\u00e9re, akik szolg\u00e1latukkal \u00e9s h\u0171s\u00e9ges t\u00e1mogat\u00e1sukkal \u00e9vr\u0151l \u00e9vre er\u0151s\u00edtik a Karit\u00e1sz k\u00f6z\u00f6ss\u00e9g\u00e9t \u00e9s k\u00fcldet\u00e9s\u00e9t. A nap m\u00e9lt\u00f3 z\u00e1r\u00e1sak\u00e9nt k\u00f6vetkezett az \u00fcnnep\u00e9lyes fogadalomt\u00e9tel, ami sor\u00e1n a Karit\u00e1sz \u00f6nk\u00e9ntesei \u00e9s munkat\u00e1rsai meg\u00faj\u00edtott\u00e1k elk\u00f6telez\u0151d\u00e9s\u00fcket a szolg\u00e1l\u00f3 szeretet mellett. Im\u00e1ds\u00e1gos csendben, k\u00f6z\u00f6sen mondt\u00e1k ki: k\u00e9szek tov\u00e1bbra is Krisztus sz\u00edv\u00e9nek szeretet\u00e9b\u0151l mer\u00edteni, \u00e9s azt a mindennapokban tov\u00e1bbadni a r\u00e1szorul\u00f3knak, a mag\u00e1nyosoknak, a szenved\u0151knek.<\/p>\n<p align=\"justify\">Az \u00fcnnepi nap k\u00f6z\u00f6s eb\u00e9ddel folytat\u00f3dott az Egyh\u00e1zmegyei Koll\u00e9gium \u00e9p\u00fclet\u00e9ben, ahol a r\u00e9sztvev\u0151k szeretetteljes, csal\u00e1dias l\u00e9gk\u00f6rben oszthatt\u00e1k meg tapasztalataikat \u00e9s \u00f6r\u00f6meiket. A tal\u00e1lkoz\u00e1s j\u00f3 alkalmat adott arra, hogy h\u00e1l\u00e1t adjunk az elm\u00falt \u00e9v szolg\u00e1lat\u00e1\u00e9rt, \u00e9s \u00faj lend\u00fcletet mer\u00edts\u00fcnk a j\u00f6v\u0151 feladataihoz.<\/p>\n<p align=\"justify\">Szent Erzs\u00e9bet p\u00e9ld\u00e1ja \u00e9s p\u00fcsp\u00f6k atya \u00fczenete egyar\u00e1nt meger\u0151s\u00edtett benn\u00fcnket abban, hogy az igazi v\u00e1ltoz\u00e1s a sz\u00edvek forradalm\u00e1ban sz\u00fcletik meg, ott, ahol Isten szeretete csendben \u00e1tform\u00e1lja az embert. A Karit\u00e1sz nem divat, hanem d\u00f6nt\u00e9s; nem pompa \u00e9s t\u0171zij\u00e1t\u00e9k, hanem f\u00e9ny, amely kitart \u00e9s utat mutat. H\u00edv\u00e1s, hogy mi is a sz\u00edv\u00fcnkb\u0151l osszunk sz\u00e9t r\u00f3zsaszirmokat, ahogyan Erzs\u00e9bet tette. Szeretetb\u0151l, \u00f6nzetlen\u00fcl, \u00e9szrev\u00e9tlen\u00fcl, de \u00fagy, hogy nyom\u00e1ban mindig rem\u00e9ny \u00e9s \u00f6r\u00f6m fakadjon.<\/p>\n<p style=\"text-align: right;\" align=\"justify\"><i>Mezein\u00e9 Kiss Katalin<\/i><\/p>\n","protected":false},"excerpt":{"rendered":"<p>Okt\u00f3ber 11-\u00e9n, szombaton a Karit\u00e1sz csal\u00e1d tagjai \u00e9s t\u00e1mogat\u00f3ik k\u00f6z\u00f6sen \u00fcnnepelt\u00e9k Szent Erzs\u00e9bet napj\u00e1t Szombathelyen. Az idei \u00e9vben a megszokott hagyom\u00e1nyokt\u00f3l kiss\u00e9 elt\u00e9r\u0151en, de ugyanazzal a szeretettel \u00e9s k\u00f6z\u00f6ss\u00e9gi lelk\u00fclettel gy\u0171lt\u00fcnk \u00f6ssze,<a class=\"moretag\" href=\"https:\/\/altisk-mlak.edu.hu\/index.php\/szent-erzsebet-unnepe-a-sziv-forradalmanak-uzenetevel\/\">Read More&#8230;<\/a><\/p>\n","protected":false},"author":3,"featured_media":0,"comment_status":"closed","ping_status":"closed","sticky":false,"template":"","format":"standard","meta":{"two_page_speed":[],"footnotes":""},"categories":[1],"tags":[],"class_list":["post-3546","post","type-post","status-publish","format-standard","hentry","category-egyeb"],"_links":{"self":[{"href":"https:\/\/altisk-mlak.edu.hu\/index.php\/wp-json\/wp\/v2\/posts\/3546","targetHints":{"allow":["GET"]}}],"collection":[{"href":"https:\/\/altisk-mlak.edu.hu\/index.php\/wp-json\/wp\/v2\/posts"}],"about":[{"href":"https:\/\/altisk-mlak.edu.hu\/index.php\/wp-json\/wp\/v2\/types\/post"}],"author":[{"embeddable":true,"href":"https:\/\/altisk-mlak.edu.hu\/index.php\/wp-json\/wp\/v2\/users\/3"}],"replies":[{"embeddable":true,"href":"https:\/\/altisk-mlak.edu.hu\/index.php\/wp-json\/wp\/v2\/comments?post=3546"}],"version-history":[{"count":1,"href":"https:\/\/altisk-mlak.edu.hu\/index.php\/wp-json\/wp\/v2\/posts\/3546\/revisions"}],"predecessor-version":[{"id":3548,"href":"https:\/\/altisk-mlak.edu.hu\/index.php\/wp-json\/wp\/v2\/posts\/3546\/revisions\/3548"}],"wp:attachment":[{"href":"https:\/\/altisk-mlak.edu.hu\/index.php\/wp-json\/wp\/v2\/media?parent=3546"}],"wp:term":[{"taxonomy":"category","embeddable":true,"href":"https:\/\/altisk-mlak.edu.hu\/index.php\/wp-json\/wp\/v2\/categories?post=3546"},{"taxonomy":"post_tag","embeddable":true,"href":"https:\/\/altisk-mlak.edu.hu\/index.php\/wp-json\/wp\/v2\/tags?post=3546"}],"curies":[{"name":"wp","href":"https:\/\/api.w.org\/{rel}","templated":true}]}}