{"id":3569,"date":"2025-10-22T07:52:26","date_gmt":"2025-10-22T07:52:26","guid":{"rendered":"https:\/\/altisk-mlak.edu.hu\/?p=3569"},"modified":"2025-10-24T20:53:32","modified_gmt":"2025-10-24T20:53:32","slug":"iskolank-csapata-az-orszagos-dontoben-2","status":"publish","type":"post","link":"https:\/\/altisk-mlak.edu.hu\/index.php\/iskolank-csapata-az-orszagos-dontoben-2\/","title":{"rendered":"Iskol\u00e1nk csapata az orsz\u00e1gos d\u00f6nt\u0151ben"},"content":{"rendered":"<p align=\"justify\">Az Energia\u00fcgyi Miniszt\u00e9rium orsz\u00e1gos versenyt hirdetett a BISEL program keret\u00e9ben \u201eV\u00edzi \u00e9letk\u00f6z\u00f6ss\u00e9gek\u201d c\u00edmmel \u00e1ltal\u00e1nos \u00e9s k\u00f6z\u00e9piskol\u00e1k 7-12. \u00e9vfolyamos tanul\u00f3i sz\u00e1m\u00e1ra k\u00e9t korcsoportban (7-9. \u00e9s 10-12. \u00e9vfolyam). A verseny c\u00e9lja a v\u00edzfoly\u00e1sok vizsg\u00e1lata, \u00e1llapot\u00e1nak BISEL m\u00f3dszerrel t\u00f6rt\u00e9n\u0151 min\u0151s\u00edt\u00e9se, \u00e9l\u0151vil\u00e1guk megismer\u00e9se, a v\u00edzfoly\u00e1sokat vesz\u00e9lyeztet\u0151 t\u00e9nyez\u0151k megfigyel\u00e9se.<\/p>\n<p align=\"justify\"><img fetchpriority=\"high\" decoding=\"async\" class=\"alignleft wp-image-3570 size-medium\" src=\"https:\/\/altisk-mlak.edu.hu\/wp-content\/uploads\/2025\/10\/BISEL-1-300x218.jpg\" alt=\"\" width=\"300\" height=\"218\" srcset=\"https:\/\/altisk-mlak.edu.hu\/wp-content\/uploads\/2025\/10\/BISEL-1-300x218.jpg 300w, https:\/\/altisk-mlak.edu.hu\/wp-content\/uploads\/2025\/10\/BISEL-1-1024x745.jpg 1024w, https:\/\/altisk-mlak.edu.hu\/wp-content\/uploads\/2025\/10\/BISEL-1-768x559.jpg 768w, https:\/\/altisk-mlak.edu.hu\/wp-content\/uploads\/2025\/10\/BISEL-1-600x437.jpg 600w, https:\/\/altisk-mlak.edu.hu\/wp-content\/uploads\/2025\/10\/BISEL-1.jpg 1220w\" sizes=\"(max-width: 300px) 100vw, 300px\" \/>7. oszt\u00e1lyos tanul\u00f3ink: Deli Aida Anna, Horv\u00e1th Lilla, Kakas Kriszti\u00e1n Armand\u00f3, Balogh M\u00e1t\u00e9 term\u00e9szettudom\u00e1ny-\u00f3r\u00e1n a R\u00e1ba foly\u00f3 \u00e9s a Szala-patak t\u00f6bb szakasz\u00e1n mint\u00e1t vettek, terepi v\u00edzvizsg\u00e1latot v\u00e9geztek, fot\u00f3dokument\u00e1ci\u00f3t k\u00e9sz\u00edtettek, a fizikai \u00e9s k\u00e9miai jellemz\u0151ket szab\u00e1lyos jegyz\u0151k\u00f6nyvbe vezett\u00e9k.<\/p>\n<p align=\"justify\"><img decoding=\"async\" class=\"alignright size-medium wp-image-3571\" src=\"https:\/\/altisk-mlak.edu.hu\/wp-content\/uploads\/2025\/10\/BISEL-3-300x225.jpg\" alt=\"\" width=\"300\" height=\"225\" srcset=\"https:\/\/altisk-mlak.edu.hu\/wp-content\/uploads\/2025\/10\/BISEL-3-300x225.jpg 300w, https:\/\/altisk-mlak.edu.hu\/wp-content\/uploads\/2025\/10\/BISEL-3-1024x768.jpg 1024w, https:\/\/altisk-mlak.edu.hu\/wp-content\/uploads\/2025\/10\/BISEL-3-768x576.jpg 768w, https:\/\/altisk-mlak.edu.hu\/wp-content\/uploads\/2025\/10\/BISEL-3-1536x1152.jpg 1536w, https:\/\/altisk-mlak.edu.hu\/wp-content\/uploads\/2025\/10\/BISEL-3-600x450.jpg 600w, https:\/\/altisk-mlak.edu.hu\/wp-content\/uploads\/2025\/10\/BISEL-3.jpg 2048w\" sizes=\"(max-width: 300px) 100vw, 300px\" \/>Az \u0150rbisel 2025 csapat a makrogerincteleneken t\u00fal a v\u00edzfoly\u00e1sok k\u00f6rnyezet\u00e9nek n\u00f6v\u00e9ny- \u00e9s \u00e1llatvil\u00e1g\u00e1t is szem\u00fcgyre vette, \u00e9s megvizsg\u00e1lta az egyes fajok v\u00edzhez val\u00f3 kapcsol\u00f3d\u00e1s\u00e1t, azok fejl\u0151d\u00e9s\u00e9t, \u00e9letciklus\u00e1t.<\/p>\n<p align=\"justify\">\n<p align=\"justify\"><img decoding=\"async\" class=\"alignleft size-medium wp-image-3572\" src=\"https:\/\/altisk-mlak.edu.hu\/wp-content\/uploads\/2025\/10\/BISEL-4-300x225.jpg\" alt=\"\" width=\"300\" height=\"225\" srcset=\"https:\/\/altisk-mlak.edu.hu\/wp-content\/uploads\/2025\/10\/BISEL-4-300x225.jpg 300w, https:\/\/altisk-mlak.edu.hu\/wp-content\/uploads\/2025\/10\/BISEL-4-1024x768.jpg 1024w, https:\/\/altisk-mlak.edu.hu\/wp-content\/uploads\/2025\/10\/BISEL-4-768x576.jpg 768w, https:\/\/altisk-mlak.edu.hu\/wp-content\/uploads\/2025\/10\/BISEL-4-1536x1152.jpg 1536w, https:\/\/altisk-mlak.edu.hu\/wp-content\/uploads\/2025\/10\/BISEL-4-600x450.jpg 600w, https:\/\/altisk-mlak.edu.hu\/wp-content\/uploads\/2025\/10\/BISEL-4.jpg 2048w\" sizes=\"(max-width: 300px) 100vw, 300px\" \/>A terepi vizsg\u00e1lati eredm\u00e9nyeket fel is t\u00f6lt\u00f6tt\u00e9k az orsz\u00e1gos informatikai rendszerbe. A gyakorlati feladatot egy, minden r\u00e9szletre kiterjed\u0151, v\u00e1ltozatos feladatokat tartalmaz\u00f3 elm\u00e9leti feladatsor megold\u00e1sa k\u00f6vette, ami neh\u00e9zs\u00e9ge miatt alaposan megdolgoztatta a tanul\u00f3kat. Az \u0151szi sz\u00fcnet el\u0151tti napon \u00e9rkezett a hivatalos \u00e9rtes\u00edt\u00e9s az Energia\u00fcgyi Miniszt\u00e9riumb\u00f3l, hogy iskol\u00e1nk csapata d\u00edjaz\u00e1sban r\u00e9szes\u00fclt, \u00e9s megh\u00edv\u00e1st kaptunk az \u00fcnnep\u00e9lyes d\u00edj\u00e1tad\u00f3ra, mely november 18-\u00e1n, kedden lesz a Nemzetgazdas\u00e1gi Miniszt\u00e9rium P\u00e9nzt\u00e1rterm\u00e9ben. Izgatottan k\u00e9sz\u00fcl\u00fcnk a nagy napra, mert a gyermekek m\u00e9g sosem j\u00e1rtak ilyen neves helyen, \u00e9s k\u00edv\u00e1ncsiak vagyunk, hogy h\u00e1nyadik helyez\u00e9st \u00e9rt\u00fck el az 52 (!) csapat k\u00f6z\u00fcl. Az eredm\u00e9nyr\u0151l a k\u00e9s\u0151bbiekben tud\u00f3s\u00edtunk.<\/p>\n<p style=\"text-align: right;\" align=\"justify\"><em>Mezein\u00e9 Kiss Katalin<\/em><\/p>\n","protected":false},"excerpt":{"rendered":"<p>Az Energia\u00fcgyi Miniszt\u00e9rium orsz\u00e1gos versenyt hirdetett a BISEL program keret\u00e9ben \u201eV\u00edzi \u00e9letk\u00f6z\u00f6ss\u00e9gek\u201d c\u00edmmel \u00e1ltal\u00e1nos \u00e9s k\u00f6z\u00e9piskol\u00e1k 7-12. \u00e9vfolyamos tanul\u00f3i sz\u00e1m\u00e1ra k\u00e9t korcsoportban (7-9. \u00e9s 10-12. \u00e9vfolyam). A verseny c\u00e9lja a v\u00edzfoly\u00e1sok vizsg\u00e1lata,<a class=\"moretag\" href=\"https:\/\/altisk-mlak.edu.hu\/index.php\/iskolank-csapata-az-orszagos-dontoben-2\/\">Read More&#8230;<\/a><\/p>\n","protected":false},"author":3,"featured_media":0,"comment_status":"closed","ping_status":"closed","sticky":false,"template":"","format":"standard","meta":{"two_page_speed":[],"footnotes":""},"categories":[1],"tags":[],"class_list":["post-3569","post","type-post","status-publish","format-standard","hentry","category-egyeb"],"_links":{"self":[{"href":"https:\/\/altisk-mlak.edu.hu\/index.php\/wp-json\/wp\/v2\/posts\/3569","targetHints":{"allow":["GET"]}}],"collection":[{"href":"https:\/\/altisk-mlak.edu.hu\/index.php\/wp-json\/wp\/v2\/posts"}],"about":[{"href":"https:\/\/altisk-mlak.edu.hu\/index.php\/wp-json\/wp\/v2\/types\/post"}],"author":[{"embeddable":true,"href":"https:\/\/altisk-mlak.edu.hu\/index.php\/wp-json\/wp\/v2\/users\/3"}],"replies":[{"embeddable":true,"href":"https:\/\/altisk-mlak.edu.hu\/index.php\/wp-json\/wp\/v2\/comments?post=3569"}],"version-history":[{"count":1,"href":"https:\/\/altisk-mlak.edu.hu\/index.php\/wp-json\/wp\/v2\/posts\/3569\/revisions"}],"predecessor-version":[{"id":3573,"href":"https:\/\/altisk-mlak.edu.hu\/index.php\/wp-json\/wp\/v2\/posts\/3569\/revisions\/3573"}],"wp:attachment":[{"href":"https:\/\/altisk-mlak.edu.hu\/index.php\/wp-json\/wp\/v2\/media?parent=3569"}],"wp:term":[{"taxonomy":"category","embeddable":true,"href":"https:\/\/altisk-mlak.edu.hu\/index.php\/wp-json\/wp\/v2\/categories?post=3569"},{"taxonomy":"post_tag","embeddable":true,"href":"https:\/\/altisk-mlak.edu.hu\/index.php\/wp-json\/wp\/v2\/tags?post=3569"}],"curies":[{"name":"wp","href":"https:\/\/api.w.org\/{rel}","templated":true}]}}