{"id":3574,"date":"2025-10-24T21:06:47","date_gmt":"2025-10-24T21:06:47","guid":{"rendered":"https:\/\/altisk-mlak.edu.hu\/?p=3574"},"modified":"2025-11-03T07:23:40","modified_gmt":"2025-11-03T07:23:40","slug":"emlekezes-1956-hoseire","status":"publish","type":"post","link":"https:\/\/altisk-mlak.edu.hu\/index.php\/emlekezes-1956-hoseire\/","title":{"rendered":"Eml\u00e9kez\u00e9s 1956 h\u0151seire"},"content":{"rendered":"<p>&nbsp;<\/p>\n<table style=\"border-collapse: collapse; width: 100%;\">\n<tbody>\n<tr>\n<td style=\"width: 33.3333%;\"><img fetchpriority=\"high\" decoding=\"async\" class=\"wp-image-3579 size-large aligncenter\" src=\"https:\/\/altisk-mlak.edu.hu\/wp-content\/uploads\/2025\/10\/56-1-scaled-e1761339743728-1024x770.jpg\" alt=\"\" width=\"604\" height=\"454\" srcset=\"https:\/\/altisk-mlak.edu.hu\/wp-content\/uploads\/2025\/10\/56-1-scaled-e1761339743728-1024x770.jpg 1024w, https:\/\/altisk-mlak.edu.hu\/wp-content\/uploads\/2025\/10\/56-1-scaled-e1761339743728-300x225.jpg 300w, https:\/\/altisk-mlak.edu.hu\/wp-content\/uploads\/2025\/10\/56-1-scaled-e1761339743728-768x577.jpg 768w, https:\/\/altisk-mlak.edu.hu\/wp-content\/uploads\/2025\/10\/56-1-scaled-e1761339743728-1536x1154.jpg 1536w, https:\/\/altisk-mlak.edu.hu\/wp-content\/uploads\/2025\/10\/56-1-scaled-e1761339743728-2048x1539.jpg 2048w, https:\/\/altisk-mlak.edu.hu\/wp-content\/uploads\/2025\/10\/56-1-scaled-e1761339743728-600x451.jpg 600w\" sizes=\"(max-width: 604px) 100vw, 604px\" \/><\/td>\n<td style=\"width: 33.3333%;\"><img decoding=\"async\" class=\"size-medium wp-image-3578 aligncenter\" src=\"https:\/\/altisk-mlak.edu.hu\/wp-content\/uploads\/2025\/10\/56-3-225x300.jpg\" alt=\"\" width=\"225\" height=\"300\" srcset=\"https:\/\/altisk-mlak.edu.hu\/wp-content\/uploads\/2025\/10\/56-3-225x300.jpg 225w, https:\/\/altisk-mlak.edu.hu\/wp-content\/uploads\/2025\/10\/56-3-768x1024.jpg 768w, https:\/\/altisk-mlak.edu.hu\/wp-content\/uploads\/2025\/10\/56-3-1152x1536.jpg 1152w, https:\/\/altisk-mlak.edu.hu\/wp-content\/uploads\/2025\/10\/56-3-1536x2048.jpg 1536w, https:\/\/altisk-mlak.edu.hu\/wp-content\/uploads\/2025\/10\/56-3-450x600.jpg 450w, https:\/\/altisk-mlak.edu.hu\/wp-content\/uploads\/2025\/10\/56-3-scaled.jpg 1920w\" sizes=\"(max-width: 225px) 100vw, 225px\" \/><\/td>\n<td style=\"width: 33.3333%;\"><img decoding=\"async\" class=\"wp-image-3577 size-large aligncenter\" src=\"https:\/\/altisk-mlak.edu.hu\/wp-content\/uploads\/2025\/10\/56-4-1024x769.jpg\" alt=\"\" width=\"604\" height=\"454\" srcset=\"https:\/\/altisk-mlak.edu.hu\/wp-content\/uploads\/2025\/10\/56-4-1024x769.jpg 1024w, https:\/\/altisk-mlak.edu.hu\/wp-content\/uploads\/2025\/10\/56-4-300x225.jpg 300w, https:\/\/altisk-mlak.edu.hu\/wp-content\/uploads\/2025\/10\/56-4-768x577.jpg 768w, https:\/\/altisk-mlak.edu.hu\/wp-content\/uploads\/2025\/10\/56-4-1536x1154.jpg 1536w, https:\/\/altisk-mlak.edu.hu\/wp-content\/uploads\/2025\/10\/56-4-2048x1538.jpg 2048w, https:\/\/altisk-mlak.edu.hu\/wp-content\/uploads\/2025\/10\/56-4-600x451.jpg 600w\" sizes=\"(max-width: 604px) 100vw, 604px\" \/><\/td>\n<\/tr>\n<\/tbody>\n<\/table>\n<p>Iskol\u00e1nk irodalmi szakk\u00f6re \u00e9s \u00e9nekkara a mai napon m\u00e9lt\u00f3 megeml\u00e9kez\u00e9st tartott a cs\u00f6r\u00f6tneki k\u00f6rforgalomn\u00e1l tal\u00e1lhat\u00f3 eml\u00e9km\u0171n\u00e9l. B\u00e1r az id\u0151j\u00e1r\u00e1s nem t\u00fckr\u00f6zte az 1956. okt\u00f3ber 23-i nap komor hangulat\u00e1t, a di\u00e1kok el\u0151ad\u00e1sa azonban h\u0171en felid\u00e9zte a forradalom \u00e9s szabads\u00e1gharc esem\u00e9nyeit \u00e9s \u00fczenet\u00e9t. Az \u00fcnnepi m\u0171sor r\u00e9szek\u00e9nt az \u00e9nekkar M\u00e1t\u00e9 P\u00e9ter: Haz\u00e1m c\u00edm\u0171 meghat\u00f3 szerzem\u00e9ny\u00e9t adta el\u0151, amely m\u00e9ly \u00e9rzelmekkel t\u00f6lt\u00f6tte meg a megeml\u00e9kez\u00e9s pillanatait. Az esem\u00e9ny v\u00e9g\u00e9n koszor\u00fat helyezt\u00fcnk el a h\u0151s\u00f6k eml\u00e9km\u0171v\u00e9n\u00e9l, tisztelet\u00fcnk \u00e9s h\u00e1l\u00e1nk jelek\u00e9nt azok ir\u00e1nt, akik \u00e9let\u00fcket \u00e1ldozt\u00e1k a szabads\u00e1g\u00e9rt.<\/p>\n<table style=\"border-collapse: collapse; width: 100%;\">\n<tbody>\n<tr>\n<td style=\"width: 50%;\"><img decoding=\"async\" class=\"size-medium wp-image-3578 aligncenter\" src=\"https:\/\/altisk-mlak.edu.hu\/wp-content\/uploads\/2025\/10\/56-3-225x300.jpg\" alt=\"\" width=\"225\" height=\"300\" srcset=\"https:\/\/altisk-mlak.edu.hu\/wp-content\/uploads\/2025\/10\/56-3-225x300.jpg 225w, https:\/\/altisk-mlak.edu.hu\/wp-content\/uploads\/2025\/10\/56-3-768x1024.jpg 768w, https:\/\/altisk-mlak.edu.hu\/wp-content\/uploads\/2025\/10\/56-3-1152x1536.jpg 1152w, https:\/\/altisk-mlak.edu.hu\/wp-content\/uploads\/2025\/10\/56-3-1536x2048.jpg 1536w, https:\/\/altisk-mlak.edu.hu\/wp-content\/uploads\/2025\/10\/56-3-450x600.jpg 450w, https:\/\/altisk-mlak.edu.hu\/wp-content\/uploads\/2025\/10\/56-3-scaled.jpg 1920w\" sizes=\"(max-width: 225px) 100vw, 225px\" \/><\/td>\n<td style=\"width: 50%;\"><img loading=\"lazy\" decoding=\"async\" class=\"wp-image-3576 size-medium aligncenter\" src=\"https:\/\/altisk-mlak.edu.hu\/wp-content\/uploads\/2025\/10\/56-5-scaled-e1761339993939-245x300.jpg\" alt=\"\" width=\"245\" height=\"300\" srcset=\"https:\/\/altisk-mlak.edu.hu\/wp-content\/uploads\/2025\/10\/56-5-scaled-e1761339993939-245x300.jpg 245w, https:\/\/altisk-mlak.edu.hu\/wp-content\/uploads\/2025\/10\/56-5-scaled-e1761339993939-835x1024.jpg 835w, https:\/\/altisk-mlak.edu.hu\/wp-content\/uploads\/2025\/10\/56-5-scaled-e1761339993939-768x942.jpg 768w, https:\/\/altisk-mlak.edu.hu\/wp-content\/uploads\/2025\/10\/56-5-scaled-e1761339993939-1253x1536.jpg 1253w, https:\/\/altisk-mlak.edu.hu\/wp-content\/uploads\/2025\/10\/56-5-scaled-e1761339993939-489x600.jpg 489w, https:\/\/altisk-mlak.edu.hu\/wp-content\/uploads\/2025\/10\/56-5-scaled-e1761339993939.jpg 1566w\" sizes=\"(max-width: 245px) 100vw, 245px\" \/><\/td>\n<\/tr>\n<\/tbody>\n<\/table>\n<p>A megeml\u00e9kez\u00e9s zavartalan \u00e9s biztons\u00e1gos lebonyol\u00edt\u00e1s\u00e1t a Cs\u00f6r\u00f6tneki Polg\u00e1r\u0151rs\u00e9g seg\u00edtette, akinek \u00f6nk\u00e9ntese gondoskodott az eml\u00e9kez\u0151k biztons\u00e1gos k\u00f6zleked\u00e9s\u00e9r\u0151l. Ez\u00faton is k\u00f6sz\u00f6nj\u00fck az egy\u00fcttm\u0171k\u00f6d\u00e9st \u00e9s t\u00e1mogat\u00e1st!<\/p>\n<p style=\"text-align: right;\"><em>Deutsch Szilvia<\/em><\/p>\n","protected":false},"excerpt":{"rendered":"<p>&nbsp; Iskol\u00e1nk irodalmi szakk\u00f6re \u00e9s \u00e9nekkara a mai napon m\u00e9lt\u00f3 megeml\u00e9kez\u00e9st tartott a cs\u00f6r\u00f6tneki k\u00f6rforgalomn\u00e1l tal\u00e1lhat\u00f3 eml\u00e9km\u0171n\u00e9l. B\u00e1r az id\u0151j\u00e1r\u00e1s nem t\u00fckr\u00f6zte az 1956. okt\u00f3ber 23-i nap komor hangulat\u00e1t, a di\u00e1kok el\u0151ad\u00e1sa<a class=\"moretag\" href=\"https:\/\/altisk-mlak.edu.hu\/index.php\/emlekezes-1956-hoseire\/\">Read More&#8230;<\/a><\/p>\n","protected":false},"author":3,"featured_media":0,"comment_status":"closed","ping_status":"closed","sticky":false,"template":"","format":"standard","meta":{"two_page_speed":[],"footnotes":""},"categories":[1],"tags":[],"class_list":["post-3574","post","type-post","status-publish","format-standard","hentry","category-egyeb"],"_links":{"self":[{"href":"https:\/\/altisk-mlak.edu.hu\/index.php\/wp-json\/wp\/v2\/posts\/3574","targetHints":{"allow":["GET"]}}],"collection":[{"href":"https:\/\/altisk-mlak.edu.hu\/index.php\/wp-json\/wp\/v2\/posts"}],"about":[{"href":"https:\/\/altisk-mlak.edu.hu\/index.php\/wp-json\/wp\/v2\/types\/post"}],"author":[{"embeddable":true,"href":"https:\/\/altisk-mlak.edu.hu\/index.php\/wp-json\/wp\/v2\/users\/3"}],"replies":[{"embeddable":true,"href":"https:\/\/altisk-mlak.edu.hu\/index.php\/wp-json\/wp\/v2\/comments?post=3574"}],"version-history":[{"count":3,"href":"https:\/\/altisk-mlak.edu.hu\/index.php\/wp-json\/wp\/v2\/posts\/3574\/revisions"}],"predecessor-version":[{"id":3582,"href":"https:\/\/altisk-mlak.edu.hu\/index.php\/wp-json\/wp\/v2\/posts\/3574\/revisions\/3582"}],"wp:attachment":[{"href":"https:\/\/altisk-mlak.edu.hu\/index.php\/wp-json\/wp\/v2\/media?parent=3574"}],"wp:term":[{"taxonomy":"category","embeddable":true,"href":"https:\/\/altisk-mlak.edu.hu\/index.php\/wp-json\/wp\/v2\/categories?post=3574"},{"taxonomy":"post_tag","embeddable":true,"href":"https:\/\/altisk-mlak.edu.hu\/index.php\/wp-json\/wp\/v2\/tags?post=3574"}],"curies":[{"name":"wp","href":"https:\/\/api.w.org\/{rel}","templated":true}]}}